{"id":2449,"date":"2021-02-02T10:00:00","date_gmt":"2021-02-02T15:00:00","guid":{"rendered":"https:\/\/gbta.org\/daily-news-brief-february-2-2021\/"},"modified":"2022-09-30T11:22:03","modified_gmt":"2022-09-30T15:22:03","slug":"daily-news-brief-february-2-2021","status":"publish","type":"post","link":"https:\/\/gbta.org\/fr\/daily-news-brief-february-2-2021\/","title":{"rendered":"Br\u00e8ve quotidienne \u2013 2 f\u00e9vrier 2021"},"content":{"rendered":"<p><em>L&#039;impact financier de la baisse mondiale des voyages devrait \u00eatre 10 fois sup\u00e9rieur \u00e0 la Grande R\u00e9cession et au 11 septembre<\/em><\/p>\n<p>GBTA a publi\u00e9 son RTC annuel<sup>\u2122<\/sup> Outlook, une analyse d\u00e9taill\u00e9e des voyages d&#039;affaires en 2020, avec des projections pour 2021 et au-del\u00e0. Le RTC<sup>\u2122<\/sup> Outlook, maintenant dans sa 12<sup>e<\/sup> ann\u00e9e, est une \u00e9tude exhaustive des d\u00e9penses et de la croissance des voyages d&#039;affaires couvrant 75 pays et 48 secteurs.<\/p>\n<p>Le v\u00e9ritable impact financier mondial du COVID-19 a commenc\u00e9 au deuxi\u00e8me trimestre 2020, entra\u00eenant une baisse attendue de 68% (\u00e0 $738 milliards USD) du 1er avril 2020 \u00e0 la fin de l&#039;ann\u00e9e. En raison du premier trimestre 2020 relativement solide (pr\u00e9-COVID), les d\u00e9penses mondiales en voyages d&#039;affaires devraient afficher une baisse de 52% pour l&#039;ensemble de 2020 (\u00e0 $694 milliards USD), contre $1,4 billion USD en 2019.<\/p>\n<p>Principales conclusions du RTC de la GBTA<sup>\u2122<\/sup> Les perspectives comprennent une analyse des d\u00e9fis de 2020 pour le secteur des voyages d\u2019affaires ainsi qu\u2019une pr\u00e9vision de reprise.<\/p>\n<p><a href=\"https:\/\/gbta.org\/fr\/blog\/business-travel-full-recovery-expected-by-2025\/\">En savoir plus &gt;&gt;<\/a><\/p>\n<p>&nbsp;<\/p>\n<p>Le RTC GBTA<sup>\u2122<\/sup> Outlook a \u00e9t\u00e9 rendu possible par l&#039;entreprise<\/p>\n<p>&nbsp;<\/p>\n<p><em><span class=\"font-13\"><strong>Actualit\u00e9s du covid-19<\/strong><\/span><\/em><\/p>\n<p><a href=\"https:\/\/www.voanews.com\/covid-19-pandemic\/german-pharma-company-bayer-produce-new-covid-vaccine\" target=\"_blank\" rel=\"noopener\">La soci\u00e9t\u00e9 pharmaceutique allemande Bayer va produire un nouveau vaccin contre le COVID <\/a> <em>(VOA)<\/em><\/p>\n<p><a href=\"https:\/\/www.straitstimes.com\/world\/united-states\/johnson-johnsons-one-dose-shot-gives-us-a-chance-to-plug-covid-19-vaccination\" target=\"_blank\" rel=\"noopener\">Le vaccin \u00e0 dose unique de Johnson &amp; Johnson donne aux \u00c9tats-Unis une chance de combler les lacunes en mati\u00e8re de vaccination contre le Covid-19<\/a> <em>(HEURES DES D\u00c9TROITS)<\/em><\/p>\n<p>&nbsp;<\/p>\n<p><span class=\"font-13\"><strong>Pleins feux sur l&#039;industrie<\/strong><\/span><\/p>\n<p><strong>R\u00e9servez la date pour un tout nouvel \u00e9v\u00e9nement virtuel gratuit\u00a0: <\/strong><br \/>\n<strong>Pr\u00eat. S\u00fbr. Voyager. Sommet<\/strong><\/p>\n<p><strong>Mercredi 17 f\u00e9vrier | 10h00 - 13h00 HNE<\/strong><\/p>\n<p>La GBTA est pr\u00eate. S\u00fbr. Voyage. (RST) a \u00e9t\u00e9 lanc\u00e9e en novembre 2020 dans le cadre des efforts de l&#039;Association pour unir l&#039;industrie mondiale du voyage d&#039;affaires et donner une impulsion \u00e0 une reprise compl\u00e8te. Le voyage Ready.Safe. L&#039;objectif du Sommet est d&#039;\u00e9duquer et de pr\u00e9parer nos membres et l&#039;industrie \u00e0 l&#039;\u00e9volution des voyages d&#039;affaires en raison de la pand\u00e9mie actuelle. \u00c0 l\u2019approche de 2021, beaucoup de choses ont chang\u00e9 et continuent d\u2019avoir un impact sur notre industrie.<\/p>\n<p>De nombreux facteurs continuent de d\u00e9fier notre industrie et de cr\u00e9er davantage de questions\u00a0: r\u00e9ponse du gouvernement au COVID, distribution de vaccins, nouvelles variantes, politiques d&#039;entr\u00e9e mondiales et r\u00e8gles de quarantaine, etc. Le sommet RST veillera \u00e0 ce que nous traitions ces probl\u00e8mes pertinents et opportuns et continuions \u00e0 faire avancer notre industrie.<\/p>\n<p><a href=\"https:\/\/gbta.org\/fr\/EventCalendar\/EventRegistrationStep1\/?eventcd=17DL0221\">Inscrivez-vous maintenant &gt;&gt;<\/a><\/p>\n<p>&nbsp;<\/p>\n<p><span class=\"font-13\"><strong>Webinaires de l&#039;industrie<\/strong><\/span><\/p>\n<p><strong>G\u00e9rez-vous des voyageurs europ\u00e9ens ? Ne manquez pas le webinaire de la semaine prochaine\u00a0: <\/strong><br \/>\n<strong>L&#039;ABC de l&#039;enregistrement A1 et les directives sur les travailleurs d\u00e9tach\u00e9s<\/strong><\/p>\n<p><strong>jeudi 11 f\u00e9vrier | 14h00 GMT<\/strong><\/p>\n<p>L&#039;enregistrement A1 pour les voyages d&#039;affaires dans l&#039;UE\/AELE ainsi que les exigences relatives aux travailleurs d\u00e9tach\u00e9s posent des d\u00e9fis aux entreprises, aux employ\u00e9s et aux gestionnaires de voyages.<\/p>\n<p>Il s&#039;agit de lois complexes et de plus en plus appliqu\u00e9es. Rejoignez ce webinaire pour comprendre\u00a0:<\/p>\n<ul>\n<li>Le contexte de A1 \/ les directives sur les travailleurs d\u00e9tach\u00e9s<\/li>\n<li>Qu&#039;est-ce que cela signifie pour les employeurs?<\/li>\n<li>Quels sont les d\u00e9fis ?<\/li>\n<li>Quelles sont les solutions possibles ?<\/li>\n<\/ul>\n<p><a href=\"https:\/\/gbta.org\/fr\/eventcalendar\/EuropeRegistrationStep1\/?EventCD=11DL022101\">Inscrivez-vous maintenant &gt;&gt;<\/a><\/p>\n<p>&nbsp;<\/p>\n<p><strong>\u00c9valuez votre programme de voyage dans un tout nouveau webinaire\u00a0: <\/strong><br \/>\n<strong>Ford ou Ferrari ? Que conduisez-vous dans la course au retour du voyage d&#039;affaires ?<\/strong><\/p>\n<p><em><strong>Mardi 23 f\u00e9vrier | 11h00 \u2013 12h00 HNE<\/strong><\/em><\/p>\n<p>Les d\u00e9penses, la culture et l&#039;industrie sont autant de facteurs qui d\u00e9terminent le v\u00e9hicule le mieux adapt\u00e9 \u00e0 votre organisation. Surtout en ces temps incertains, comment savoir si votre programme a ce qu&#039;il faut pour tenir la distance et amener vos voyageurs et votre entreprise dans le cercle des gagnants\u00a0?<\/p>\n<p>Rejoignez-nous alors que nous explorons ce que les gestionnaires de voyages peuvent faire pour \u00e9valuer, comparer et am\u00e9liorer leurs programmes de voyages et de d\u00e9penses.<\/p>\n<p><a href=\"https:\/\/gbta.org\/fr\/EventCalendar\/EventRegistrationStep1\/?eventcd=23DL0221\">Inscrivez-vous maintenant &gt;&gt;<\/a><\/p>\n<p>&nbsp;<\/p>\n<p><span class=\"font-13\"><strong>Conseil d&#039;emploi<\/strong><\/span><em><span class=\"font-13\"><strong><br \/>\n<\/strong><\/span><\/em><strong>directeur des ventes<br \/>\n<\/strong><strong>Lewisburg, Pennsylvanie<\/strong><\/p>\n<div align=\"left\">\n<p>Le directeur des ventes assurera la direction globale de l&#039;\u00e9quipe des ventes, sera responsable de la sollicitation strat\u00e9gique et du d\u00e9veloppement de nouveaux comptes, du maintien d&#039;excellentes relations avec les comptes existants et de la promotion r\u00e9ussie de l&#039;h\u00f4tel aupr\u00e8s de la communaut\u00e9. Le candidat id\u00e9al aura au moins cinq ann\u00e9es d&#039;exp\u00e9rience progressive en vente, de pr\u00e9f\u00e9rence dans le domaine de l&#039;h\u00f4tellerie. Une exp\u00e9rience relative en franchise est un plus. Nous recherchons une personne professionnelle et soucieuse du d\u00e9tail, dot\u00e9e d&#039;excellentes techniques de vente, qui atteindra ou d\u00e9passera les objectifs budg\u00e9tis\u00e9s et g\u00e9rera de mani\u00e8re responsable tous les aspects du service des ventes conform\u00e9ment aux normes et \u00e0 la franchise (le cas \u00e9ch\u00e9ant).<\/p>\n<p><a href=\"https:\/\/jobs.gbta.org\/job\/director-of-sales-lewisburg-fairfield-inn-suites\/55715212\/\"><strong>Postulez maintenant &gt;&gt; <\/strong><\/a><\/p>\n<\/div>\n<p>&nbsp;<\/p>\n<p><em><span class=\"font-13\"><strong>Nouvelles tendances de l&#039;industrie<\/strong><\/span><\/em><\/p>\n<p><strong>Nouvelles de l&#039;industrie a\u00e9ronautique<\/strong><\/p>\n<p><a href=\"https:\/\/www.traveldailynews.com\/post\/munich-airport-receives-certificate-for-implementation-of-health-measures\" target=\"_blank\" rel=\"noopener\">L&#039;a\u00e9roport de Munich re\u00e7oit un certificat pour la mise en \u0153uvre de mesures sanitaires<\/a> <em>(LA SOURCE)<\/em><\/p>\n<p><a href=\"https:\/\/simpleflying.com\/aeromexico-first-787-retired\/\" target=\"_blank\" rel=\"noopener\">Aeromexico rend son premier Boeing 787 apr\u00e8s seulement 7 ans<\/a> <em>(VOL SIMPLE)<\/em><\/p>\n<p><a href=\"https:\/\/simpleflying.com\/new-york-snow-storm-cancellations\/\" target=\"_blank\" rel=\"noopener\">Des milliers de vols dans la r\u00e9gion de New York annul\u00e9s avant une temp\u00eate de neige<\/a> <em>(VOL SIMPLE)<\/em><\/p>\n<p><a href=\"https:\/\/skift.com\/2021\/02\/01\/japans-ana-steadily-embraces-smart-airport-tech-to-be-a-global-model\/\" target=\"_blank\" rel=\"noopener\">L&#039;ANA du Japon adopte progressivement la technologie des a\u00e9roports intelligents pour devenir un mod\u00e8le mondial<\/a> <em>(SKIFT)<\/em><\/p>\n<p><strong>Nouvelles de l&#039;industrie du transport terrestre<\/strong><\/p>\n<p><a href=\"https:\/\/www.autorentalnews.com\/10135783\/acra-asks-congress-for-3-64b-in-mag-relief\" target=\"_blank\" rel=\"noopener\">L&#039;ACRA demande au Congr\u00e8s $3.64B dans MAG Relief <\/a> <em>(NOUVELLES DE LA LOCATION AUTO)<\/em><\/p>\n<p><strong>Nouvelles de l&#039;industrie h\u00f4teli\u00e8re<\/strong><\/p>\n<p><a href=\"https:\/\/www.traveldailynews.com\/post\/marriott-internationals-first-uk-dual-brand-property-opens-in-slough\" target=\"_blank\" rel=\"noopener\">Ouverture du premier \u00e9tablissement double marque de Marriott International au Royaume-Uni \u00e0 Slough<\/a> <em>(NOUVELLES QUOTIDIENNES DE VOYAGE)<\/em><\/p>\n<p><a href=\"https:\/\/www.4hoteliers.com\/news\/story\/21102?awsb_c=rss&amp;awsb_k=xfeed\" target=\"_blank\" rel=\"noopener\">H\u00f4tels aux \u00c9tats-Unis\u00a0: les r\u00e9novations et les conversions de marques sont de plus en plus r\u00e9pandues<\/a> <em>(4HOTELLIERS)<\/em><\/p>\n<p><a href=\"https:\/\/www.businesstraveller.com\/business-travel\/2021\/02\/02\/hyatt-debuts-in-brisbane\/\" target=\"_blank\" rel=\"noopener\">Hyatt fait ses d\u00e9buts \u00e0 Brisbane<\/a> <em>(VOYAGE D&#039;AFFAIRES)<\/em><\/p>\n<p><strong>Plus de nouvelles de l&#039;industrie<\/strong><\/p>\n<p><a href=\"https:\/\/www.reuters.com\/article\/us-health-coronavirus-corporate-travel\/global-business-travel-to-grow-21-in-2021-trade-group-forecasts-idUSKBN2A211T?il=0\" target=\"_blank\" rel=\"noopener\">Les voyages d&#039;affaires mondiaux augmenteront le 21% en 2021, selon les pr\u00e9visions du groupe commercial<\/a> <em>(Reuters)<\/em> <em><strong>\u2013 CARACT\u00c9RISTIQUES GBTA<\/strong><\/em><\/p>\n<p>&nbsp;<\/p>\n<p>&nbsp;<\/p>\n<p><strong>Le temps presse ! Ne manquez pas l&#039;occasion de nommer un pair de l&#039;industrie pour un prix WINiT\u00a0!<\/strong><\/p>\n<p>La date limite de candidature est le vendredi 5 f\u00e9vrier.<\/p>\n<p>GBTA accepte d\u00e9sormais les nominations dans 7 cat\u00e9gories, dont Top 40 Women in Travel. Toute organisation mondiale ou individu travaillant dans les secteurs li\u00e9s au voyage peut soumettre une candidature sans frais.<\/p>\n<p><a href=\"https:\/\/gbta.org\/fr\/calendar\/programs-by-location\/north-america\/winit-awards-virtual-gala-2021\/\"><strong>En savoir plus &gt;&gt;<\/strong><\/a><\/p>\n<p>&nbsp;<\/p>\n<p>&nbsp;<\/p>\n<p><em><span class=\"font-13\"><strong>Pr\u00e9sentation de WorldAware Intelligence&nbsp;<\/strong><\/span><\/em><\/p>\n<p><a href=\"https:\/\/hub.gbta.org\/ijetdailybriefing\" target=\"_blank\" rel=\"noopener\">Canada et \u00c9tats-Unis \u2013 Syst\u00e8me destin\u00e9 \u00e0 apporter de fortes chutes de neige, de la glace et des vents forts dans certaines parties de l\u2019est des \u00c9tats-Unis et du sud-est du Canada<\/a><\/p>\n<p><a href=\"https:\/\/hub.gbta.org\/ijetdailybriefing\" target=\"_blank\" rel=\"noopener\">France \u2013 Les principaux syndicats appellent \u00e0 une gr\u00e8ve et \u00e0 des manifestations \u00e0 l\u2019\u00e9chelle nationale<\/a><\/p>\n<p><a href=\"https:\/\/hub.gbta.org\/ijetdailybriefing\" target=\"_blank\" rel=\"noopener\">G\u00e9orgie \u2013 Les autorit\u00e9s assouplissent les restrictions li\u00e9es \u00e0 la maladie \u00e0 coronavirus sur les voyages d\u2019affaires et internationaux<\/a><\/p>\n<p><a href=\"https:\/\/hub.gbta.org\/ijetdailybriefing\" target=\"_blank\" rel=\"noopener\">Inde \u2013 Les chauffeurs de taxi pr\u00e9voient une gr\u00e8ve illimit\u00e9e \u00e0 Bagdogra<\/a><\/p>\n<p><a href=\"https:\/\/hub.gbta.org\/ijetdailybriefing\" target=\"_blank\" rel=\"noopener\">Vietnam \u2013 Les autorit\u00e9s prolongent la fermeture de l&#039;a\u00e9roport international de Van Don dans la province de Quang Ninh jusqu&#039;au 13 f\u00e9vrier<\/a><\/p>\n<p>&nbsp;<\/p>\n<p><em><span class=\"font-13\"><strong>Ressources COVID-19<\/strong><\/span><\/em><\/p>\n<p><strong>Centres de contr\u00f4le et de pr\u00e9vention des maladies (CDC)<\/strong><\/p>\n<ul>\n<li><a href=\"https:\/\/www.cdc.gov\/coronavirus\/2019-ncov\/whats-new-all.html\">Tableau de bord du CDC<\/a><\/li>\n<\/ul>\n<p><strong>Administration de la s\u00e9curit\u00e9 des transports (TSA)<\/strong><\/p>\n<ul>\n<li><a href=\"https:\/\/www.tsa.gov\/news\/press\/releases\/2020\/05\/21\/tsa-prepared-summer-travelers-updated-security-procedures\">Vue d&#039;ensemble de la TSA &quot;Restez en bonne sant\u00e9. Restez en s\u00e9curit\u00e9. Campagne<\/a><\/li>\n<\/ul>\n<p><strong>Informations sur les visas<\/strong><\/p>\n<ul>\n<li><a href=\"https:\/\/cibtvisas.com\/coronavirus-travel-and-immigration-disruption?utm_source=GBTA&amp;utm_medium=email&amp;utm_campaign=covid-19-blog\">CIBTvisas COVID-19 Guide de voyage et d&#039;immigration<\/a><\/li>\n<li><a href=\"https:\/\/cibtvisas.com\/health-requirements?utm_source=GBTA&amp;utm_medium=email&amp;utm_campaign=entry-guide\">Guide d&#039;entr\u00e9e CIBT<\/a><\/li>\n<\/ul>\n<p><a href=\"https:\/\/gbta.org\/fr\/news-advocacy\/gbta-statement-on-coronavirus-resources\/#resources\">Voir les ressources suppl\u00e9mentaires &gt;&gt;<\/a><\/p>\n<p>&nbsp;<\/p>\n<p><strong>Cet e-mail vous a-t-il \u00e9t\u00e9 transf\u00e9r\u00e9\u00a0? S&#039;il vous pla\u00eet <\/strong> <a href=\"https:\/\/www3.gbta.org\/l\/5572\/2019-12-03\/6dbnwn\"><strong>inscrivez-vous pour recevoir les e-mails GBTA<\/strong><\/a><strong>.<\/strong><\/p>\n<p><a href=\"https:\/\/www3.gbta.org\/l\/5572\/2020-01-13\/6dkck2\"><strong>Pas un membre? Joignez aujourd&#039;hui!<\/strong><\/a><\/p>\n<p><a href=\"mailto:sponsor@gbta.org?subject=Daily News Brief Sponsorship Inquiry\"><strong>Afficher<\/strong><\/a> | <a href=\"https:\/\/www3.gbta.org\/l\/5572\/2020-02-26\/6dz679\"><strong>Publier une offre<\/strong><\/a><\/p>\n<p><strong>Association mondiale du voyage d&#039;affaires<\/strong><br \/>\n1101 King Street, Suite 500, Alexandria, VA 22314, \u00c9tats-Unis<br \/>\nt\u00e9l\u00e9phone : +1 703 684 0836 | la toile: <a href=\"https:\/\/gbta.org\/fr\/\">gbta.org<\/a><\/p>\n<p><a href=\"https:\/\/preview.pardot.com\/email\/showHtmlMessage\/id\/%%email_preference_center_1773%%\">Mettez \u00e0 jour vos pr\u00e9f\u00e9rences de messagerie GBTA<\/a><br \/>\nCopyright \u00a9 2021, Tous droits r\u00e9serv\u00e9s.<\/p>","protected":false},"excerpt":{"rendered":"<p>L&#039;impact financier de la baisse mondiale des voyages devrait \u00eatre 10 fois sup\u00e9rieur \u00e0 la Grande R\u00e9cession et le 11 septembre GBTA a publi\u00e9 ses perspectives annuelles BTI\u2122, une analyse d\u00e9taill\u00e9e des voyages d&#039;affaires en 2020, avec des projections pour 2021 et au-del\u00e0. Le BTI\u2122 Outlook, qui en est maintenant \u00e0 sa 12e ann\u00e9e, est une \u00e9tude exhaustive des d\u00e9penses et de la croissance des voyages d&#039;affaires couvrant 75\u2026<\/p>","protected":false},"author":25,"featured_media":0,"comment_status":"open","ping_status":"open","sticky":false,"template":"","format":"standard","meta":{"_acf_changed":false,"_seopress_robots_primary_cat":"none","_seopress_titles_title":"","_seopress_titles_desc":"","_seopress_robots_index":"","om_disable_all_campaigns":false,"_relevanssi_hide_post":"","_relevanssi_hide_content":"","_relevanssi_pin_for_all":"","_relevanssi_pin_keywords":"","_relevanssi_unpin_keywords":"","_relevanssi_related_keywords":"","_relevanssi_related_include_ids":"","_relevanssi_related_exclude_ids":"","_relevanssi_related_no_append":"","_relevanssi_related_not_related":"","_relevanssi_related_posts":"2509,2474,2455,2434,2456,2450","_relevanssi_noindex_reason":"","_kad_blocks_custom_css":"","_kad_blocks_head_custom_js":"","_kad_blocks_body_custom_js":"","_kad_blocks_footer_custom_js":"","_kad_post_transparent":"","_kad_post_title":"","_kad_post_layout":"","_kad_post_sidebar_id":"","_kad_post_content_style":"","_kad_post_vertical_padding":"","_kad_post_feature":"","_kad_post_feature_position":"","_kad_post_header":false,"_kad_post_footer":false,"footnotes":"","_links_to":"","_links_to_target":""},"categories":[1],"tags":[],"class_list":["post-2449","post","type-post","status-publish","format-standard","hentry","category-uncategorized"],"acf":[],"featured_image_src_large":false,"author_info":{"display_name":"jcampbell","author_link":"https:\/\/gbta.org\/fr\/author\/jcampbell\/"},"comment_info":"","category_info":[{"term_id":1,"name":"Uncategorized","slug":"uncategorized","term_group":0,"term_taxonomy_id":1,"taxonomy":"category","description":"","parent":0,"count":198,"filter":"raw","cat_ID":1,"category_count":198,"category_description":"","cat_name":"Uncategorized","category_nicename":"uncategorized","category_parent":0}],"tag_info":false,"taxonomy_info":{"category":[{"value":1,"label":"Uncategorized"}]},"featured_image_src":null,"featured_image_src_square":null,"mfb_rest_fields":["featured_image_src_large","author_info","comment_info","category_info","tag_info","taxonomy_info","featured_image_src","featured_image_src_square"],"_links":{"self":[{"href":"https:\/\/gbta.org\/fr\/wp-json\/wp\/v2\/posts\/2449","targetHints":{"allow":["GET"]}}],"collection":[{"href":"https:\/\/gbta.org\/fr\/wp-json\/wp\/v2\/posts"}],"about":[{"href":"https:\/\/gbta.org\/fr\/wp-json\/wp\/v2\/types\/post"}],"author":[{"embeddable":true,"href":"https:\/\/gbta.org\/fr\/wp-json\/wp\/v2\/users\/25"}],"replies":[{"embeddable":true,"href":"https:\/\/gbta.org\/fr\/wp-json\/wp\/v2\/comments?post=2449"}],"version-history":[{"count":0,"href":"https:\/\/gbta.org\/fr\/wp-json\/wp\/v2\/posts\/2449\/revisions"}],"wp:attachment":[{"href":"https:\/\/gbta.org\/fr\/wp-json\/wp\/v2\/media?parent=2449"}],"wp:term":[{"taxonomy":"category","embeddable":true,"href":"https:\/\/gbta.org\/fr\/wp-json\/wp\/v2\/categories?post=2449"},{"taxonomy":"post_tag","embeddable":true,"href":"https:\/\/gbta.org\/fr\/wp-json\/wp\/v2\/tags?post=2449"}],"curies":[{"name":"wp","href":"https:\/\/api.w.org\/{rel}","templated":true}]}}