{"id":2480,"date":"2021-03-09T10:00:00","date_gmt":"2021-03-09T15:00:00","guid":{"rendered":"https:\/\/gbta.org\/check-in-with-suzanne-2\/"},"modified":"2022-09-30T10:50:26","modified_gmt":"2022-09-30T14:50:26","slug":"check-in-with-suzanne-2","status":"publish","type":"post","link":"https:\/\/gbta.org\/fr\/check-in-with-suzanne-2\/","title":{"rendered":"Enregistrement avec Suzanne"},"content":{"rendered":"<p>Bonjour \u00e0 tous,<\/p>\n<p><strong>&nbsp;<\/strong><\/p>\n<p>Il est temps de s&#039;enregistrer\u00a0!<\/p>\n<p>&nbsp;<\/p>\n<p>Ce sont de si bons mots, ceux que nous aimerions tous revoir r\u00e9guli\u00e8rement dans nos applications de voyage - anticipant les r\u00e9unions, les agendas, les relations et le succ\u00e8s commercial qui nous poussent \u00e0 voyager en premier lieu.<\/p>\n<p>&nbsp;<\/p>\n<p>Donc, c&#039;est la deuxi\u00e8me semaine pour moi au GBTA\u00a0! Et il est temps pour moi de v\u00e9rifier avec vous.<\/p>\n<p>&nbsp;<\/p>\n<p>J&#039;esp\u00e8re que vous avez pu c\u00e9l\u00e9brer la Journ\u00e9e internationale de la femme avec moi hier alors que nous avons r\u00e9compens\u00e9 pr\u00e8s de 60 femmes m\u00e9ritantes (et quelques hommes !) du monde entier lors de nos WINiT Awards et de notre gala virtuel. Si vous l&#039;avez manqu\u00e9, nous publierons un enregistrement de l&#039;\u00e9v\u00e9nement de 90 minutes, gracieusement sponsoris\u00e9 par Cvent, United for Business et CTM. L&#039;enregistrement sera accessible via notre <a href=\"https:\/\/gbta.org\/fr\/\">page d&#039;accueil<\/a> et le <a href=\"https:\/\/gbta.org\/fr\/SSOLogin\/?ReturnUrl=https:\/\/ssologin.gbta.org\/ssoauth\/prompt.aspx?SAMLRequest=fZJNb+IwEIbv\/ArkOySEz1iAxMJuF4kCKrSHvSDHmYClxE49ky3993US2LJVhW+emef1vOMZo8jSnM8KOukneC0AqdF055ylGnmVnLDCam4EKuRaZICcJN\/NHlc8aPs8t4aMNCn7gt2nBCJYUkbX2HIxYZv1z9XmYbk+yKQXDpJOGCTBIOpFMuwKmcSd4XA0Gnah7\/d7fjCI47BGX8Ci05kwJ8satRpiAUuNJDS5uB90Wn635Yd7P+C9Pu8Ef2p04cwqLajCT0Q5cs9DNKk5Kt0+RiTaxh7LiHDj8ZzTLKe2wPxc89uL9R9Kx0of7zuO6iLkv\/f7bWu72e1rkdl1EnOjscjA7sD+VRKen1afTZ2K6KYfN92DkMimlcC4vPPKs51+B4y924pPJudr1+VysTWpku9VvDy\/jM0E3TdTRlTcSqpSXmjMQapEQcz+yczS1LzNLQiCCSNbAGt6\/z1+2TaIq91z7gnO1Jy7GQursPwSOAtJV5feHWrauKZv93j6AQ==&amp;RelayState=https:\/\/hub.gbta.org\/myhome?_ga=2.132874062.1793034322.1615133593-1780588418.1595976199&amp;SigAlg=http:\/\/www.w3.org\/2000\/09\/xmldsig#rsa-sha1&amp;Signature=SBORwTg4xXOE8XtC\/TEwZa6RdmxZV\/N9RsGeYNhlEl7Hd01DSFM\/XPG2EGcDL6OvdNynu9\/3DB1YHbMhLSO3s+OhfpMu\/wjulppej8AsHkMEdH3A40EeFX\/zD2CBuwno2Ryzmj7Y4bu1ul5oCESUST1eDjaM40NUlI5llf3cenA=\">Hub GBTA<\/a>. F\u00e9licitations \u00e0 tous les gagnants et \u00e0 ceux qui ont \u00e9t\u00e9 nomm\u00e9s \u2013 quel talent nous avons dans notre industrie\u00a0!<\/p>\n<p>&nbsp;<\/p>\n<p>En \u00e9coutant et en discutant avec plusieurs d&#039;entre vous ces derniers jours, j&#039;ai \u00e9t\u00e9 ravi de confirmer la r\u00e9silience de la mission de GBTA. Tout est une question de membres\u2026 de connexions au niveau local\/r\u00e9gional\/mondial et d&#039;expertise collective. Nous sommes aussi un march\u00e9 d&#039;id\u00e9es. Et nous sommes meilleurs en tant qu&#039;industrie lorsque nous sommes tous forts, en faisant ce que nous aimons.<\/p>\n<p>&nbsp;<\/p>\n<p>Terminant aujourd&#039;hui mes deux premi\u00e8res semaines compl\u00e8tes en tant que nouveau PDG de GBTA, je suis frapp\u00e9 de mani\u00e8re si positive par votre engagement envers l&#039;Association et les uns envers les autres. Vous \u00eates passionn\u00e9 par le d\u00e9sir de vous connecter et d&#039;apprendre - mieux et plus rapidement et en ligne\u00a0! Et vous appr\u00e9ciez \u00e9galement le plaidoyer comme jamais auparavant - quelque chose que Shane Downey et d&#039;autres membres de mon \u00e9quipe GBTA fa\u00e7onnent avec l&#039;aide d&#039;experts politiques am\u00e9ricains, europ\u00e9ens et canadiens. Vous \u00eates convaincu que GBTA amplifie votre voix au sein des voyages d&#039;affaires - et \u00e9galement au sein de vos entreprises alors que vous et votre direction recherchez la bonne approche pour relancer les voyages afin de favoriser le succ\u00e8s des employ\u00e9s et de l&#039;entreprise.<\/p>\n<p>&nbsp;<\/p>\n<p>Au niveau local, nos chefs de section sont nos organisations communautaires de base qui proposent des programmes intelligents, des r\u00e9seaux et des opportunit\u00e9s de carri\u00e8re. Nous avons un r\u00e9seau de b\u00e9n\u00e9voles si puissant, et je vous appr\u00e9cie pour tout le temps, les id\u00e9es et les communications que vous partagez entre vous et avec vos membres.<\/p>\n<p>&nbsp;<\/p>\n<p>Cette semaine, je rencontrerai nos chefs de comit\u00e9 ainsi que notre Conseil de leadership alli\u00e9 \u2013 parmi tant d&#039;autres \u2013 et j&#039;ai h\u00e2te d&#039;\u00e9couter et d&#039;en apprendre davantage.<\/p>\n<p>&nbsp;<\/p>\n<p>Et une derni\u00e8re demande\u00a0: si nous lan\u00e7ons un sondage \u00e9clair de temps en temps au cours des prochaines semaines, j&#039;esp\u00e8re que vous participerez et que vous nous ferez part de vos commentaires rapidement, afin que mon personnel talentueux et moi puissions utiliser ces donn\u00e9es pour nous aider \u00e0 fa\u00e7onner la meilleure programmation possible dans le mois \u00e0 venir.<\/p>\n<p><strong>&nbsp;<\/strong><\/p>\n<p><strong><u>Voici plus de nouvelles \u00e0 savoir<\/u><\/strong><\/p>\n<p><strong>&nbsp;<\/strong><\/p>\n<p><strong>US Travel Association - L&#039;ouverture des voyages d&#039;affaires est un facteur moteur de la reprise\u00a0: <\/strong>La semaine derni\u00e8re, le pr\u00e9sident et chef de la direction de l&#039;USTA, Roger Dow, a annonc\u00e9 que la cl\u00e9 de la reprise des voyages serait la r\u00e9ouverture des voyages d&#039;affaires. En ce qui concerne les services de voyages d&#039;entreprise, Dow a d\u00e9clar\u00e9: \u00abLorsqu&#039;ils commencent \u00e0 voyager davantage, et ils commencent maintenant par de petites r\u00e9unions, une chose qui les stimulera, c&#039;est lorsqu&#039;une organisation voit une autre prendre des parts de march\u00e9 parce que les gens \u00e9taient l\u00e0 face \u00e0 -visage\u2026 Ce sera un facteur d\u00e9terminant. <a href=\"https:\/\/www.businesstravelnews.com\/Lodging\/USTA-Recovery-Will-Take-Longer-Without-Business-Travel\">Cliquez ici pour en lire plus<\/a>.<\/p>\n<p><strong>&nbsp;<\/strong><\/p>\n<p><strong>L\u00e9gislation europ\u00e9enne plus stricte\u00a0: \u00eates-vous \u00e0 jour\u00a0? <\/strong>Apr\u00e8s le Brexit, l&#039;UE exige que les voyageurs de l&#039;UE et des pays tiers obtiennent des certificats de s\u00e9curit\u00e9 sociale A1 et, dans certains cas, d\u00e9posent des notifications de travailleur d\u00e9tach\u00e9 avant d&#039;entreprendre des voyages de travail. L&#039;impact sur les employeurs est important, avec des amendes en cas de non-conformit\u00e9. GBTA et son partenaire VDR ont fait pression sur Bruxelles pour exempter les voyages d&#039;affaires jusqu&#039;\u00e0 une certaine dur\u00e9e de s\u00e9jour pour l&#039;A1. On estime que cela supprimerait 95% des d\u00e9placements professionnels de ses membres du p\u00e9rim\u00e8tre A1. Pour savoir comment cette l\u00e9gislation affectera votre organisation, veuillez regarder <a href=\"https:\/\/players.brightcove.net\/4179652749001\/rJ9dgGR9_default\/index.html?videoId=6231327484001\">&quot;L&#039;ABC des r\u00e9glementations A1 et des directives sur les travailleurs d\u00e9tach\u00e9s&quot;,<\/a> un webinaire organis\u00e9 par GBTA Europe.<\/p>\n<p>&nbsp;<\/p>\n<p><strong>La Chine fixe un objectif de vaccination contre le COVID-19\u00a0:<\/strong> Selon Zhong Nanshan, le chef d&#039;un groupe d&#039;experts attach\u00e9 \u00e0 la Commission nationale de la sant\u00e9, la Chine vise \u00e0 vacciner 40% de sa population d&#039;ici juin 2021. Le pays a \u00e9t\u00e9 lent \u00e0 vacciner, donnant jusqu&#039;\u00e0 pr\u00e9sent 3,56 doses pour 100 personnes, contre Isra\u00ebl, le plus rapide \u00e0 vacciner, qui a donn\u00e9 94 doses pour 100 personnes. La lenteur du rythme de vaccination est attribu\u00e9e au succ\u00e8s du pays \u00e0 contr\u00f4ler l&#039;\u00e9pid\u00e9mie gr\u00e2ce \u00e0 des mesures d&#039;att\u00e9nuation. <a href=\"https:\/\/www.channelnewsasia.com\/news\/asia\/covid-19-china-vaccinate-40-per-cent-population-by-june-14320664\">Cliquez ici pour en lire plus<\/a>.<\/p>\n<p><strong>&nbsp;<\/strong><\/p>\n<p><strong>Vaccin Johnson &amp; Johnson contre la COVID approuv\u00e9 au Canada : <\/strong>La semaine derni\u00e8re, l&#039;organisme de r\u00e9glementation de la sant\u00e9 du Canada a autoris\u00e9 l&#039;utilisation du vaccin \u00e0 dose unique de Johnson &amp; Johnson. Le Canada a command\u00e9 10 millions de doses de ce vaccin, avec une option pour 28 millions suppl\u00e9mentaires. Les dirigeants esp\u00e8rent que le nouveau vaccin contribuera \u00e0 augmenter consid\u00e9rablement le taux de vaccination du pays. <a href=\"https:\/\/www.cbc.ca\/news\/health\/how-approval-of-johnson-johnson-s-one-and-done-covid-19-vaccine-could-change-canada-s-vaccination-game-1.5928528\">Cliquez ici pour en lire plus<\/a>.<\/p>\n<p>&nbsp;<\/p>\n<p>D&#039;autres nouvelles excitantes au Canada\u2026 Nancy Tudorache de GBTA Canada a \u00e9t\u00e9 invit\u00e9e \u00e0 si\u00e9ger au groupe de travail minist\u00e9riel sur la reprise \u00e9conomique du tourisme du gouvernement provincial du Canada. Cela donne \u00e0 GBTA une pr\u00e9sence importante dans un groupe qui conseillera le gouvernement provincial de l&#039;Ontario sur les strat\u00e9gies, les tactiques et les approches que le gouvernement devrait envisager lors de la r\u00e9ouverture des voyages et du tourisme en Ontario, la plus grande province du Canada.<\/p>\n<p>&nbsp;<\/p>\n<p><strong><u>Nouvelles et rappels GBTA<\/u>:<\/strong><\/p>\n<p><strong><u>&nbsp;<\/u><\/strong><\/p>\n<p><strong>La tourn\u00e9e d&#039;\u00e9coute commence la semaine prochaine\u00a0:<\/strong> Je suis ravi de vous annoncer que les dates de ma tourn\u00e9e d&#039;\u00e9coute ont \u00e9t\u00e9 fix\u00e9es\u00a0! Cette tourn\u00e9e d&#039;\u00e9coute me donne la chance de vous contacter en temps r\u00e9el - nos membres, leaders de l&#039;industrie, fournisseurs et sponsors. Je vais partager un peu sur moi et ma vision de GBTA et r\u00e9pondre \u00e0 vos questions, soumises \u00e0 l&#039;avance. <a href=\"https:\/\/form.jotform.com\/210616267586158\">Cliquez ici pour soumettre vos questions<\/a>.<\/p>\n<ul>\n<li><strong>16 mars<\/strong>: Session Europe Listening Tour, pendant la<a href=\"https:\/\/gbta.org\/fr\/calendar\/all-programs\/eventid\/1089\/e\/gbta_europe_town_hall-16-03-2021\/\"> Mairie de GBTA Europe<\/a><\/li>\n<li><strong>23 mars: <\/strong>NOUS. S\u00e9ance de tourn\u00e9e d&#039;\u00e9coute de la r\u00e9gion de l&#039;Est - <a href=\"https:\/\/gbta.org\/fr\/calendar\/all-programs\/eventid\/1121\/e\/us_east_region_listening_tour_with_gbta\/\">S&#039;inscrire<\/a><\/li>\n<li><strong>24 mars : <\/strong>NOUS. Session d&#039;\u00e9coute de la r\u00e9gion du Midwest - <a href=\"https:\/\/gbta.org\/fr\/calendar\/all-programs\/eventid\/1122\/e\/us_midwest_region_listening_tour_with_gbta\/\">S&#039;inscrire<\/a><\/li>\n<li><strong>25 mars<\/strong>: Session LATAM Listening Tour, pendant la<a href=\"https:\/\/gbta.org\/fr\/calendar\/all-programs\/eventid\/1103\/e\/gbta-mexico-town-hall-25-mar-2021\/\"> Mairie de GBTA LATAM<\/a><\/li>\n<li><strong>25 mars: <\/strong>NOUS. S\u00e9ance de tourn\u00e9e d&#039;\u00e9coute de la r\u00e9gion de l&#039;Ouest - <a href=\"https:\/\/gbta.org\/fr\/calendar\/all-programs\/eventid\/1123\/e\/us_west_region_listening_tour_with_gbta\/\">S&#039;inscrire<\/a><\/li>\n<li><strong>29 mars :<\/strong> Tourn\u00e9e d&#039;\u00e9coute de l&#039;Est du Canada \u2013 <a href=\"https:\/\/gbta.org\/fr\/calendar\/all-programs\/eventid\/1126\/e\/eastern_canada_listening_tour_with_gbta\/\">S&#039;inscrire<\/a><\/li>\n<li><strong>31 mars: <\/strong>Tourn\u00e9e d&#039;\u00e9coute de l&#039;Ouest canadien - <a href=\"https:\/\/gbta.org\/fr\/calendar\/all-programs\/eventid\/1127\/e\/western_canada_listening_tour_with_gbta\/\">S&#039;inscrire<\/a><\/li>\n<\/ul>\n<p>&nbsp;<\/p>\n<p><strong>Sondage GBTA sur le coronavirus #17 \u2013 Veuillez partager votre point de vue\u00a0: <\/strong>La s\u00e9rie de sondages sur le coronavirus GBTA a \u00e9t\u00e9 lanc\u00e9e au d\u00e9but de la pand\u00e9mie, et elle continue. Un e-mail a \u00e9t\u00e9 envoy\u00e9 pour recueillir vos r\u00e9ponses pour notre 17e sondage de la s\u00e9rie. Aidez-nous \u00e0 obtenir les meilleures donn\u00e9es possibles pour nous aider dans nos efforts de plaidoyer, en r\u00e9pondant au sondage et en partageant votre point de vue.<\/p>\n<p>&nbsp;<\/p>\n<p><strong>Marquez vos calendriers - R\u00e9unions, \u00e9v\u00e9nements et dates limites GBTA \u00e0 venir\u00a0: <\/strong><\/p>\n<p>&nbsp;<\/p>\n<ul>\n<li><strong>8 mars\u00a0: <\/strong><a href=\"https:\/\/europeconference.gbta.org\/Programme\/Call-for-Proposals?_ga=2.39549027.1793034322.1615133593-1780588418.1595976199\">Date limite de soumission des propositions de s\u00e9ances de formation<\/a> pour la conf\u00e9rence GBTA Europe 2021 \u00e0 Wiesbaden<\/li>\n<li><strong>9 mars<\/strong>: GBTA Canada Regional Direct Talks pour les acheteurs de voyages est un forum entre pairs pour discuter, collaborer et contribuer \u00e0 l&#039;\u00e9laboration d&#039;une trousse d&#039;outils pour les acheteurs de voyages canadiens. <a href=\"https:\/\/form.jotform.com\/201313444723142\">Inscrivez-vous ici pour la session<\/a>.<\/li>\n<li><strong>11 mars: <\/strong>Le premier webinaire de GBTA Canada dans la nouvelle s\u00e9rie de webinaires du comit\u00e9 canadien. Le Comit\u00e9 canadien des risques pr\u00e9sentera \u00ab P\u00e9renniser votre politique sur les risques li\u00e9s aux voyages : comment les organisations peuvent renforcer leur r\u00e9silience gr\u00e2ce \u00e0 la gestion des risques \u00bb. <a href=\"https:\/\/gbta.org\/fr\/EventCalendar\/EventRegistrationStep1\/?eventcd=03DL1121\">Inscrivez-vous ici<\/a>.<\/li>\n<li><strong>16 mars : <\/strong><a href=\"https:\/\/gbta.org\/fr\/calendar\/all-programs\/eventid\/1089\/e\/gbta_europe_town_hall-16-03-2021\/\">Mairie de GBTA Europe<\/a><\/li>\n<li><strong>25 mars:<\/strong> <a href=\"https:\/\/gbta.org\/fr\/calendar\/all-programs\/eventid\/1103\/e\/gbta-mexico-town-hall-25-mar-2021\/\">Mairie de GBTA LATAM<\/a><\/li>\n<li><strong>7 avril :<\/strong> <a href=\"https:\/\/gbta.org\/fr\/calendar\/all-programs\/eventid\/1102\/e\/gbta-canada-town-hall-7-apr-2021\/\">H\u00f4tel de ville de GBTA Canada<\/a><\/li>\n<li><strong>22 juin : <\/strong>Masterclass GBTA France, \u00e9v\u00e9nement phare de GBTA France, est le rendez-vous des professionnels du voyage d&#039;affaires et du MICE. <a href=\"https:\/\/gbta.org\/fr\/calendar\/programs-by-location\/europe\/gbta-france-masterclass-2021\/\">Cliquez ici pour vous inscrire \u00e0 cette Masterclass<\/a>.<\/li>\n<\/ul>\n<p>&nbsp;<\/p>\n<p><strong>Br\u00e8ve cl\u00f4ture<\/strong><\/p>\n<p>&nbsp;<\/p>\n<p>C&#039;est donc termin\u00e9 pour l&#039;enregistrement de cette semaine - mais il y a encore beaucoup \u00e0 faire avant le week-end (et beaucoup de temps pour le faire)\u00a0!<\/p>\n<p>&nbsp;<\/p>\n<p>Portez-vous bien et n&#039;oubliez pas de contacter quelqu&#039;un d&#039;autre dont vous n&#039;avez pas entendu parler depuis un certain temps.<\/p>\n<p>&nbsp;<\/p>\n<p>Suzanne<\/p>\n<p>&nbsp;<\/p>","protected":false},"excerpt":{"rendered":"<p>Bonjour \u00e0 tous, Il est temps de vous enregistrer\u00a0! Ce sont de tr\u00e8s bons mots, que nous aimerions tous revoir r\u00e9guli\u00e8rement dans nos applications de voyage \u2013 en anticipant les r\u00e9unions, les agendas, les relations et le succ\u00e8s commercial qui nous poussent \u00e0 voyager en premier lieu. C&#039;est donc la deuxi\u00e8me semaine pour moi \u00e0 GBTA\u00a0! Et il est temps pour\u2026<\/p>","protected":false},"author":25,"featured_media":0,"comment_status":"open","ping_status":"open","sticky":false,"template":"","format":"standard","meta":{"_acf_changed":false,"_seopress_robots_primary_cat":"none","_seopress_titles_title":"","_seopress_titles_desc":"","_seopress_robots_index":"","om_disable_all_campaigns":false,"_relevanssi_hide_post":"","_relevanssi_hide_content":"","_relevanssi_pin_for_all":"","_relevanssi_pin_keywords":"","_relevanssi_unpin_keywords":"","_relevanssi_related_keywords":"","_relevanssi_related_include_ids":"","_relevanssi_related_exclude_ids":"","_relevanssi_related_no_append":"","_relevanssi_related_not_related":"","_relevanssi_related_posts":"2477,1439,2017,1620,1171,2495","_relevanssi_noindex_reason":"","_kad_blocks_custom_css":"","_kad_blocks_head_custom_js":"","_kad_blocks_body_custom_js":"","_kad_blocks_footer_custom_js":"","_kad_post_transparent":"","_kad_post_title":"","_kad_post_layout":"","_kad_post_sidebar_id":"","_kad_post_content_style":"","_kad_post_vertical_padding":"","_kad_post_feature":"","_kad_post_feature_position":"","_kad_post_header":false,"_kad_post_footer":false,"footnotes":"","_links_to":"","_links_to_target":""},"categories":[106,37],"tags":[],"class_list":["post-2480","post","type-post","status-publish","format-standard","hentry","category-latin-america","category-research-and-travel-trends"],"acf":[],"featured_image_src_large":false,"author_info":{"display_name":"jcampbell","author_link":"https:\/\/gbta.org\/fr\/author\/jcampbell\/"},"comment_info":"","category_info":[{"term_id":106,"name":"Latin America","slug":"latin-america","term_group":0,"term_taxonomy_id":106,"taxonomy":"category","description":"","parent":0,"count":54,"filter":"raw","cat_ID":106,"category_count":54,"category_description":"","cat_name":"Latin America","category_nicename":"latin-america","category_parent":0},{"term_id":37,"name":"Research and Travel Trends","slug":"research-and-travel-trends","term_group":0,"term_taxonomy_id":37,"taxonomy":"category","description":"","parent":0,"count":967,"filter":"raw","cat_ID":37,"category_count":967,"category_description":"","cat_name":"Research and Travel Trends","category_nicename":"research-and-travel-trends","category_parent":0}],"tag_info":false,"taxonomy_info":{"category":[{"value":106,"label":"Latin America"},{"value":37,"label":"Research and Travel Trends"}]},"featured_image_src":null,"featured_image_src_square":null,"mfb_rest_fields":["featured_image_src_large","author_info","comment_info","category_info","tag_info","taxonomy_info","featured_image_src","featured_image_src_square"],"_links":{"self":[{"href":"https:\/\/gbta.org\/fr\/wp-json\/wp\/v2\/posts\/2480","targetHints":{"allow":["GET"]}}],"collection":[{"href":"https:\/\/gbta.org\/fr\/wp-json\/wp\/v2\/posts"}],"about":[{"href":"https:\/\/gbta.org\/fr\/wp-json\/wp\/v2\/types\/post"}],"author":[{"embeddable":true,"href":"https:\/\/gbta.org\/fr\/wp-json\/wp\/v2\/users\/25"}],"replies":[{"embeddable":true,"href":"https:\/\/gbta.org\/fr\/wp-json\/wp\/v2\/comments?post=2480"}],"version-history":[{"count":0,"href":"https:\/\/gbta.org\/fr\/wp-json\/wp\/v2\/posts\/2480\/revisions"}],"wp:attachment":[{"href":"https:\/\/gbta.org\/fr\/wp-json\/wp\/v2\/media?parent=2480"}],"wp:term":[{"taxonomy":"category","embeddable":true,"href":"https:\/\/gbta.org\/fr\/wp-json\/wp\/v2\/categories?post=2480"},{"taxonomy":"post_tag","embeddable":true,"href":"https:\/\/gbta.org\/fr\/wp-json\/wp\/v2\/tags?post=2480"}],"curies":[{"name":"wp","href":"https:\/\/api.w.org\/{rel}","templated":true}]}}