{"id":2540,"date":"2021-06-08T10:00:00","date_gmt":"2021-06-08T14:00:00","guid":{"rendered":"https:\/\/gbta.org\/check-in-with-suzanne-14\/"},"modified":"2022-09-29T11:52:07","modified_gmt":"2022-09-29T15:52:07","slug":"check-in-with-suzanne-14","status":"publish","type":"post","link":"https:\/\/gbta.org\/fr\/check-in-with-suzanne-14\/","title":{"rendered":"Rendez-vous avec Suzanne"},"content":{"rendered":"<p>Bonjour \u00e0 tous -<\/p>\n<p>&nbsp;<\/p>\n<p>Il se passe tellement de choses dans le d\u00e9gel des fronti\u00e8res gel\u00e9es par le COVID \u2013 j&#039;aimerais <strong>se concentrer sur l&#039;Europe<\/strong> cette semaine.<\/p>\n<p>Le Conseil et le Parlement de l&#039;UE ont r\u00e9cemment convenu d&#039;introduire des \u00ab\u00a0certificats num\u00e9riques Covid de l&#039;UE\u00a0\u00bb pour faciliter la libre circulation \u00e0 travers l&#039;Europe \u00e0 partir du 1er juillet. Alors que les nouvelles de l&#039;UE progressent concernant l&#039;ouverture de ses fronti\u00e8res aux voyageurs entrants, nous, \u00e0 la GBTA, nous engageons activement pour garantir que les entreprises les voyageurs sont au premier plan de ces politiques.<\/p>\n<p>Et il y a de bonnes nouvelles : la semaine derni\u00e8re, nous avons appris que sept pays de l&#039;UE (la Bulgarie, la R\u00e9publique tch\u00e8que, le Danemark, l&#039;Allemagne, la Gr\u00e8ce, la Croatie et la Pologne) ont d\u00e9j\u00e0 commenc\u00e9 \u00e0 d\u00e9livrer les premiers certificats de l&#039;UE, pr\u00e8s d&#039;un mois avant la date pr\u00e9vue, et 4 parmi eux \u2013 la Bulgarie, la Croatie, la Gr\u00e8ce et l\u2019Allemagne (et la France et l\u2019Espagne cette semaine seulement) \u2013 ont annonc\u00e9 qu\u2019ils renonceraient aux exigences de test et de quarantaine pour les voyageurs entrants pr\u00e9sentant une preuve de vaccination compl\u00e8te ou de gu\u00e9rison.<\/p>\n<p>GBTA et nos membres\/partenaires saluent l\u2019introduction de ces certificats num\u00e9riques Covid de l\u2019UE. Nous rencontrons activement les \u00c9tats membres de l\u2019Union europ\u00e9enne pour promouvoir les besoins des voyageurs d\u2019affaires dans le cadre d\u2019un retour unifi\u00e9 aux voyages \u2013 y compris, jusqu\u2019\u00e0 pr\u00e9sent, les attach\u00e9s europ\u00e9ens de Gr\u00e8ce et de Su\u00e8de (cette derni\u00e8re rejointe par nos partenaires de l\u2019Association su\u00e9doise des voyages d\u2019affaires).<\/p>\n<p>Des mesures suppl\u00e9mentaires sont n\u00e9cessaires et la GBTA continue de souligner l&#039;importance d&#039;une approche de plaidoyer unifi\u00e9e pour le retour des voyages d&#039;affaires \u00e0 travers les fronti\u00e8res. Seule une approche unifi\u00e9e garantira que les voyages d\u2019affaires et la valeur qu\u2019ils apportent aux \u00e9conomies, \u00e0 la culture et \u00e0 la croissance des entreprises stimuleront une forte reprise mondiale.<\/p>\n<p>Et c&#039;\u00e9tait un d\u00e9licieux changement de rythme que de lire les m\u00e9dias grand public la semaine derni\u00e8re, d&#039;accord avec nous sur le <strong>retour de voyage d&#039;affaires<\/strong>: <a href=\"https:\/\/www.wsj.com\/articles\/business-travel-is-coming-back-11622547001\">https:\/\/www.wsj.com\/articles\/business-travel-is-coming-back-11622547001<\/a><\/p>\n<p>&nbsp;<\/p>\n<p><strong>Le chemin vers le congr\u00e8s\u00a0:<\/strong> Comme je l&#039;ai partag\u00e9 la semaine derni\u00e8re, les inscriptions sont d\u00e9sormais ouvertes pour notre congr\u00e8s annuel, du 17 au 19 novembre, \u00e0 Orlando, en Floride. <em>Vient d&#039;\u00eatre annonc\u00e9<\/em>: Le d\u00e9jeuner sur la sc\u00e8ne principale du 17 novembre comprendra une conversation orient\u00e9e vers l&#039;action sur la durabilit\u00e9 avec plusieurs invit\u00e9s de marque, dont Carlos Maurer, vice-pr\u00e9sident ex\u00e9cutif du commerce\/secteurs mondiaux et de la d\u00e9carbonisation de Royal Dutch Shell, et Paul Abbott, PDG d&#039;AMEX Global Business Travel. , aux c\u00f4t\u00e9s d&#039;autres leaders du changement dans l&#039;industrie de l&#039;aviation et des programmes de voyages mondiaux. Nous partagerons des mises \u00e0 jour sur les autres sessions et conf\u00e9renciers au fur et \u00e0 mesure de leur confirmation. Tu peux <a href=\"https:\/\/convention.gbta.org\/?_ga=2.168712994.2098529178.1622773628-1780588418.1595976199\">Cliquez ici<\/a> pour vous inscrire \u00e0 la Convention.<\/p>\n<p>&nbsp;<\/p>\n<p><strong><u>Nouvelles \u00e0 savoir<\/u><\/strong><\/p>\n<p><strong>Le taux de vaccination stimule la reprise de l\u2019h\u00e9bergement aux \u00c9tats-Unis\u00a0: <\/strong>Dans son rapport Hospitality Directions publi\u00e9 la semaine derni\u00e8re, PwC a am\u00e9lior\u00e9 son <a href=\"https:\/\/www.businesstravelnews.com\/Lodging\/PwC-Vaccination-Deployment-Driving-Earlier-US-Lodging-Recovery?utm_source=newsletter&amp;utm_medium=email&amp;utm_campaign=eltrdaily&amp;oly_enc_id=2193B3357467C0V\">Projections du taux d\u2019occupation des h\u00f4tels aux \u00c9tats-Unis pour 2021<\/a> \u00e0 57,2 pour cent \u2013 en hausse par rapport \u00e0 sa pr\u00e9vision de 52,7 pour cent en novembre dernier \u2013 attribuant cette projection positive au d\u00e9ploiement de vaccins, \u00e0 un soutien budg\u00e9taire f\u00e9d\u00e9ral suppl\u00e9mentaire et \u00e0 des strat\u00e9gies de politique mon\u00e9taire \u00e0 long terme.<\/p>\n<p><strong>Liste verte britannique des destinations non \u00e9largies\u00a0:<\/strong> Le secr\u00e9taire britannique aux Transports a confirm\u00e9 que les \u00c9tats-Unis ne seraient pas ajout\u00e9s \u00e0 <a href=\"https:\/\/www.businesstravelnewseurope.com\/Air-Travel\/Reports-Hopes-for-green-list-additions-dashed?utm_source=newsletter&amp;utm_medium=email&amp;utm_campaign=eltrbtneurope\">la liste verte<\/a>, et sept pays sont ajout\u00e9s \u00e0 la liste rouge, dont les arriv\u00e9es sont interdites. La semaine derni\u00e8re \u00e9galement, la Commission europ\u00e9enne a propos\u00e9 de mettre \u00e0 jour les crit\u00e8res de voyage actuels li\u00e9s au COVID-19 afin de permettre aux \u00c9tats membres d&#039;assouplir progressivement les mesures de voyage pour les personnes voyageant au sein des \u00c9tats membres de l&#039;UE. <a href=\"https:\/\/ec.europa.eu\/commission\/presscorner\/detail\/en\/ip_21_2782\">Cliquez ici<\/a> pour en savoir plus sur les autres mises \u00e0 jour propos\u00e9es.<\/p>\n<p><strong>Le IATA Travel Pass fait ses d\u00e9buts en Am\u00e9rique du Sud\u00a0:<\/strong> Avianca Airlines sera le <a href=\"https:\/\/www.aviacionline.com\/2021\/05\/avianca-will-be-the-first-airline-in-south-america-to-use-the-iata-travel-pass\/\">premi\u00e8re entreprise de la r\u00e9gion \u00e0 utiliser le passeport num\u00e9rique<\/a> \u2013 d\u00e9velopp\u00e9 pour faciliter les contr\u00f4les sanitaires sur les vols internationaux \u2013 en commen\u00e7ant par un programme pilote sur les vols entre Bogota et Miami. Nouvelles plus prometteuses\u00a0: davantage de compagnies a\u00e9riennes internationales sont revenues dans les Cara\u00efbes mexicaines, contribuant ainsi \u00e0 <a href=\"https:\/\/aerolatinnews.com\/gobiernos\/regresan-mas-aerolineas-internacionales-al-caribe-mexicano\/\">r\u00e9activer le tourisme dans la r\u00e9gion<\/a>.<\/p>\n<p><strong>La Table ronde canadienne sur le voyage et le tourisme pousse \u00e0 la r\u00e9ouverture des voyages\u00a0: <\/strong>La Table ronde, dont GBTA Canada est membre, est <a href=\"https:\/\/www.newswire.ca\/news-releases\/canadian-travel-amp-tourism-roundtable-encourages-government-to-lay-out-an-implementation-plan-based-on-the-health-canada-expert-report-and-reopen-travel-for-canadians-871113150.html\">demander au gouvernement de publier imm\u00e9diatement un plan de mise en \u0153uvre<\/a> sur la base des recommandations formul\u00e9es dans le <a href=\"https:\/\/www.canada.ca\/en\/health-canada\/services\/drugs-health-products\/covid19-industry\/medical-devices\/testing-screening-advisory-panel\/reports-summaries\/priority-strategies-quarantine-borders.html#a2\">Rapport du Groupe consultatif d&#039;experts sur les tests et le d\u00e9pistage de la COVID-19<\/a>, affirmant que \u00ab les Canadiens font leur part en se faisant vacciner ; il est maintenant temps de fournir des conseils clairs, opportuns et s\u00fbrs sur la r\u00e9ouverture des voyages et la r\u00e9union des familles et des amis.<\/p>\n<p>&nbsp;<\/p>\n<p><strong><u>Nouvelles et rappels GBTA<\/u><\/strong><\/p>\n<p><strong>\u00c9coutez les candidats au conseil d\u2019administration de la GBTA le 15 juin\u00a0: <\/strong>Veuillez prendre le temps d&#039;assister au Forum mondial virtuel des candidats pour entendre les candidats aux si\u00e8ges ouverts au conseil d&#039;administration. Les candidats partageront leurs visions pour la GBTA avant le d\u00e9but du vote le 21 juin. <a href=\"https:\/\/gbta.org\/fr\/calendar\/all-programs\/eventid\/1196\/e\/global-candidate-forum-15-jun-2021\/\">Inscrivez-vous ici<\/a> pour cette s\u00e9ance importante.<\/p>\n<p><strong>La mairie de GBTA LATAM aura lieu ce jeudi\u00a0: <\/strong>Au cours de cette r\u00e9union du 10 juin, vous entendrez une mise \u00e0 jour de Nidia Quintero, vice-pr\u00e9sidente du comit\u00e9 diversit\u00e9, \u00e9quit\u00e9 et inclusion (DE&amp;I) de la GBTA. Participez et d\u00e9couvrez pourquoi DEI devrait \u00eatre une priorit\u00e9 dans votre entreprise. <a href=\"https:\/\/gbta.org\/fr\/calendar\/all-programs\/eventid\/1178\/e\/gbta-latam-town-hall-10-jun-2021\/?_ga=2.247765892.2098529178.1622773628-1780588418.1595976199\">Inscrivez-vous ici<\/a>.<\/p>\n<p>&nbsp;<\/p>\n<p>Bonne semaine et restez en bonne sant\u00e9,<\/p>\n<p>Suzanne<\/p>","protected":false},"excerpt":{"rendered":"<p>Bonjour \u00e0 tous - Il se passe tellement de choses dans le d\u00e9gel des fronti\u00e8res gel\u00e9es par le COVID - J&#039;aimerais me concentrer sur l&#039;Europe cette semaine. Le Conseil et le Parlement de l&#039;UE ont r\u00e9cemment convenu d&#039;introduire des \u00abcertificats num\u00e9riques Covid de l&#039;UE\u00bb pour faciliter la libre circulation \u00e0 travers l&#039;Europe \u00e0 partir du 1er juillet. Alors que les nouvelles de l&#039;UE progressent sur l&#039;ouverture de ses fronti\u00e8res\u2026<\/p>","protected":false},"author":25,"featured_media":0,"comment_status":"open","ping_status":"open","sticky":false,"template":"","format":"standard","meta":{"_acf_changed":false,"_seopress_robots_primary_cat":"none","_seopress_titles_title":"","_seopress_titles_desc":"","_seopress_robots_index":"","om_disable_all_campaigns":false,"_relevanssi_hide_post":"","_relevanssi_hide_content":"","_relevanssi_pin_for_all":"","_relevanssi_pin_keywords":"","_relevanssi_unpin_keywords":"","_relevanssi_related_keywords":"","_relevanssi_related_include_ids":"","_relevanssi_related_exclude_ids":"","_relevanssi_related_no_append":"","_relevanssi_related_not_related":"","_relevanssi_related_posts":"2477,1439,2017,1620,1171,2480","_relevanssi_noindex_reason":"","_kad_blocks_custom_css":"","_kad_blocks_head_custom_js":"","_kad_blocks_body_custom_js":"","_kad_blocks_footer_custom_js":"","_kad_post_transparent":"","_kad_post_title":"","_kad_post_layout":"","_kad_post_sidebar_id":"","_kad_post_content_style":"","_kad_post_vertical_padding":"","_kad_post_feature":"","_kad_post_feature_position":"","_kad_post_header":false,"_kad_post_footer":false,"footnotes":"","_links_to":"","_links_to_target":""},"categories":[1401,105,106,37],"tags":[],"class_list":["post-2540","post","type-post","status-publish","format-standard","hentry","category-diversity-equity-inclusion","category-europe-and-uk","category-latin-america","category-research-and-travel-trends"],"acf":[],"featured_image_src_large":false,"author_info":{"display_name":"jcampbell","author_link":"https:\/\/gbta.org\/fr\/author\/jcampbell\/"},"comment_info":"","category_info":[{"term_id":1401,"name":"Diversity, Equity &amp; Inclusion","slug":"diversity-equity-inclusion","term_group":0,"term_taxonomy_id":1401,"taxonomy":"category","description":"","parent":0,"count":40,"filter":"raw","cat_ID":1401,"category_count":40,"category_description":"","cat_name":"Diversity, Equity &amp; Inclusion","category_nicename":"diversity-equity-inclusion","category_parent":0},{"term_id":105,"name":"Europe and UK","slug":"europe-and-uk","term_group":0,"term_taxonomy_id":105,"taxonomy":"category","description":"","parent":0,"count":153,"filter":"raw","cat_ID":105,"category_count":153,"category_description":"","cat_name":"Europe and UK","category_nicename":"europe-and-uk","category_parent":0},{"term_id":106,"name":"Latin America","slug":"latin-america","term_group":0,"term_taxonomy_id":106,"taxonomy":"category","description":"","parent":0,"count":54,"filter":"raw","cat_ID":106,"category_count":54,"category_description":"","cat_name":"Latin America","category_nicename":"latin-america","category_parent":0},{"term_id":37,"name":"Research and Travel Trends","slug":"research-and-travel-trends","term_group":0,"term_taxonomy_id":37,"taxonomy":"category","description":"","parent":0,"count":966,"filter":"raw","cat_ID":37,"category_count":966,"category_description":"","cat_name":"Research and Travel Trends","category_nicename":"research-and-travel-trends","category_parent":0}],"tag_info":false,"taxonomy_info":{"category":[{"value":1401,"label":"Diversity, Equity &amp; Inclusion"},{"value":105,"label":"Europe and UK"},{"value":106,"label":"Latin America"},{"value":37,"label":"Research and Travel Trends"}]},"featured_image_src":null,"featured_image_src_square":null,"mfb_rest_fields":["featured_image_src_large","author_info","comment_info","category_info","tag_info","taxonomy_info","featured_image_src","featured_image_src_square"],"_links":{"self":[{"href":"https:\/\/gbta.org\/fr\/wp-json\/wp\/v2\/posts\/2540","targetHints":{"allow":["GET"]}}],"collection":[{"href":"https:\/\/gbta.org\/fr\/wp-json\/wp\/v2\/posts"}],"about":[{"href":"https:\/\/gbta.org\/fr\/wp-json\/wp\/v2\/types\/post"}],"author":[{"embeddable":true,"href":"https:\/\/gbta.org\/fr\/wp-json\/wp\/v2\/users\/25"}],"replies":[{"embeddable":true,"href":"https:\/\/gbta.org\/fr\/wp-json\/wp\/v2\/comments?post=2540"}],"version-history":[{"count":0,"href":"https:\/\/gbta.org\/fr\/wp-json\/wp\/v2\/posts\/2540\/revisions"}],"wp:attachment":[{"href":"https:\/\/gbta.org\/fr\/wp-json\/wp\/v2\/media?parent=2540"}],"wp:term":[{"taxonomy":"category","embeddable":true,"href":"https:\/\/gbta.org\/fr\/wp-json\/wp\/v2\/categories?post=2540"},{"taxonomy":"post_tag","embeddable":true,"href":"https:\/\/gbta.org\/fr\/wp-json\/wp\/v2\/tags?post=2540"}],"curies":[{"name":"wp","href":"https:\/\/api.w.org\/{rel}","templated":true}]}}