{"id":2551,"date":"2021-06-29T10:00:00","date_gmt":"2021-06-29T14:00:00","guid":{"rendered":"https:\/\/gbta.org\/check-in-with-suzanne-17\/"},"modified":"2022-09-29T11:46:29","modified_gmt":"2022-09-29T15:46:29","slug":"check-in-with-suzanne-17","status":"publish","type":"post","link":"https:\/\/gbta.org\/fr\/check-in-with-suzanne-17\/","title":{"rendered":"Rendez-vous avec Suzanne"},"content":{"rendered":"<p>Salut tout le monde -<\/p>\n<p>Le cycle de vie d&#039;une association comme la n\u00f4tre d\u00e9pend d&#039;une forte participation de ses membres, de sponsors d\u00e9vou\u00e9s, de programmes pertinents et d&#039;une bonne gouvernance. Et donc, mon sujet de cette semaine combine tout cela \u2013 autour de nos \u00e9lections. C\u2019est un peu une le\u00e7on d\u2019\u00e9ducation civique GBTA.<\/p>\n<p><strong>Quel est le contexte ?<\/strong><\/p>\n<p>Il y a quelques semaines \u00e0 peine, le Conseil a demand\u00e9 plus d&#039;informations sur la participation globale des \u00e9lecteurs aux deux votes des statuts du printemps. Bien que chacun de ces votes d\u2019amendement ait atteint le seuil requis de 10% pour la participation des \u00e9lecteurs \u00e9ligibles \u2013 avec un \u00ab oui \u00bb \u00e9crasant dans chacun d\u2019entre eux \u2013 le taux de participation global de 16% et 11% aurait pu \u00eatre meilleur. \u00c0 la demande du Conseil d&#039;administration, nous avons mis ces informations d\u00e9taill\u00e9es sur la participation \u00e9lectorale (par pays et type de membre) \u00e0 la disposition de tous les candidats candidats \u00e0 des si\u00e8ges vacants au Conseil d&#039;administration. Et maintenant, j&#039;aimerais \u00e9galement partager un r\u00e9sum\u00e9 des informations sur la participation \u00e9lectorale avec vous \u2013 nos membres et sponsors \u2013 dans le but d&#039;inciter davantage d&#039;entre vous \u00e0 s&#039;engager activement dans le vote et \u00e0 faire entendre leur voix.<\/p>\n<p>&nbsp;<\/p>\n<p><strong>Pourquoi partageons-nous cette information cette ann\u00e9e ? <\/strong><\/p>\n<p>Le vote en ligne est assez nouveau au GBTA. Et c\u2019est la premi\u00e8re fois que la GBTA demande l\u2019acc\u00e8s \u00e0 des donn\u00e9es plus d\u00e9taill\u00e9es sur la participation \u00e9lectorale lors d\u2019une \u00e9lection. Nous le partageons pour garantir la transparence et des r\u00e8gles du jeu \u00e9quitables entre tous les candidats, ainsi que pour sensibiliser notre base de membres.<\/p>\n<p><strong>&nbsp;<\/strong><\/p>\n<p><strong>Quels sont les d\u00e9tails des votes des statuts du printemps\u00a0?<\/strong><\/p>\n<ul>\n<li>Seize pour cent (16%) des membres \u00e9ligibles (directs uniquement) ont vot\u00e9 lors du vote de la s\u00e9rie 1 des statuts.<\/li>\n<li>Onze pour cent (11%) (directs et alli\u00e9s) ont vot\u00e9 lors du vote sur la s\u00e9rie 2 des statuts.<\/li>\n<li>Nous comprenons que cela s\u2019inscrit dans la norme des associations professionnelles de notre taille et de notre port\u00e9e\u00a0:\n<ul>\n<li>Nos 3<sup>rd<\/sup> Le partenaire des services \u00e9lectoraux du parti indique que cette gamme fait partie de ses clients d&#039;association les plus performants.<\/li>\n<li>MCI, la soci\u00e9t\u00e9 d&#039;externalisation et de conseil en associations avec laquelle GBTA a pass\u00e9 un contrat pour un audit approfondi en 2020, indique que les taux de participation de ses associations clientes varient entre 7 et 411 TP3T. (27% est la moyenne de leurs clients)<\/li>\n<li>ACTE, dont certains actifs ont \u00e9t\u00e9 achet\u00e9s par GBTA \u00e0 la fin de l&#039;ann\u00e9e derni\u00e8re, avait un taux de participation moyen des membres au vote de 13-20%, selon la r\u00e9gion.<\/li>\n<\/ul>\n<\/li>\n<\/ul>\n<p>&nbsp;<\/p>\n<p>Le r\u00e9sum\u00e9 par r\u00e9gion de chacun des votes des statuts de la GBTA est d\u00e9taill\u00e9 ci-dessous\u00a0:<\/p>\n<table width=\"495\">\n<tbody>\n<tr>\n<td colspan=\"3\" rowspan=\"3\" width=\"212\"><strong>Direct\/Alli\u00e9<\/strong><\/p>\n<p><strong>Adh\u00e9sion par r\u00e9gion <\/strong><\/p>\n<p><strong>au moment des votes des statuts&nbsp;<\/strong><\/td>\n<td width=\"71\"><\/td>\n<td width=\"71\"><strong>&nbsp;&nbsp;&nbsp; Moy. %<\/strong><\/td>\n<td width=\"71\"><\/td>\n<td width=\"71\"><\/td>\n<\/tr>\n<tr>\n<td colspan=\"3\" width=\"212\"><strong>membre votant par r\u00e9gion<\/strong><\/td>\n<td width=\"71\"><\/td>\n<\/tr>\n<tr>\n<td width=\"71\"><\/td>\n<td width=\"71\"><strong><u>vote 1<\/u><\/strong><\/td>\n<td width=\"71\"><\/td>\n<td width=\"71\"><strong><u>vote 2<\/u><\/strong><\/td>\n<\/tr>\n<tr>\n<td width=\"77\">EMEA<\/td>\n<td width=\"64\">40%<\/td>\n<td width=\"71\"><\/td>\n<td width=\"71\"><\/td>\n<td width=\"71\">7.66%<\/td>\n<td width=\"71\"><\/td>\n<td width=\"71\">6.62%<\/td>\n<\/tr>\n<tr>\n<td width=\"77\">NOUS<\/td>\n<td width=\"64\">53%<\/td>\n<td width=\"71\"><\/td>\n<td width=\"71\"><\/td>\n<td width=\"71\">21.67%<\/td>\n<td width=\"71\"><\/td>\n<td width=\"71\">14.84%<\/td>\n<\/tr>\n<tr>\n<td width=\"77\">LATAM<\/td>\n<td width=\"64\">0.72%<\/td>\n<td width=\"71\"><\/td>\n<td width=\"71\"><\/td>\n<td width=\"71\">4.70%<\/td>\n<td width=\"71\"><\/td>\n<td width=\"71\">0.5%<\/td>\n<\/tr>\n<tr>\n<td width=\"77\">APAC<\/td>\n<td width=\"64\">1.30%<\/td>\n<td width=\"71\"><\/td>\n<td width=\"71\"><\/td>\n<td width=\"71\">15.87%<\/td>\n<td width=\"71\"><\/td>\n<td width=\"71\">1.0%<\/td>\n<\/tr>\n<tr>\n<td width=\"77\">Canada<\/td>\n<td width=\"64\">5%<\/td>\n<td width=\"71\"><\/td>\n<td width=\"71\"><\/td>\n<td width=\"71\">19.18%<\/td>\n<td width=\"71\"><\/td>\n<td width=\"71\">14.29%<\/td>\n<\/tr>\n<\/tbody>\n<\/table>\n<p>&nbsp;<\/p>\n<p><strong>Quels sont les principaux points \u00e0 retenir\u00a0?<\/strong><\/p>\n<p>M\u00eame si c&#039;est \u00ab assez bon \u00bb, nous ne sommes pas satisfaits de la participation \u00e9lectorale moyenne de 11-16% \u2013 et voulons nous assurer de la battre au cours des prochaines semaines alors que les \u00e9lections au conseil d&#039;administration sont activement en cours. Nous souhaitons \u00e9galement que chaque r\u00e9gion joue un r\u00f4le important dans le choix de l&#039;avenir de notre association.<\/p>\n<p>Avec le plus grand nombre de candidats (24) jamais pr\u00e9sent\u00e9s \u00e0 une \u00e9lection de la GBTA cette ann\u00e9e \u2013 et le bassin de candidats le plus diversifi\u00e9 g\u00e9ographiquement dans l&#039;histoire de la GBTA \u2013 nous pensons qu&#039;il y a beaucoup d&#039;enthousiasme quant \u00e0 l&#039;avenir de l&#039;association en ce moment.<\/p>\n<p>En fait, notre objectif est d&#039;atteindre une participation \u00e9lectorale moyenne de 251 TP3T jusqu&#039;au 19 juillet, lorsque ces \u00e9lections au conseil d&#039;administration prendront fin. L\u2019engagement des membres fait de notre association un organisme professionnel dynamique et \u00e9volutif \u2013 chaque vote de nos membres compte. Il est temps de sortir le vote !<\/p>\n<p>&nbsp;<\/p>\n<p><strong>Concours \u00e9lectoral \u00ab\u00a0Sortez le vote\u00a0\u00bb<\/strong><\/p>\n<ul>\n<li>Nous organisons un concours parmi les cinq r\u00e9gions d\u00e9sign\u00e9es de la GBTA pour encourager le vote des membres actifs (Europe, Canada, LATAM, APAC, \u00c9tats-Unis).<\/li>\n<li>Tous les membres votants participeront \u00e0 un tirage au sort pour avoir la chance de gagner l&#039;un des cinq bons GBTA d&#039;une valeur de $1 000 USD.*<\/li>\n<li>Les gagnants gagneront \u00e9galement $1 000 USD de bons GBTA pour leur <em>chapitre ou entit\u00e9 r\u00e9gionale<\/em> (leur \u00ab port d&#039;attache \u00bb) pour \u00eatre affect\u00e9s aux objectifs \u00e9ducatifs de l&#039;unit\u00e9.<\/li>\n<li>Avant la fin juillet, les services \u00e9lectoraux choisiront au hasard parmi tous les \u00e9lecteurs les cinq gagnants. GBTA annoncera les gagnants dans un Daily News Brief.<\/li>\n<\/ul>\n<p><em>*Les bons GBTA peuvent \u00eatre utilis\u00e9s pour toute d\u00e9pense directe GBTA, y compris les congr\u00e8s, les conf\u00e9rences r\u00e9gionales, l&#039;\u00e9ducation ou l&#039;adh\u00e9sion. Les bons expireront 2 ans apr\u00e8s leur \u00e9mission.<\/em><\/p>\n<p><strong>&nbsp;<\/strong><\/p>\n<p><strong>Alors, comment voter aux \u00e9lections du conseil d\u2019administration de la GBTA\u00a0?<\/strong><\/p>\n<p>Les \u00e9lections se sont ouvertes le <strong>Lundi 21 juin et fermeture le lundi 19 juillet<\/strong> \u00e0 17 h HAE. Les membres devraient avoir re\u00e7u un courriel des services \u00e9lectoraux \u2013 un vote\/courriel par membre. Si vous n&#039;avez pas re\u00e7u votre e-mail, veuillez contacter Shane Downey de GBTA \u00e0 <a href=\"mailto:sdowney@gbta.org\">sdowney@gbta.org<\/a>.<\/p>\n<p>Les r\u00e9sultats des \u00e9lections seront annonc\u00e9s le mardi 20 juillet lors de la r\u00e9union d&#039;affaires annuelle virtuelle et du sommet de mi-ann\u00e9e. Assurez-vous de <a href=\"https:\/\/gbta.swoogo.com\/summitabm\/home\">S&#039;inscrire<\/a> et obtenez les r\u00e9sultats de premi\u00e8re main.<\/p>\n<p><strong>Quels postes au conseil d\u2019administration sont ouverts ?<\/strong><\/p>\n<ul>\n<li>Pr\u00e9sident<\/li>\n<li>Vice pr\u00e9sident<\/li>\n<li>Un (1) membre direct \u00e0 titre g\u00e9n\u00e9ral<\/li>\n<li>Un (1) membre direct r\u00e9gional europ\u00e9en<\/li>\n<li>Un (1) membre direct r\u00e9gional canadien<\/li>\n<li>Trois (3) membres alli\u00e9s en libert\u00e9<\/li>\n<\/ul>\n<p><strong>Qui peut voter et pourquoi est-il si important que les membres votent cette ann\u00e9e\u00a0?<\/strong><\/p>\n<p>Les membres de la GBTA ont vot\u00e9 sur deux s\u00e9ries de modifications aux statuts au cours des derniers mois afin de changer la fa\u00e7on dont l&#039;association est gouvern\u00e9e. D\u00e9sormais, pour la premi\u00e8re fois dans l&#039;histoire, les membres GBTA Allied et Direct ont la possibilit\u00e9 de participer au processus \u00e9lectoral et de voter pour CHACUN des postes vacants.<\/p>\n<p>Suite aux changements apport\u00e9s aux statuts, un nombre sans pr\u00e9c\u00e9dent de postes ouverts et une nouvelle repr\u00e9sentation mondiale sont en jeu. C&#039;est l&#039;occasion pour les membres de d\u00e9terminer l&#039;avenir de la GBTA, de faire entendre leur voix et de contribuer \u00e0 fa\u00e7onner l&#039;avenir de la GBTA en votant pour les candidats qui, selon vous, dirigeront le mieux notre organisation.<\/p>\n<p><strong>Pourquoi le conseil d\u2019administration de la GBTA est-il si important\u00a0?<\/strong><\/p>\n<p>Le conseil d&#039;administration de la GBTA sert d&#039;organe directeur et est charg\u00e9 d&#039;\u00e9tablir l&#039;orientation et l&#039;orientation de l&#039;association, jouant ainsi un r\u00f4le essentiel dans le fa\u00e7onnement de notre industrie.<\/p>\n<p>&nbsp;<\/p>\n<p><strong><u>Nouvelles \u00e0 savoir<\/u><\/strong><\/p>\n<p><strong>Les dirigeants financiers am\u00e9ricains projettent un rebond des voyages d\u2019affaires\u00a0: <\/strong>Dans <a href=\"https:\/\/www.businesstravelnews.com\/Procurement\/Survey-US-Financial-Execs-Project-Business-Travel-Rebound?utm_source=newsletter&amp;utm_medium=email&amp;utm_campaign=eltrdaily&amp;oly_enc_id=2193B3357467C0V\">une etude recente<\/a>, 34 % ont indiqu\u00e9 que leur organisation avait d\u00e9j\u00e0 atteint les niveaux de voyages d&#039;affaires d&#039;avant la pand\u00e9mie ou qu&#039;elle le ferait d&#039;ici la fin de l&#039;ann\u00e9e, et 29 autres pr\u00e9voient qu&#039;ils y parviendront dans les 12 mois \u00e0 venir. Il s\u2019agit de donn\u00e9es prometteuses, dans la mesure o\u00f9 ces personnes interrog\u00e9es constituent des dirigeants cl\u00e9s au sein des entreprises \u2013 PDG, directeurs financiers, contr\u00f4leurs et autres cadres sup\u00e9rieurs \u2013 qui d\u00e9tiennent des pouvoirs politiques et budg\u00e9taires. Pendant ce temps\u2026 La secr\u00e9taire am\u00e9ricaine au Commerce, Gina Raimondo, a annonc\u00e9 : \u00ab Je fais tout ce que je peux en tant que d\u00e9fenseur <a href=\"https:\/\/www.businesstravelnews.com\/Transportation\/US-Commerce-Secretary-Calls-Corp-Travel-Restart-Top-Priority-Details-Few?utm_source=newsletter&amp;utm_medium=email&amp;utm_campaign=eltrdaily&amp;oly_enc_id=2193B3357467C0V\">ouvrir des corridors cl\u00e9s pour les voyages d\u2019affaires \u00e0 l\u2019international<\/a>&quot;, sans donner de d\u00e9tails, mais en disant: &quot;J&#039;esp\u00e8re qu&#039;apr\u00e8s la f\u00eate du Travail, nous assisterons \u00e0 une belle augmentation des voyages d&#039;affaires et des voyages internationaux.&quot;<\/p>\n<p><strong>Les restrictions COVID de la r\u00e9gion europ\u00e9enne sont omnipr\u00e9sentes\u00a0: <\/strong>La semaine derni\u00e8re, le gouvernement britannique <a href=\"https:\/\/www.bbc.com\/news\/live\/uk-57592006\">a ajout\u00e9 plus de pays \u00e0 sa liste verte<\/a> et la Suisse a annonc\u00e9 qu&#039;elle <a href=\"https:\/\/www.businesstravelnewseurope.com\/Air-Travel\/Switzerland-to-loosen-entry-restrictions?utm_source=newsletter&amp;utm_medium=email&amp;utm_campaign=eltrbtneurope\">assouplissement des restrictions d&#039;entr\u00e9e<\/a> et permettra aux personnes voyageant en provenance de l\u2019espace Schengen d\u2019entrer sans obligation de quarantaine. Pendant ce temps, le gouvernement su\u00e9dois <a href=\"https:\/\/www.businesstravelnewseurope.com\/Air-Travel\/Sweden-extends-entry-ban?utm_source=newsletter&amp;utm_medium=email&amp;utm_campaign=eltrbtneurope\">a prolong\u00e9 son interdiction d&#039;entr\u00e9e<\/a> en voyage en provenance des pays de l&#039;UE\/EEE jusqu&#039;au 31 ao\u00fbt, \u00e0 l&#039;exception de ceux qui sont compl\u00e8tement vaccin\u00e9s, peuvent pr\u00e9senter un r\u00e9sultat n\u00e9gatif au test COVID-19 ou un certificat confirmant leur gu\u00e9rison du COVID-19.<\/p>\n<p><strong>Plus d\u2019avanc\u00e9es en LATAM\u00a0: <\/strong>LATAM Airlines a annonc\u00e9 la semaine derni\u00e8re qu&#039;elle <a href=\"https:\/\/www.aviacionline.com\/2021\/06\/latam-will-resume-its-flights-to-paris\/\">reprise des vols vers Paris<\/a> le 3 juillet, avec trois vols par semaine entre Santiago du Chili, S\u00e3o Paulo et Paris, avec l&#039;intention d&#039;augmenter prochainement leur pr\u00e9sence en Espagne. Et l&#039;a\u00e9roport international de Tocumen au Panama a vu <a href=\"https:\/\/www.aviacionline.com\/2021\/06\/panama-passenger-traffic-at-tocumen-airport-grew-24-in-may\/\">une augmentation de 24% du trafic passagers le mois dernier<\/a> \u2013 145 014 voyageurs de plus que lors du mois pr\u00e9c\u00e9dent.<\/p>\n<p>&nbsp;<\/p>\n<p><strong><u>Nouvelles et rappels GBTA<\/u><\/strong><\/p>\n<p><strong>GBTA France organise son premier \u00e9v\u00e9nement en personne\u00a0: <\/strong>Dans le cadre d&#039;une \u00ab victoire \u00bb pour la reprise des voyages d&#039;affaires, 95 participants, dont 35 acheteurs, se sont r\u00e9unis pour apprendre aupr\u00e8s d&#039;experts d&#039;Egencia, Air France, Accor et d&#039;autres sur la reprise des voyages d&#039;affaires, ainsi que sur les r\u00e9unions et \u00e9v\u00e9nements. La journ\u00e9e s&#039;est termin\u00e9e par un cocktail de r\u00e9seautage avec beaucoup d&#039;interactions personnelles ! Merci \u00e0 l&#039;Advisory Board de GBTA France et \u00e0 Val\u00e9rie Goll\u00e9ty, responsable r\u00e9gionale de GBTA France, pour l&#039;organisation d&#039;un \u00e9v\u00e9nement aussi exceptionnel.<\/p>\n<p><strong>GBTA LATAM ajoute Guadalupe \u00ab Lupita \u00bb Gomez \u00e0 l\u2019\u00e9quipe : <\/strong>Joignez-vous \u00e0 moi pour souhaiter la bienvenue \u00e0 Lupita, qui arrive chez GBTA avec plus de 35 ans d&#039;exp\u00e9rience dans l&#039;industrie du voyage d&#039;affaires et qui travaillera avec Candela Fernandez Wyngaard pour nous aider \u00e0 renforcer nos efforts au Mexique et dans toute la r\u00e9gion LATAM. Si vous souhaitez lui envoyer un message de bonjour, elle peut \u00eatre contact\u00e9e \u00e0 : <a href=\"mailto:lgomez@gbta.org\">lgomez@gbta.org<\/a>.<\/p>\n<p>Enfin, il y a deux rappels importants sur lesquels je vous demande d&#039;agir\u00a0:<\/p>\n<ul>\n<li><strong>\u00c9lection du conseil d&#039;administration\u00a0: <\/strong>Assurez-vous que votre voix soit entendue. S&#039;il vous pla\u00eet, prenez quelques minutes pour voter dans le tr\u00e8s important <a href=\"https:\/\/gbta.org\/fr\/elections-2021\/?_ga=2.23791290.1823992641.1624640829-1780588418.1595976199\">\u00c9lection du conseil d&#039;administration<\/a>.<\/li>\n<li><strong>Sommet virtuel de mi-ann\u00e9e et r\u00e9union d\u2019affaires annuelle\u00a0: <\/strong><a href=\"https:\/\/gbta.org\/fr\/gbta-annual-business-meeting-mid-year-virtual-summit\/\">Inscrivez-vous aujourd&#039;hui<\/a> pour cette importante session du 20 juillet afin d&#039;entendre les r\u00e9sultats de l&#039;\u00e9lection du conseil d&#039;administration et d&#039;en savoir plus sur les probl\u00e8mes et les solutions li\u00e9s \u00e0 la sortie de crise, aux nouvelles meilleures pratiques post-COVID et \u00e0 l&#039;excellence op\u00e9rationnelle, ainsi qu&#039;\u00e0 l&#039;avenir des voyages et du bien-\u00eatre.<\/li>\n<\/ul>\n<p>&nbsp;<\/p>\n<p>Suzanne<\/p>\n<p>&nbsp;<\/p>\n<p>&nbsp;<\/p>\n<p>&nbsp;<\/p>","protected":false},"excerpt":{"rendered":"<p>Bonjour \u00e0 tous - Le cycle de vie d&#039;une association comme la n\u00f4tre d\u00e9pend d&#039;une forte participation des membres, de sponsors d\u00e9vou\u00e9s, de programmes pertinents et d&#039;une bonne gouvernance. Et donc, mon sujet de cette semaine combine tout cela - autour de nos \u00e9lections. C&#039;est un peu une le\u00e7on d&#039;\u00e9ducation civique GBTA. Quel est l&#039;arri\u00e8re-plan\u00a0? Il y a quelques semaines \u00e0 peine, le conseil\u2026<\/p>","protected":false},"author":25,"featured_media":0,"comment_status":"open","ping_status":"open","sticky":false,"template":"","format":"standard","meta":{"_acf_changed":false,"_seopress_robots_primary_cat":"none","_seopress_titles_title":"","_seopress_titles_desc":"","_seopress_robots_index":"","om_disable_all_campaigns":false,"_relevanssi_hide_post":"","_relevanssi_hide_content":"","_relevanssi_pin_for_all":"","_relevanssi_pin_keywords":"","_relevanssi_unpin_keywords":"","_relevanssi_related_keywords":"","_relevanssi_related_include_ids":"","_relevanssi_related_exclude_ids":"","_relevanssi_related_no_append":"","_relevanssi_related_not_related":"","_relevanssi_related_posts":"2477,1439,2017,1620,1171,2480","_relevanssi_noindex_reason":"","_kad_blocks_custom_css":"","_kad_blocks_head_custom_js":"","_kad_blocks_body_custom_js":"","_kad_blocks_footer_custom_js":"","_kad_post_transparent":"","_kad_post_title":"","_kad_post_layout":"","_kad_post_sidebar_id":"","_kad_post_content_style":"","_kad_post_vertical_padding":"","_kad_post_feature":"","_kad_post_feature_position":"","_kad_post_header":false,"_kad_post_footer":false,"footnotes":"","_links_to":"","_links_to_target":""},"categories":[1437,106,1152,45],"tags":[],"class_list":["post-2551","post","type-post","status-publish","format-standard","hentry","category-covid-19","category-latin-america","category-meetings-and-events","category-news-and-press-releases"],"acf":[],"featured_image_src_large":false,"author_info":{"display_name":"jcampbell","author_link":"https:\/\/gbta.org\/fr\/author\/jcampbell\/"},"comment_info":"","category_info":[{"term_id":1437,"name":"COVID-19","slug":"covid-19","term_group":0,"term_taxonomy_id":1437,"taxonomy":"category","description":"","parent":0,"count":124,"filter":"raw","cat_ID":1437,"category_count":124,"category_description":"","cat_name":"COVID-19","category_nicename":"covid-19","category_parent":0},{"term_id":106,"name":"Latin America","slug":"latin-america","term_group":0,"term_taxonomy_id":106,"taxonomy":"category","description":"","parent":0,"count":54,"filter":"raw","cat_ID":106,"category_count":54,"category_description":"","cat_name":"Latin America","category_nicename":"latin-america","category_parent":0},{"term_id":1152,"name":"Meetings and Events","slug":"meetings-and-events","term_group":0,"term_taxonomy_id":1152,"taxonomy":"category","description":"","parent":0,"count":56,"filter":"raw","cat_ID":1152,"category_count":56,"category_description":"","cat_name":"Meetings and Events","category_nicename":"meetings-and-events","category_parent":0},{"term_id":45,"name":"News and Press Releases","slug":"news-and-press-releases","term_group":0,"term_taxonomy_id":45,"taxonomy":"category","description":"","parent":0,"count":541,"filter":"raw","cat_ID":45,"category_count":541,"category_description":"","cat_name":"News and Press Releases","category_nicename":"news-and-press-releases","category_parent":0}],"tag_info":false,"taxonomy_info":{"category":[{"value":1437,"label":"COVID-19"},{"value":106,"label":"Latin America"},{"value":1152,"label":"Meetings and Events"},{"value":45,"label":"News and Press Releases"}]},"featured_image_src":null,"featured_image_src_square":null,"mfb_rest_fields":["featured_image_src_large","author_info","comment_info","category_info","tag_info","taxonomy_info","featured_image_src","featured_image_src_square"],"_links":{"self":[{"href":"https:\/\/gbta.org\/fr\/wp-json\/wp\/v2\/posts\/2551","targetHints":{"allow":["GET"]}}],"collection":[{"href":"https:\/\/gbta.org\/fr\/wp-json\/wp\/v2\/posts"}],"about":[{"href":"https:\/\/gbta.org\/fr\/wp-json\/wp\/v2\/types\/post"}],"author":[{"embeddable":true,"href":"https:\/\/gbta.org\/fr\/wp-json\/wp\/v2\/users\/25"}],"replies":[{"embeddable":true,"href":"https:\/\/gbta.org\/fr\/wp-json\/wp\/v2\/comments?post=2551"}],"version-history":[{"count":0,"href":"https:\/\/gbta.org\/fr\/wp-json\/wp\/v2\/posts\/2551\/revisions"}],"wp:attachment":[{"href":"https:\/\/gbta.org\/fr\/wp-json\/wp\/v2\/media?parent=2551"}],"wp:term":[{"taxonomy":"category","embeddable":true,"href":"https:\/\/gbta.org\/fr\/wp-json\/wp\/v2\/categories?post=2551"},{"taxonomy":"post_tag","embeddable":true,"href":"https:\/\/gbta.org\/fr\/wp-json\/wp\/v2\/tags?post=2551"}],"curies":[{"name":"wp","href":"https:\/\/api.w.org\/{rel}","templated":true}]}}