{"id":2584,"date":"2021-08-26T10:00:00","date_gmt":"2021-08-26T14:00:00","guid":{"rendered":"https:\/\/gbta.org\/business-travel-continues-moving-forward-but-uncertainty-around-variants-impacts-more-accelerated-recovery\/"},"modified":"2022-09-29T10:55:54","modified_gmt":"2022-09-29T14:55:54","slug":"business-travel-continues-moving-forward-but-uncertainty-around-variants-impacts-more-accelerated-recovery","status":"publish","type":"post","link":"https:\/\/gbta.org\/fr\/business-travel-continues-moving-forward-but-uncertainty-around-variants-impacts-more-accelerated-recovery\/","title":{"rendered":"Les voyages d&#039;affaires continuent d&#039;aller de l&#039;avant, mais l&#039;incertitude entourant les variantes a un impact sur une reprise plus rapide"},"content":{"rendered":"<p><b><span data-contrast=\"none\">Alexandrie, Virginie&nbsp;<\/span><\/b><span data-contrast=\"none\">\u2013&nbsp;<\/span><span data-contrast=\"none\">L&#039;industrie du voyage d&#039;affaires<\/span><span data-contrast=\"none\">&nbsp;<\/span><span data-contrast=\"none\">continue de faire \u00e9tat d&#039;un<\/span><span data-contrast=\"none\">&nbsp;<\/span><span data-contrast=\"none\">volont\u00e9 et optimisme quant au retour aux voyages d&#039;affaires<\/span><span data-contrast=\"none\">.&nbsp;<\/span><span data-contrast=\"none\">Cependant,<\/span><span data-contrast=\"none\">&nbsp;<\/span><span data-contrast=\"none\">la mont\u00e9e en puissance de la variante Delta<\/span><span data-contrast=\"none\">&nbsp;<\/span><span data-contrast=\"none\">et d&#039;autres variantes est devenu une cause d&#039;incertitude et d&#039;inqui\u00e9tude accrue au cours du mois dernier.<\/span><span data-contrast=\"none\">&nbsp;<\/span><span data-contrast=\"none\">C&#039;est selon le dernier sondage de The<\/span><span data-contrast=\"none\">&nbsp;Global Business Travel Association (GBTA) - la plus grande association de voyages d&#039;affaires au monde et leader mondial dans l&#039;\u00e9ducation, la recherche, le r\u00e9seautage et la d\u00e9fense de l&#039;industrie<\/span><span data-contrast=\"none\">.&nbsp;<\/span><span data-ccp-props=\"{&quot;201341983&quot;:0,&quot;335559739&quot;:160,&quot;335559740&quot;:259}\">&nbsp;<\/span><\/p>\n<p><span data-contrast=\"none\">Cette<\/span><span data-contrast=\"none\">&nbsp;<\/span><span data-contrast=\"none\">sondage<\/span><span data-contrast=\"none\">&nbsp;<\/span><span data-contrast=\"none\">est<\/span><span data-contrast=\"none\">&nbsp;<\/span><span data-contrast=\"none\">le 22<\/span><span data-contrast=\"none\">&nbsp;<\/span><span data-contrast=\"none\">dans un<\/span><span data-contrast=\"none\">&nbsp;<\/span><span data-contrast=\"none\">s\u00e9rie<\/span><span data-contrast=\"none\">&nbsp;<\/span><span data-contrast=\"none\">suivi<\/span><span data-contrast=\"none\">&nbsp;<\/span><span data-contrast=\"none\">le pouls de&nbsp;<\/span><span data-contrast=\"auto\">L&#039;adh\u00e9sion de GBTA aux acheteurs de voyages mondiaux<\/span><span data-contrast=\"auto\">,&nbsp;<\/span><span data-contrast=\"auto\">Fournisseurs<\/span><span data-contrast=\"none\">&nbsp;<\/span><span data-contrast=\"none\">et d&#039;autres parties prenantes sur la mani\u00e8re dont<\/span><span data-contrast=\"none\">&nbsp;<\/span><span data-contrast=\"none\">l&#039;industrie du voyage d&#039;affaires dans son ensemble est<\/span><span data-contrast=\"none\">&nbsp;<\/span><span data-contrast=\"none\">naviguer<\/span><span data-contrast=\"none\">&nbsp;<\/span><span data-contrast=\"none\">le retour au voyage<\/span><span data-contrast=\"none\">,<\/span><span data-contrast=\"none\">&nbsp;post-pand\u00e9mie.<\/span><span data-contrast=\"none\">&nbsp;<\/span><span data-contrast=\"auto\">Ce dernier sondage a \u00e9galement<\/span><span data-contrast=\"auto\">&nbsp;<\/span><span data-contrast=\"auto\">questions incluses<\/span><span data-contrast=\"auto\">&nbsp;<\/span><span data-contrast=\"auto\">sur la variante Delta et d&#039;autres variantes et leur<\/span><span data-contrast=\"auto\">&nbsp;<\/span><span data-contrast=\"auto\">potentiel<\/span><span data-contrast=\"auto\">&nbsp;<\/span><span data-contrast=\"auto\">impact sur les d\u00e9placements professionnels.<\/span><span data-ccp-props=\"{&quot;201341983&quot;:0,&quot;335559739&quot;:160,&quot;335559740&quot;:259}\">&nbsp;<\/span><\/p>\n<p><span data-contrast=\"auto\">&quot;<\/span><span data-contrast=\"auto\">Les voyages d&#039;affaires continuent de faire<\/span><span data-contrast=\"auto\">&nbsp;<\/span><span data-contrast=\"auto\">le progr\u00e8s<\/span><span data-contrast=\"auto\">&nbsp;<\/span><span data-contrast=\"auto\">et spectacle<\/span><span data-contrast=\"auto\">&nbsp;<\/span><span data-contrast=\"auto\">petits gains sur la voie de la reprise. La variante Delta a introduit un petit d\u00e9tour<\/span><span data-contrast=\"auto\">,<\/span><span data-contrast=\"auto\">&nbsp;du moins \u00e0 court terme<\/span><span data-contrast=\"auto\">.&nbsp;<\/span><span data-contrast=\"auto\">Avec le soutien d&#039;une att\u00e9nuation ad\u00e9quate des risques, les voyageurs continuent<\/span><span data-contrast=\"auto\">&nbsp;<\/span><span data-contrast=\"auto\">se remettre aux affaires<\/span><span data-contrast=\"auto\">&nbsp;<\/span><span data-contrast=\"auto\">pendant une pand\u00e9mie qui ne s&#039;en va pas aussi vite qu&#039;esp\u00e9r\u00e9<\/span><span data-contrast=\"auto\">,<\/span><span data-contrast=\"auto\">\u00bb, a d\u00e9clar\u00e9 Suzanne Neufang, PDG de GBTA.<\/span><span data-contrast=\"auto\">&nbsp;&quot;<\/span><span data-contrast=\"auto\">L&#039;industrie continue d&#039;\u00eatre r\u00e9siliente<\/span><span data-contrast=\"auto\">,<\/span><span data-contrast=\"auto\">&nbsp;adaptable<\/span><span data-contrast=\"auto\">&nbsp;<\/span><span data-contrast=\"auto\">et engag\u00e9<\/span><span data-contrast=\"auto\">&nbsp;<\/span><span data-contrast=\"auto\">\u00e0 aller de l&#039;avant pour des voyages d&#039;affaires s\u00fbrs et responsables pour les employ\u00e9s et les entreprises du monde entier.<\/span><span data-contrast=\"auto\">\u201d<\/span><span data-ccp-props=\"{&quot;201341983&quot;:0,&quot;335559739&quot;:160,&quot;335559740&quot;:259}\">&nbsp;<\/span><\/p>\n<p><b><span data-contrast=\"auto\">Solide<\/span><\/b><b><span data-contrast=\"auto\">&nbsp;<\/span><\/b><b><span data-contrast=\"auto\">indicateurs sur la voie de la reprise des voyages d&#039;affaires<\/span><\/b><span data-ccp-props=\"{&quot;201341983&quot;:0,&quot;335559739&quot;:160,&quot;335559740&quot;:259}\">&nbsp;<\/span><\/p>\n<ul>\n<li data-leveltext=\"\uf0b7\" data-font=\"Symbol\" data-listid=\"1\" data-aria-posinset=\"1\" data-aria-level=\"1\"><span data-contrast=\"auto\">VOLONT\u00c9 DE VOYAGE, LES VOYAGES INT\u00c9RIEURS CONTINUENT. Dans le sondage d&#039;ao\u00fbt, sept acheteurs de voyages GBTA sur dix (72%) ont estim\u00e9 que leurs employ\u00e9s \u00e9taient \u00abdispos\u00e9s\u00bb ou \u00abtr\u00e8s dispos\u00e9s\u00bb \u00e0 voyager pour affaires dans l&#039;environnement actuel (assez coh\u00e9rent avec 77% en juillet). Et les voyages d&#039;affaires int\u00e9rieurs non essentiels continuent d&#039;\u00eatre plus fr\u00e9quemment autoris\u00e9s. En termes de voyages au cours des 30 derniers jours, 60% a indiqu\u00e9 que c&#039;\u00e9tait &quot;parfois&quot; ou &quot;g\u00e9n\u00e9ralement&quot; autoris\u00e9.<\/span><\/li>\n<li data-leveltext=\"\uf0b7\" data-font=\"Symbol\" data-listid=\"1\" data-aria-posinset=\"2\" data-aria-level=\"1\"><span data-contrast=\"auto\">PLUS DE VOYAGE EN AVANT. Plus de la moiti\u00e9 des membres et parties prenantes de la GBTA d\u00e9clarent s&#039;attendre \u00e0 ce que les voyages d&#039;affaires connaissent une augmentation significative (8%) ou mod\u00e9r\u00e9e (47%) entre septembre et novembre 2021. Les r\u00e9pondants d&#039;Europe (75%) sont plus susceptibles que ceux d&#039;Am\u00e9rique du Nord (51%) de s&#039;attendre \u00e0 ce que les voyages d&#039;affaires connaissent une augmentation significative ou mod\u00e9r\u00e9e au cours de cette p\u00e9riode.<\/span><span data-ccp-props=\"{&quot;134233279&quot;:true,&quot;201341983&quot;:0,&quot;335559739&quot;:160,&quot;335559740&quot;:259}\">&nbsp;<\/span><\/li>\n<li data-leveltext=\"\uf0b7\" data-font=\"Symbol\" data-listid=\"1\" data-aria-posinset=\"3\" data-aria-level=\"1\"><span data-contrast=\"auto\">LES D\u00c9PENSES AUGMENTENT, LES R\u00c9SERVATIONS STABLES. Lorsqu&#039;on a demand\u00e9 aux acheteurs de voyages et aux professionnels de l&#039;approvisionnement comment les d\u00e9penses de voyage de l&#039;entreprise avaient chang\u00e9 par rapport au mois pr\u00e9c\u00e9dent, plus de la moiti\u00e9 (56%) ont d\u00e9clar\u00e9 que les d\u00e9penses de leur entreprise avaient augment\u00e9 \u00ab\u00a0quelque peu\u00a0\u00bb \u00e0 \u00ab\u00a0beaucoup\u00a0\u00bb. Lorsque les fournisseurs de voyages et les soci\u00e9t\u00e9s de gestion de voyages ont \u00e9t\u00e9 interrog\u00e9s sur leurs r\u00e9servations de la semaine pr\u00e9c\u00e9dente, pr\u00e8s de la moiti\u00e9 (46%) ont d\u00e9clar\u00e9 que leurs r\u00e9servations \u00e9taient rest\u00e9es les m\u00eames.<\/span><\/li>\n<\/ul>\n<ul>\n<li data-leveltext=\"\uf0b7\" data-font=\"Symbol\" data-listid=\"1\" data-aria-posinset=\"4\" data-aria-level=\"1\"><span data-contrast=\"auto\">PETITS GAINS. Les r\u00e9pondants au sondage ont signal\u00e9 une l\u00e9g\u00e8re augmentation de la r\u00e9ouverture des voyages internationaux et nationaux par rapport au mois pr\u00e9c\u00e9dent. Dans le sondage actuel, 78% n&#039;avait pas ouvert de voyages internationaux, contre 86% en juillet. Quarante et un pour cent n&#039;ont pas rouvert les voyages int\u00e9rieurs, contre 50% le mois dernier. Moins de r\u00e9pondants (51%) ont d\u00e9clar\u00e9 qu&#039;ils continuaient de suspendre ou d&#039;annuler tous les voyages d&#039;affaires, quel que soit leur emplacement (contre 60% lors du sondage de juillet).<\/span><span data-ccp-props=\"{&quot;134233279&quot;:true,&quot;201341983&quot;:0,&quot;335559739&quot;:160,&quot;335559740&quot;:259}\">&nbsp;<\/span><\/li>\n<\/ul>\n<ul>\n<li data-leveltext=\"\uf0b7\" data-font=\"Symbol\" data-listid=\"1\" data-aria-posinset=\"1\" data-aria-level=\"1\"><span data-contrast=\"auto\">GARDER LE CAP. Malgr\u00e9 les inqui\u00e9tudes croissantes concernant la variante Delta, seuls 21% des parties prenantes de GBTA affirment que leur entreprise a introduit de nouvelles restrictions sur les voyages d&#039;affaires non essentiels \u00e0 ce stade. Pr\u00e8s de la moiti\u00e9 (49%) ont d\u00e9clar\u00e9 que leur entreprise est peu susceptible d&#039;introduire de nouvelles restrictions, tandis qu&#039;un sur quatre (25%) envisage d&#039;introduire de nouvelles restrictions. Les r\u00e9pondants d&#039;Europe (66%) sont plus susceptibles que ceux d&#039;Am\u00e9rique du Nord (45%) de d\u00e9clarer que leur entreprise est peu susceptible d&#039;introduire de nouvelles restrictions sur les voyages d&#039;affaires non essentiels sp\u00e9cifiquement en raison de la variante Delta (ou d&#039;autres variantes) et\/ou de la nombre croissant de cas de COVID-19 dans de nombreux pays.<\/span><span data-ccp-props=\"{&quot;134233279&quot;:true,&quot;201341983&quot;:0,&quot;335559738&quot;:160,&quot;335559739&quot;:160,&quot;335559740&quot;:259}\">&nbsp;<\/span><\/li>\n<\/ul>\n<p><b><span data-contrast=\"auto\">Rise of Delta et d&#039;autres variantes d\u00e9tournent les progr\u00e8s de la r\u00e9cup\u00e9ration en juillet<\/span><\/b><span data-ccp-props=\"{&quot;201341983&quot;:0,&quot;335559738&quot;:160,&quot;335559739&quot;:160,&quot;335559740&quot;:259}\">&nbsp;<\/span><\/p>\n<ul>\n<li data-leveltext=\"\uf0b7\" data-font=\"Symbol\" data-listid=\"2\" data-aria-posinset=\"2\" data-aria-level=\"1\"><span data-contrast=\"auto\">L&#039;OPTIMISME RALENTIT. Un tiers (34%) des fournisseurs et des agences de voyages interrog\u00e9s se disent optimistes quant aux perspectives financi\u00e8res des entreprises du secteur des voyages d&#039;affaires, mais moins qu&#039;il y a un mois. Un autre sur quatre (38%) dit qu&#039;il ne se sent \u00ab ni optimiste ni pessimiste \u00bb, cependant, un sur quatre (26%) dit qu&#039;il est pessimiste quant aux perspectives financi\u00e8res de l&#039;industrie.<\/span><\/li>\n<li data-leveltext=\"\uf0b7\" data-font=\"Symbol\" data-listid=\"2\" data-aria-posinset=\"3\" data-aria-level=\"1\"><span data-contrast=\"auto\">PR\u00c9OCCUPATIONS D&#039;IMPACT SUR LES ENTREPRISES. Les parties prenantes de la GBTA sont &quot;pr\u00e9occup\u00e9es&quot; ou &quot;tr\u00e8s pr\u00e9occup\u00e9es&quot; par l&#039;impact sur les revenus que la variante Delta repr\u00e9sente pour les entreprises en termes de revenus dans le secteur des voyages d&#039;affaires (85%), d&#039;emploi\/r\u00e9embauche (79%) et de s\u00e9curit\u00e9 des voyages d&#039;affaires ( 78%). Quarante-quatre pour cent ont estim\u00e9 que cela aurait un impact \u00ab tr\u00e8s n\u00e9gatif \u00bb, tandis que 37% a indiqu\u00e9 qu&#039;il aurait un impact n\u00e9gatif \u00ab mod\u00e9r\u00e9 \u00bb. En termes de r\u00e9servations, un sur trois (31%) a signal\u00e9 une baisse par rapport \u00e0 la semaine pr\u00e9c\u00e9dente, contre 3% lors du sondage de juillet.&nbsp;<\/span><span data-ccp-props=\"{&quot;134233279&quot;:true,&quot;201341983&quot;:0,&quot;335559739&quot;:160,&quot;335559740&quot;:259}\">&nbsp;<\/span><\/li>\n<li data-leveltext=\"\uf0b7\" data-font=\"Symbol\" data-listid=\"2\" data-aria-posinset=\"4\" data-aria-level=\"1\"><span data-contrast=\"auto\">EN ATTENTE LE MOIS DERNIER, EN ATTENTE CE MOIS-CI. Huit acheteurs de voyages\/professionnels des achats sur dix qui travaillent pour des entreprises qui n&#039;ont pas encore repris les voyages d&#039;affaires non essentiels signalent que leur entreprise est susceptible de retarder la reprise des voyages d&#039;affaires nationaux (81%) et internationaux (79%) non essentiels en raison du Delta variante (et autres variantes). Les voyages d&#039;affaires pour les grandes, moyennes et petites r\u00e9unions, les \u00e9v\u00e9nements ou les conf\u00e9rences ont \u00e9galement \u00e9t\u00e9 le plus souvent cit\u00e9s comme \u00e9tant annul\u00e9s ou suspendus en raison des variantes du COVID-19.&nbsp;<\/span><span data-ccp-props=\"{&quot;134233279&quot;:true,&quot;201341983&quot;:0,&quot;335559739&quot;:160,&quot;335559740&quot;:259}\">&nbsp;<\/span><\/li>\n<\/ul>\n<p><b><span data-contrast=\"auto\">Politiques de vaccination en voyage et protocoles de s\u00e9curit\u00e9 des employ\u00e9s<\/span><\/b><span data-ccp-props=\"{&quot;201341983&quot;:0,&quot;335559739&quot;:160,&quot;335559740&quot;:259}\">&nbsp;<\/span><\/p>\n<ul>\n<li data-leveltext=\"\uf0b7\" data-font=\"Symbol\" data-listid=\"3\" data-aria-posinset=\"1\" data-aria-level=\"1\"><span data-contrast=\"auto\">VAXX ENVIE DE VOYAGER\u00a0?<\/span><span data-contrast=\"auto\">&nbsp;<\/span><span data-contrast=\"auto\">Pr\u00e8s de la moiti\u00e9 des r\u00e9pondants ont d\u00e9clar\u00e9 que les exigences en mati\u00e8re de vaccins pour ex\u00e9cuter des fonctions commerciales cl\u00e9s ne sont g\u00e9n\u00e9ralement pas requises. Environ un sur cinq<\/span><span data-contrast=\"auto\">&nbsp;<\/span><span data-contrast=\"auto\">ont signal\u00e9 que leur entreprise exige que les employ\u00e9s re\u00e7oivent un vaccin COVID-19 afin de voyager \u00e0 l&#039;int\u00e9rieur du pays pour affaires<\/span><span data-contrast=\"auto\">&nbsp;(<\/span><span data-contrast=\"auto\">21<\/span><span data-contrast=\"auto\">%)<\/span><span data-contrast=\"auto\">, rencontrer les clients en face \u00e0 face (22%)<\/span><span data-contrast=\"auto\">,<\/span><span data-contrast=\"auto\">&nbsp;travailler au bureau (20%) et assister \u00e0 de grandes r\u00e9unions, conf\u00e9rences ou \u00e9v\u00e9nements (22%)<\/span><span data-contrast=\"auto\">.<\/span><span data-contrast=\"auto\">&nbsp;Cependant, environ un sur quatre d\u00e9clare ne pas \u00eatre s\u00fbr de la situation de son entreprise.<\/span><span data-contrast=\"auto\">&nbsp;<\/span><span data-contrast=\"auto\">exigences en mati\u00e8re de vaccins<\/span><span data-contrast=\"auto\">&nbsp;<\/span><span data-contrast=\"auto\">pour les d\u00e9placements dans le cadre de fonctions commerciales cl\u00e9s.<\/span><span data-ccp-props=\"{&quot;134233279&quot;:true,&quot;201341983&quot;:0,&quot;335559739&quot;:200,&quot;335559740&quot;:259}\">&nbsp;<\/span><\/li>\n<\/ul>\n<p><span data-contrast=\"none\">Les r\u00e9pondants d&#039;Europe (66%) sont plus susceptibles que ceux d&#039;Am\u00e9rique du Nord (52%) de d\u00e9clarer que leur entreprise n&#039;exigera pas que les employ\u00e9s re\u00e7oivent un vaccin contre la COVID-19 avant de pouvoir rencontrer les clients et les clients en personne<\/span><span data-contrast=\"none\">.&nbsp;<\/span><span data-contrast=\"none\">Soixante-deux pour cent en Europe sont plus susceptibles que ceux en Am\u00e9rique du Nord (49%) de d\u00e9clarer que leur entreprise n&#039;exigera pas que les employ\u00e9s re\u00e7oivent un vaccin COVID-19 avant de pouvoir assister \u00e0 de grandes r\u00e9unions ou \u00e9v\u00e9nements (plus de 500 participants).<\/span><span data-ccp-props=\"{&quot;201341983&quot;:0,&quot;335559685&quot;:720,&quot;335559739&quot;:200,&quot;335559740&quot;:259}\">&nbsp;<\/span><\/p>\n<ul>\n<li data-leveltext=\"\uf0b7\" data-font=\"Symbol\" data-listid=\"3\" data-aria-posinset=\"2\" data-aria-level=\"1\"><span data-contrast=\"auto\">PRIORIT\u00c9 \u00c0 LA S\u00c9CURIT\u00c9<\/span><span data-contrast=\"auto\">.&nbsp;<\/span><span data-contrast=\"auto\">La plupart des r\u00e9pondants (79%) signalent que leur entreprise a mis en place des proc\u00e9dures de recherche des contacts si un employ\u00e9 est infect\u00e9 par la COVID-19. Seul un sur cinq (21%) d\u00e9clare que son entreprise n&#039;a pas de proc\u00e9dures en place pour la recherche des contacts<\/span><span data-contrast=\"auto\">.<\/span><span data-ccp-props=\"{&quot;134233279&quot;:true,&quot;201341983&quot;:0,&quot;335559739&quot;:200,&quot;335559740&quot;:259}\">&nbsp;<\/span><\/li>\n<\/ul>\n<p><span data-contrast=\"auto\">Vous pouvez voir plus de d\u00e9tails et les principaux faits saillants<\/span><span data-contrast=\"auto\">&nbsp;<\/span><span data-contrast=\"auto\">de GBTA<\/span><span data-contrast=\"auto\">&nbsp;<\/span><span data-contrast=\"auto\">Sondage d&#039;ao\u00fbt 2021<\/span><span data-contrast=\"auto\">&nbsp;<\/span><span data-contrast=\"auto\">ici<\/span><span data-contrast=\"auto\">.&nbsp;<\/span><span data-contrast=\"auto\">V\u00e9rifier<\/span><span data-contrast=\"auto\">&nbsp;<\/span><span data-contrast=\"auto\">toute la s\u00e9rie de sondages<\/span><span data-contrast=\"auto\">&nbsp;<\/span><a href=\"https:\/\/gbta.org\/fr\/research-tools\/covid-19-member-polls\/\"><span data-contrast=\"none\">ici<\/span><\/a><span data-contrast=\"auto\">.<\/span><span data-ccp-props=\"{&quot;201341983&quot;:0,&quot;335559739&quot;:160,&quot;335559740&quot;:259}\">&nbsp;<\/span><\/p>","protected":false},"excerpt":{"rendered":"<p>Alexandria, Virginie \u2013 L\u2019industrie du voyage d\u2019affaires continue de faire \u00e9tat d\u2019une volont\u00e9 et d\u2019un optimisme g\u00e9n\u00e9ral quant au retour des voyages d\u2019affaires. Cependant, la mont\u00e9e du variant Delta et d\u2019autres variants est devenue une source d\u2019incertitude et d\u2019inqui\u00e9tude accrue au cours du mois dernier. C&#039;est ce que r\u00e9v\u00e8le le dernier sondage de la Global Business Travel Association (GBTA), la plus grande association de voyages d&#039;affaires au monde et leader mondial en mati\u00e8re d&#039;\u00e9ducation, de recherche, de r\u00e9seautage et de d\u00e9fense de l&#039;industrie. Ce sondage est le 22e d&#039;une s\u00e9rie qui suit le pouls de l&#039;adh\u00e9sion de la GBTA aux organisations mondiales\u2026<\/p>","protected":false},"author":25,"featured_media":0,"comment_status":"open","ping_status":"open","sticky":false,"template":"","format":"standard","meta":{"_acf_changed":false,"_seopress_robots_primary_cat":"none","_seopress_titles_title":"","_seopress_titles_desc":"","_seopress_robots_index":"","om_disable_all_campaigns":false,"_relevanssi_hide_post":"","_relevanssi_hide_content":"","_relevanssi_pin_for_all":"","_relevanssi_pin_keywords":"","_relevanssi_unpin_keywords":"","_relevanssi_related_keywords":"","_relevanssi_related_include_ids":"","_relevanssi_related_exclude_ids":"","_relevanssi_related_no_append":"","_relevanssi_related_not_related":"","_relevanssi_related_posts":"1813,1894,5843,1797,1971,2621","_relevanssi_noindex_reason":"","_kad_blocks_custom_css":"","_kad_blocks_head_custom_js":"","_kad_blocks_body_custom_js":"","_kad_blocks_footer_custom_js":"","_kad_post_transparent":"","_kad_post_title":"","_kad_post_layout":"","_kad_post_sidebar_id":"","_kad_post_content_style":"","_kad_post_vertical_padding":"","_kad_post_feature":"","_kad_post_feature_position":"","_kad_post_header":false,"_kad_post_footer":false,"footnotes":"","_links_to":"","_links_to_target":""},"categories":[45,37],"tags":[301],"class_list":["post-2584","post","type-post","status-publish","format-standard","hentry","category-news-and-press-releases","category-research-and-travel-trends","tag-poll"],"acf":[],"featured_image_src_large":false,"author_info":{"display_name":"jcampbell","author_link":"https:\/\/gbta.org\/fr\/author\/jcampbell\/"},"comment_info":"","category_info":[{"term_id":45,"name":"News and Press Releases","slug":"news-and-press-releases","term_group":0,"term_taxonomy_id":45,"taxonomy":"category","description":"","parent":0,"count":540,"filter":"raw","cat_ID":45,"category_count":540,"category_description":"","cat_name":"News and Press Releases","category_nicename":"news-and-press-releases","category_parent":0},{"term_id":37,"name":"Research and Travel Trends","slug":"research-and-travel-trends","term_group":0,"term_taxonomy_id":37,"taxonomy":"category","description":"","parent":0,"count":966,"filter":"raw","cat_ID":37,"category_count":966,"category_description":"","cat_name":"Research and Travel Trends","category_nicename":"research-and-travel-trends","category_parent":0}],"tag_info":[{"term_id":301,"name":"poll","slug":"poll","term_group":0,"term_taxonomy_id":301,"taxonomy":"post_tag","description":"","parent":0,"count":36,"filter":"raw"}],"taxonomy_info":{"category":[{"value":45,"label":"News and Press Releases"},{"value":37,"label":"Research and Travel Trends"}],"post_tag":[{"value":301,"label":"poll"}]},"featured_image_src":null,"featured_image_src_square":null,"mfb_rest_fields":["featured_image_src_large","author_info","comment_info","category_info","tag_info","taxonomy_info","featured_image_src","featured_image_src_square"],"_links":{"self":[{"href":"https:\/\/gbta.org\/fr\/wp-json\/wp\/v2\/posts\/2584","targetHints":{"allow":["GET"]}}],"collection":[{"href":"https:\/\/gbta.org\/fr\/wp-json\/wp\/v2\/posts"}],"about":[{"href":"https:\/\/gbta.org\/fr\/wp-json\/wp\/v2\/types\/post"}],"author":[{"embeddable":true,"href":"https:\/\/gbta.org\/fr\/wp-json\/wp\/v2\/users\/25"}],"replies":[{"embeddable":true,"href":"https:\/\/gbta.org\/fr\/wp-json\/wp\/v2\/comments?post=2584"}],"version-history":[{"count":0,"href":"https:\/\/gbta.org\/fr\/wp-json\/wp\/v2\/posts\/2584\/revisions"}],"wp:attachment":[{"href":"https:\/\/gbta.org\/fr\/wp-json\/wp\/v2\/media?parent=2584"}],"wp:term":[{"taxonomy":"category","embeddable":true,"href":"https:\/\/gbta.org\/fr\/wp-json\/wp\/v2\/categories?post=2584"},{"taxonomy":"post_tag","embeddable":true,"href":"https:\/\/gbta.org\/fr\/wp-json\/wp\/v2\/tags?post=2584"}],"curies":[{"name":"wp","href":"https:\/\/api.w.org\/{rel}","templated":true}]}}