{"id":2592,"date":"2021-09-07T10:00:00","date_gmt":"2021-09-07T14:00:00","guid":{"rendered":"https:\/\/gbta.org\/gbta-returns-to-in-person-events-as-demand-for-face-to-face-meetings-grows-across-europe\/"},"modified":"2022-09-29T10:44:18","modified_gmt":"2022-09-29T14:44:18","slug":"gbta-returns-to-in-person-events-as-demand-for-face-to-face-meetings-grows-across-europe","status":"publish","type":"post","link":"https:\/\/gbta.org\/fr\/gbta-returns-to-in-person-events-as-demand-for-face-to-face-meetings-grows-across-europe\/","title":{"rendered":"GBTA revient aux \u00e9v\u00e9nements en personne alors que la demande de r\u00e9unions en face \u00e0 face augmente dans toute l&#039;Europe"},"content":{"rendered":"<p><strong>Londres, Royaume-Uni <\/strong>- La Global Business Travel Association (GBTA) - la plus grande association de voyages d&#039;affaires au monde et leader mondial de l&#039;\u00e9ducation, de la recherche, du r\u00e9seautage et de la d\u00e9fense de l&#039;industrie a annonc\u00e9 un certain nombre de conf\u00e9rences et d&#039;\u00e9v\u00e9nements en personne alors que nous nous dirigeons vers le dernier trimestre de 2021 .<\/p>\n<p>Les \u00e9v\u00e9nements, organis\u00e9s sur plusieurs sites europ\u00e9ens, sont parmi les premi\u00e8res opportunit\u00e9s en face \u00e0 face pour les coll\u00e8gues de l&#039;industrie de se rencontrer et de collaborer en personne. L&#039;\u00e9ducation continuera d&#039;\u00eatre un \u00e9l\u00e9ment cl\u00e9 de chaque \u00e9v\u00e9nement avec des discours perspicaces de leaders de l&#039;industrie et une s\u00e9rie de tables rondes couvrant des sujets d&#039;actualit\u00e9, chacune con\u00e7ue pour susciter un d\u00e9bat int\u00e9ressant entre sp\u00e9cialistes dans leur domaine. Chaque \u00e9v\u00e9nement permettra \u00e9galement de nombreuses occasions de r\u00e9seauter \u00e0 nouveau avec des pairs, de reconstruire et de forger de nouvelles relations d&#039;affaires.<\/p>\n<p>Selon le dernier sondage r\u00e9alis\u00e9 aupr\u00e8s des membres et parties prenantes de la GBTA, 751\u00a0TP3T des r\u00e9pondants europ\u00e9ens s&#039;attendent \u00e0 ce que les voyages d&#039;affaires connaissent une augmentation significative ou mod\u00e9r\u00e9e entre septembre et novembre 2021. Ceci est corrobor\u00e9 par les derniers r\u00e9sultats soulignant que plus de sept acheteurs de voyages GBTA sur dix estiment que leurs employ\u00e9s sont \u00ab dispos\u00e9s \u00bb ou \u00ab tr\u00e8s dispos\u00e9s \u00bb \u00e0 voyager pour affaires dans l&#039;environnement actuel.<\/p>\n<p>&quot;Apr\u00e8s une autre ann\u00e9e perturbatrice, je suis ravi que nous soyons \u00e0 nouveau en mesure d&#039;organiser un certain nombre d&#039;\u00e9v\u00e9nements en personne pour les membres de GBTA dans toute l&#039;Europe. La s\u00e9curit\u00e9 et le devoir de diligence restent bien s\u00fbr une priorit\u00e9 et chacun de nos \u00e9v\u00e9nements aura des mesures de s\u00e9curit\u00e9 suppl\u00e9mentaires en place pour assurer le bien-\u00eatre des d\u00e9l\u00e9gu\u00e9s. La collaboration est peut-\u00eatre plus importante que jamais pour l&#039;industrie du voyage d&#039;affaires, le retour des \u00e9v\u00e9nements en personne unira \u00e0 nouveau notre industrie pour poursuivre le retour en toute s\u00e9curit\u00e9 des voyages d&#039;affaires \u00bb, a d\u00e9clar\u00e9 Catherine Logan, vice-pr\u00e9sidente r\u00e9gionale EMEA - GBTA, ajoutant\u00ab les multiples des \u00e9v\u00e9nements \u00e0 travers l&#039;Europe donneront aux d\u00e9l\u00e9gu\u00e9s l&#039;occasion de relever les d\u00e9fis actuels de l&#039;industrie, ainsi que ceux sp\u00e9cifiques aux r\u00e9gions et aux march\u00e9s individuels.<\/p>\n<p>\u00abNous sommes ravis de pouvoir revenir aux \u00e9v\u00e9nements en personne et de nous associer \u00e0 nouveau \u00e0 GBTA, pour accueillir la conf\u00e9rence GBTA Europe en partenariat avec VDR. Les inscriptions sont maintenant ouvertes, nous sommes impatients de vous accueillir et de donner \u00e0 la communaut\u00e9 des voyageurs d&#039;affaires l&#039;opportunit\u00e9 de collaborer et de r\u00e9seauter dans un environnement s\u00fbr \u00bb, a d\u00e9clar\u00e9 Hans-Ingo Biehl, directeur ex\u00e9cutif - VDR.<\/p>\n<p>Les \u00e9v\u00e9nements en personne comprennent\u00a0:<\/p>\n<p><strong>16 septembre \u2013 GBTA France Masterclass \u2013 H\u00f4tel Le M\u00e9ridien Etoile, Paris<\/strong><\/p>\n<p><strong>9 novembre \u2013 Conf\u00e9rence GBTA Italie \u2013 Milan<\/strong><\/p>\n<p><strong>6-8 d\u00e9cembre \u2013 <\/strong><strong>Conf\u00e9rence GBTA Europe en partenariat avec VDR \u2013 Berlin<\/strong><\/p>\n<p>&nbsp;<\/p>\n<p>Les inscriptions sont ouvertes, rendez-vous sur <a href=\"https:\/\/gbta.org\/fr\/membership-and-communities\/chapters-and-regions\/europe\/\">https:\/\/gbta.org\/membership-and-communities\/chapters-and-regions\/europe<\/a> pour plus d&#039;informations.<\/p>","protected":false},"excerpt":{"rendered":"<p>Londres, Royaume-Uni - La Global Business Travel Association (GBTA) - la plus grande association de voyages d&#039;affaires au monde et leader mondial en mati\u00e8re d&#039;\u00e9ducation, de recherche, de r\u00e9seautage et de plaidoyer pour l&#039;industrie a annonc\u00e9 un certain nombre de conf\u00e9rences et d&#039;\u00e9v\u00e9nements en personne alors que nous nous dirigeons vers la finale trimestre de 2021. Les \u00e9v\u00e9nements, organis\u00e9s dans plusieurs sites europ\u00e9ens, comptent parmi\u2026<\/p>","protected":false},"author":25,"featured_media":0,"comment_status":"open","ping_status":"open","sticky":false,"template":"","format":"standard","meta":{"_acf_changed":false,"_seopress_robots_primary_cat":"none","_seopress_titles_title":"","_seopress_titles_desc":"","_seopress_robots_index":"","om_disable_all_campaigns":false,"_relevanssi_hide_post":"","_relevanssi_hide_content":"","_relevanssi_pin_for_all":"","_relevanssi_pin_keywords":"","_relevanssi_unpin_keywords":"","_relevanssi_related_keywords":"","_relevanssi_related_include_ids":"","_relevanssi_related_exclude_ids":"","_relevanssi_related_no_append":"","_relevanssi_related_not_related":"","_relevanssi_related_posts":"1816,1797,2004,1929,1803,1809","_relevanssi_noindex_reason":"","_kad_blocks_custom_css":"","_kad_blocks_head_custom_js":"","_kad_blocks_body_custom_js":"","_kad_blocks_footer_custom_js":"","_kad_post_transparent":"","_kad_post_title":"","_kad_post_layout":"","_kad_post_sidebar_id":"","_kad_post_content_style":"","_kad_post_vertical_padding":"","_kad_post_feature":"","_kad_post_feature_position":"","_kad_post_header":false,"_kad_post_footer":false,"footnotes":"","_links_to":"","_links_to_target":""},"categories":[105],"tags":[],"class_list":["post-2592","post","type-post","status-publish","format-standard","hentry","category-europe-and-uk"],"acf":[],"featured_image_src_large":false,"author_info":{"display_name":"jcampbell","author_link":"https:\/\/gbta.org\/fr\/author\/jcampbell\/"},"comment_info":"","category_info":[{"term_id":105,"name":"Europe and UK","slug":"europe-and-uk","term_group":0,"term_taxonomy_id":105,"taxonomy":"category","description":"","parent":0,"count":152,"filter":"raw","cat_ID":105,"category_count":152,"category_description":"","cat_name":"Europe and UK","category_nicename":"europe-and-uk","category_parent":0}],"tag_info":false,"taxonomy_info":{"category":[{"value":105,"label":"Europe and UK"}]},"featured_image_src":null,"featured_image_src_square":null,"mfb_rest_fields":["featured_image_src_large","author_info","comment_info","category_info","tag_info","taxonomy_info","featured_image_src","featured_image_src_square"],"_links":{"self":[{"href":"https:\/\/gbta.org\/fr\/wp-json\/wp\/v2\/posts\/2592","targetHints":{"allow":["GET"]}}],"collection":[{"href":"https:\/\/gbta.org\/fr\/wp-json\/wp\/v2\/posts"}],"about":[{"href":"https:\/\/gbta.org\/fr\/wp-json\/wp\/v2\/types\/post"}],"author":[{"embeddable":true,"href":"https:\/\/gbta.org\/fr\/wp-json\/wp\/v2\/users\/25"}],"replies":[{"embeddable":true,"href":"https:\/\/gbta.org\/fr\/wp-json\/wp\/v2\/comments?post=2592"}],"version-history":[{"count":0,"href":"https:\/\/gbta.org\/fr\/wp-json\/wp\/v2\/posts\/2592\/revisions"}],"wp:attachment":[{"href":"https:\/\/gbta.org\/fr\/wp-json\/wp\/v2\/media?parent=2592"}],"wp:term":[{"taxonomy":"category","embeddable":true,"href":"https:\/\/gbta.org\/fr\/wp-json\/wp\/v2\/categories?post=2592"},{"taxonomy":"post_tag","embeddable":true,"href":"https:\/\/gbta.org\/fr\/wp-json\/wp\/v2\/tags?post=2592"}],"curies":[{"name":"wp","href":"https:\/\/api.w.org\/{rel}","templated":true}]}}