{"id":2594,"date":"2021-09-09T10:00:00","date_gmt":"2021-09-09T14:00:00","guid":{"rendered":"https:\/\/gbta.org\/delta-variant-impact-on-business-travels-recovery\/"},"modified":"2022-09-29T10:41:16","modified_gmt":"2022-09-29T14:41:16","slug":"delta-variant-impact-on-business-travels-recovery","status":"publish","type":"post","link":"https:\/\/gbta.org\/fr\/delta-variant-impact-on-business-travels-recovery\/","title":{"rendered":"Impact de la variante delta sur la reprise des voyages d&#039;affaires"},"content":{"rendered":"<p><span style=\"width: 0px;overflow: hidden;line-height: 0\" data-mce-type=\"bookmark\" class=\"mce_SELRES_start\"><\/span><span style=\"width: 0px;overflow: hidden;line-height: 0\" data-mce-type=\"bookmark\" class=\"mce_SELRES_start\"><\/span><\/p>\n<p>La variante Delta et d\u2019autres variantes ont-elles lanc\u00e9 une boule courbe sur la voie de la reprise des voyages d\u2019affaires ? Comment se sent l\u2019industrie aujourd\u2019hui ? Et qu\u2019attendent-ils pour les mois \u00e0 venir ? Dans ce podcast GBTA COVID-19 Recovery Poll, Mark Sharoff, directeur de recherche, et Debbie Iannaci, responsable des communications, examinent les donn\u00e9es du sondage li\u00e9es aux d\u00e9veloppements en cours et nouveaux, aux sentiments \u00e0 travers le monde et \u00e0 la r\u00e9flexion autour d&#039;une approche r\u00e9aliste. pr\u00e9sent mais avenir optimiste.<\/p>\n<p>Ce sondage est le 22<sup>nd<\/sup> dans une s\u00e9rie qui suit le pouls des membres de la GBTA, des acheteurs, fournisseurs et autres parties prenantes de voyages mondiaux, sur la mani\u00e8re dont l&#039;industrie du voyage d&#039;affaires dans son ensemble g\u00e8re le retour au voyage, apr\u00e8s la pand\u00e9mie.<\/p>\n<p>Vous pouvez t\u00e9l\u00e9charger et \u00e9couter le podcast PME sur&nbsp;<a href=\"https:\/\/podcasts.apple.com\/us\/podcast\/the-business-of-travel\/id1355577581\">iTunes<\/a>,&nbsp;<a href=\"https:\/\/www.stitcher.com\/show\/the-business-of-travel\">Brodeuse<\/a>, et vos autres r\u00e9pertoires de podcasts pr\u00e9f\u00e9r\u00e9s. N&#039;h\u00e9sitez pas \u00e0 vous abonner \u00e0 l&#039;\u00e9mission pour ne rien manquer !<\/p>","protected":false},"excerpt":{"rendered":"<p> La variante Delta et d&#039;autres variantes ont-elles lanc\u00e9 une boule courbe sur la voie de la reprise des voyages d&#039;affaires\u00a0? Comment se sent l&#039;industrie maintenant? Et qu&#039;attendent-ils pour les mois \u00e0 venir ? Dans ce podcast GBTA COVID-19 Recovery Poll, Mark Sharoff, responsable de la recherche, et Debbie Iannaci, responsable des communications, examinent\u2026<\/p>","protected":false},"author":25,"featured_media":0,"comment_status":"open","ping_status":"open","sticky":false,"template":"","format":"standard","meta":{"_acf_changed":false,"_seopress_robots_primary_cat":"none","_seopress_titles_title":"","_seopress_titles_desc":"","_seopress_robots_index":"","om_disable_all_campaigns":false,"_relevanssi_hide_post":"","_relevanssi_hide_content":"","_relevanssi_pin_for_all":"","_relevanssi_pin_keywords":"","_relevanssi_unpin_keywords":"","_relevanssi_related_keywords":"","_relevanssi_related_include_ids":"","_relevanssi_related_exclude_ids":"","_relevanssi_related_no_append":"","_relevanssi_related_not_related":"","_relevanssi_related_posts":"1813,1894,5843,1971,1797,1970","_relevanssi_noindex_reason":"","_kad_blocks_custom_css":"","_kad_blocks_head_custom_js":"","_kad_blocks_body_custom_js":"","_kad_blocks_footer_custom_js":"","_kad_post_transparent":"","_kad_post_title":"","_kad_post_layout":"","_kad_post_sidebar_id":"","_kad_post_content_style":"","_kad_post_vertical_padding":"","_kad_post_feature":"","_kad_post_feature_position":"","_kad_post_header":false,"_kad_post_footer":false,"footnotes":"","_links_to":"","_links_to_target":""},"categories":[1287],"tags":[1447,1448],"class_list":["post-2594","post","type-post","status-publish","format-standard","hentry","category-podcast","tag-covid-19","tag-delta-variant"],"acf":[],"featured_image_src_large":false,"author_info":{"display_name":"jcampbell","author_link":"https:\/\/gbta.org\/fr\/author\/jcampbell\/"},"comment_info":"","category_info":[{"term_id":1287,"name":"Podcast","slug":"podcast","term_group":0,"term_taxonomy_id":1287,"taxonomy":"category","description":"","parent":0,"count":99,"filter":"raw","cat_ID":1287,"category_count":99,"category_description":"","cat_name":"Podcast","category_nicename":"podcast","category_parent":0}],"tag_info":[{"term_id":1447,"name":"COVID-19","slug":"covid-19","term_group":0,"term_taxonomy_id":1447,"taxonomy":"post_tag","description":"","parent":0,"count":5,"filter":"raw"},{"term_id":1448,"name":"Delta variant","slug":"delta-variant","term_group":0,"term_taxonomy_id":1448,"taxonomy":"post_tag","description":"","parent":0,"count":1,"filter":"raw"}],"taxonomy_info":{"category":[{"value":1287,"label":"Podcast"}],"post_tag":[{"value":1447,"label":"COVID-19"},{"value":1448,"label":"Delta variant"}]},"featured_image_src":null,"featured_image_src_square":null,"mfb_rest_fields":["featured_image_src_large","author_info","comment_info","category_info","tag_info","taxonomy_info","featured_image_src","featured_image_src_square"],"_links":{"self":[{"href":"https:\/\/gbta.org\/fr\/wp-json\/wp\/v2\/posts\/2594","targetHints":{"allow":["GET"]}}],"collection":[{"href":"https:\/\/gbta.org\/fr\/wp-json\/wp\/v2\/posts"}],"about":[{"href":"https:\/\/gbta.org\/fr\/wp-json\/wp\/v2\/types\/post"}],"author":[{"embeddable":true,"href":"https:\/\/gbta.org\/fr\/wp-json\/wp\/v2\/users\/25"}],"replies":[{"embeddable":true,"href":"https:\/\/gbta.org\/fr\/wp-json\/wp\/v2\/comments?post=2594"}],"version-history":[{"count":0,"href":"https:\/\/gbta.org\/fr\/wp-json\/wp\/v2\/posts\/2594\/revisions"}],"wp:attachment":[{"href":"https:\/\/gbta.org\/fr\/wp-json\/wp\/v2\/media?parent=2594"}],"wp:term":[{"taxonomy":"category","embeddable":true,"href":"https:\/\/gbta.org\/fr\/wp-json\/wp\/v2\/categories?post=2594"},{"taxonomy":"post_tag","embeddable":true,"href":"https:\/\/gbta.org\/fr\/wp-json\/wp\/v2\/tags?post=2594"}],"curies":[{"name":"wp","href":"https:\/\/api.w.org\/{rel}","templated":true}]}}