{"id":2599,"date":"2021-09-21T10:01:00","date_gmt":"2021-09-21T14:01:00","guid":{"rendered":"https:\/\/gbta.org\/check-in-with-suzanne-29\/"},"modified":"2022-09-29T09:52:48","modified_gmt":"2022-09-29T13:52:48","slug":"check-in-with-suzanne-29","status":"publish","type":"post","link":"https:\/\/gbta.org\/fr\/check-in-with-suzanne-29\/","title":{"rendered":"Rendez-vous avec Suzanne"},"content":{"rendered":"<p>Il y a eu beaucoup de sp\u00e9culations r\u00e9cemment sur la reprise des voyages d&#039;affaires : quand cela se produira-t-il, \u00e0 quoi ressemblera-t-il, ou m\u00eame, sera-t-il toujours pareil. En fait, je vois cela comme un signe positif. Nous att\u00e9nuons les risques et commen\u00e7ons \u00e0 voyager \u00e0 nouveau en toute s\u00e9curit\u00e9 et de mani\u00e8re responsable, tout en r\u00e9fl\u00e9chissant et en anticipant l&#039;avenir.<\/p>\n<p>Et hier, il y a eu un autre signe tr\u00e8s positif : l\u2019administration Biden a annonc\u00e9 qu\u2019elle assouplirait d\u2019ici d\u00e9but novembre l\u2019interdiction de voyager aux \u00c9tats-Unis pour les voyageurs enti\u00e8rement vaccin\u00e9s en provenance de 33 pays, dont la Chine, le Br\u00e9sil, l\u2019Inde, le Br\u00e9sil et la plupart des pays d\u2019Europe. Les interdictions de voyager et les quarantaines ont eu un impact consid\u00e9rable sur les voyages d\u2019affaires. Depuis des mois, la GBTA r\u00e9clame un cadre pour la r\u00e9ouverture des \u00c9tats-Unis aux voyages internationaux. Hier, nous avons publi\u00e9 une d\u00e9claration soutenant sans r\u00e9serve cette d\u00e9cision. Cette bonne nouvelle constitue un grand pas en avant vers l\u2019acc\u00e9l\u00e9ration du retour et de la reprise de l\u2019industrie du voyage.<\/p>\n<p>Reprendre les voyages, c&#039;est se remettre aux affaires. Des nomades num\u00e9riques aux soci\u00e9t\u00e9s multinationales, les voyages d\u2019affaires seront toujours l\u2019un des moteurs importants pour faire des affaires et maintenir les \u00e9conomies en mouvement dans le monde. Les voyages d&#039;affaires aident \u00e0 cr\u00e9er et \u00e0 conclure des affaires, \u00e0 favoriser les relations avec les clients, \u00e0 maintenir une culture d&#039;entreprise forte, \u00e0 engager les employ\u00e9s et \u00e0 cr\u00e9er des emplois \u2013 tout cela stimule la croissance et les opportunit\u00e9s d&#039;une mani\u00e8re que les plateformes virtuelles ne pourront jamais.&nbsp;<em>C&#039;est pourquoi nous vous demandons de nous aider \u00e0 amplifier le r\u00f4le et la valeur des voyages d&#039;affaires.<\/em><\/p>\n<p>Aujourd&#039;hui, GBTA lance un nouveau hashtag sur les r\u00e9seaux sociaux pour notre industrie\u00a0: <strong>#EntrepriseBesoinsVoyage<\/strong><\/p>\n<p>Nous utiliserons ce hashtag sur les r\u00e9seaux sociaux de GBTA pour souligner l&#039;importance des voyages d&#039;affaires. Nous esp\u00e9rons que vous l\u2019adopterez et l\u2019utiliserez \u00e9galement. La GBTA continue de parler au nom de notre industrie et de nos membres pour remettre les voyages d&#039;affaires sur les rails. Nous esp\u00e9rons que vous rejoindrez le ch\u0153ur.<\/p>\n<p>Je repr\u00e9senterai \u00e9galement notre industrie et la GBTA aujourd&#039;hui lorsque je t\u00e9moignerai lors de l&#039;audience du sous-comit\u00e9 du S\u00e9nat am\u00e9ricain intitul\u00e9e \u00ab Solutions l\u00e9gislatives pour relancer les voyages et le tourisme et cr\u00e9er des emplois \u00bb (15 h HE, <a href=\"https:\/\/www.commerce.senate.gov\/2021\/9\/commerce-committee-announces-tourism-trade-and-export-promotion-subcommittee-hearing-on-september-21-2021\">vous pouvez regarder en direct ici<\/a>) li\u00e9 \u00e0 la loi omnibus sur les voyages et le tourisme de 2021 qui soutiendrait la reprise de l&#039;\u00e9conomie du voyage et du tourisme en raison de la pand\u00e9mie de COVID-19.<\/p>\n<p>Alors que nous continuons \u00e0 faire face \u00e0 la pand\u00e9mie, n\u2019oubliez pas que la GBTA est l\u00e0 pour vous aider. GBTA et American Airlines se sont associ\u00e9s pour rendre l&#039;outil de planification de voyage de la compagnie a\u00e9rienne optimis\u00e9 par Sherpa disponible directement depuis le&nbsp;<a href=\"https:\/\/gbta.org\/fr\/\">Site Web de la GBTA<\/a>. Si vous n&#039;avez pas encore eu l&#039;occasion de le consulter, cet outil aide les voyageurs \u00e0 comprendre en toute confiance les directives de voyage li\u00e9es au COVID-19 et \u00e0 prendre des d\u00e9cisions \u00e9clair\u00e9es en les tenant au courant des informations COVID 19 en temps r\u00e9el.<\/p>\n<p>Suzanne<\/p>\n<p><span data-ccp-props=\"{&quot;201341983&quot;:0,&quot;335559739&quot;:160,&quot;335559740&quot;:259}\">&nbsp;<\/span><\/p>\n<p><b><span data-contrast=\"none\">Nouvelles \u00e0 savoir<\/span><\/b><span data-ccp-props=\"{&quot;201341983&quot;:0,&quot;335559739&quot;:160,&quot;335559740&quot;:259}\">&nbsp;<\/span><\/p>\n<p><b><span data-contrast=\"none\">Le groupe Lufthansa signe un accord NDC \u00e0 deux niveaux avec Travelport<\/span><\/b><span data-ccp-props=\"{&quot;201341983&quot;:0,&quot;335559739&quot;:160,&quot;335559740&quot;:259}\">&nbsp;<\/span><\/p>\n<p><span data-contrast=\"none\">Les agences de voyages et les soci\u00e9t\u00e9s de gestion de voyages utilisant Travelport pourront s&#039;inscrire au mod\u00e8le NDC Public ou NDC Bilat\u00e9ral pour acc\u00e9der au contenu NDC des compagnies a\u00e9riennes du groupe Lufthansa \u00e0 partir de 2022. NDC Public propose un contenu plus limit\u00e9 pour des frais de distribution r\u00e9duits tandis que NDC Bilat\u00e9ral propose une gamme compl\u00e8te de contenus. &quot;Surtout en ces temps de crise et alors que la cr\u00e9ation de valeur client suppl\u00e9mentaire gr\u00e2ce \u00e0 une technologie de pointe s&#039;av\u00e8re plus importante que jamais, nous redoublons d&#039;efforts sur notre strat\u00e9gie NDC \u00e0 long terme&quot;,&nbsp;<\/span><a href=\"https:\/\/www.businesstravelnewseurope.com\/TMC-Distribution\/Lufthansa-Group-sign-two-tier-NDC-agreement-with-Travelport\"><span data-contrast=\"none\">a d\u00e9clar\u00e9 Tamur Goudarzi Pour<\/span><\/a><span data-contrast=\"none\">, vice-pr\u00e9sident senior de la gestion des canaux du groupe Lufthansa<\/span><span data-ccp-props=\"{&quot;201341983&quot;:0,&quot;335559739&quot;:160,&quot;335559740&quot;:259}\">&nbsp;<\/span><\/p>\n<p><b><span data-contrast=\"none\">Le Chili pr\u00e9voit une r\u00e9ouverture des fronti\u00e8res d\u00e8s octobre<\/span><\/b><span data-ccp-props=\"{&quot;201341983&quot;:0,&quot;335559739&quot;:160,&quot;335559740&quot;:259}\">&nbsp;<\/span><\/p>\n<p><a href=\"https:\/\/riotimesonline.com\/brazil-news\/mercosur\/chile\/chile-plans-a-prudent-and-gradual-opening-of-borders-as-of-october\/\"><span data-contrast=\"none\">\u00c0 partir d&#039;octobre<\/span><\/a><span data-contrast=\"none\">, le Chili apportera des modifications \u00e0 la r\u00e9glementation de l&#039;entr\u00e9e et de la sortie des voyageurs. Le ministre chilien de la Sant\u00e9, Enrique Paris, s&#039;est dit optimiste quant aux chiffres positifs du Chili concernant la pand\u00e9mie, annon\u00e7ant que cela pourrait se traduire par une ouverture et une modification prudente et progressive de la r\u00e9glementation.<\/span><span data-ccp-props=\"{&quot;201341983&quot;:0,&quot;335551550&quot;:1,&quot;335551620&quot;:1,&quot;335559739&quot;:160,&quot;335559740&quot;:259}\">&nbsp;<\/span><\/p>\n<p><span data-ccp-props=\"{&quot;201341983&quot;:0,&quot;335559739&quot;:160,&quot;335559740&quot;:259}\">&nbsp;<\/span><\/p>\n<p><b><span data-contrast=\"none\">Nouvelles et rappels GBTA<\/span><\/b><span data-ccp-props=\"{&quot;201341983&quot;:0,&quot;335559739&quot;:160,&quot;335559740&quot;:259}\">&nbsp;<\/span><\/p>\n<p><b><span data-contrast=\"none\">\u00c9v\u00e9nement sp\u00e9cial virtuel<\/span><\/b><span data-ccp-props=\"{&quot;201341983&quot;:0,&quot;335551550&quot;:1,&quot;335551620&quot;:1,&quot;335559739&quot;:160,&quot;335559740&quot;:259}\">&nbsp;<\/span><\/p>\n<p><span data-contrast=\"none\">Profitez du panel r\u00e9gional LATAM, gratuit pour les membres actifs et de la conf\u00e9rence en face-\u00e0-face 2022. Cet \u00e9v\u00e9nement d&#039;une journ\u00e9e en langue espagnole explorera diff\u00e9rents sujets, notamment l&#039;\u00e9tat actuel des voyages, le bien-\u00eatre des voyageurs et diff\u00e9rentes perspectives pour l&#039;ann\u00e9e \u00e0 venir en mati\u00e8re de voyages d&#039;affaires. .&nbsp;<\/span><a href=\"https:\/\/mexicoconference.gbta.org\/Inicio?_ga=2.48185511.1848753890.1631712059-1662377632.1623420846\"><span data-contrast=\"none\">En savoir plus &gt;&gt;<\/span><\/a><span data-ccp-props=\"{&quot;201341983&quot;:0,&quot;335551550&quot;:1,&quot;335551620&quot;:1,&quot;335559739&quot;:160,&quot;335559740&quot;:259}\">&nbsp;<\/span><\/p>\n<p><b><span data-contrast=\"auto\">Mairie de GBTA Europe<\/span><\/b><span data-ccp-props=\"{&quot;201341983&quot;:0,&quot;335559739&quot;:160,&quot;335559740&quot;:259}\">&nbsp;<\/span><\/p>\n<p><span data-contrast=\"auto\">Rejoignez-nous pour notre&nbsp;<\/span><a href=\"https:\/\/gbta.org\/fr\/calendar\/all-programs\/eventid\/1254\/e\/gbta-europe-town-hall-navigating-covid-brexit-and-getting-back-to-business-5-oct-2021\/\"><span data-contrast=\"none\">Mairie d\u2019Europe d\u2019octobre<\/span><\/a><span data-contrast=\"auto\">&nbsp;pour entendre Jens Liltorp, notre repr\u00e9sentant europ\u00e9en au conseil d&#039;administration de la GBTA, parler des derni\u00e8res nouveaut\u00e9s de la GBTA, suivi d&#039;un avis d&#039;expert sur la mani\u00e8re de g\u00e9rer les demandes documentaires croissantes li\u00e9es \u00e0 la mobilit\u00e9 des voyageurs.&nbsp;<\/span><span data-ccp-props=\"{&quot;201341983&quot;:0,&quot;335559739&quot;:160,&quot;335559740&quot;:259}\">&nbsp;<\/span><\/p>","protected":false},"excerpt":{"rendered":"<p>Il y a eu beaucoup de sp\u00e9culations r\u00e9cemment sur la reprise des voyages d&#039;affaires \u2013 quand cela arrivera-t-il, \u00e0 quoi cela ressemblera-t-il, ou m\u00eame, sera-ce jamais pareil. En fait, je vois cela comme un signe positif. Nous att\u00e9nuons les risques et recommen\u00e7ons \u00e0 voyager de mani\u00e8re s\u00fbre et responsable, tout en pensant et en regardant vers l&#039;avenir\u2026<\/p>","protected":false},"author":25,"featured_media":0,"comment_status":"open","ping_status":"open","sticky":false,"template":"","format":"standard","meta":{"_acf_changed":false,"_seopress_robots_primary_cat":"none","_seopress_titles_title":"","_seopress_titles_desc":"","_seopress_robots_index":"","om_disable_all_campaigns":false,"_relevanssi_hide_post":"","_relevanssi_hide_content":"","_relevanssi_pin_for_all":"","_relevanssi_pin_keywords":"","_relevanssi_unpin_keywords":"","_relevanssi_related_keywords":"","_relevanssi_related_include_ids":"","_relevanssi_related_exclude_ids":"","_relevanssi_related_no_append":"","_relevanssi_related_not_related":"","_relevanssi_related_posts":"2477,1439,2017,1620,1171,2480","_relevanssi_noindex_reason":"","_kad_blocks_custom_css":"","_kad_blocks_head_custom_js":"","_kad_blocks_body_custom_js":"","_kad_blocks_footer_custom_js":"","_kad_post_transparent":"","_kad_post_title":"","_kad_post_layout":"","_kad_post_sidebar_id":"","_kad_post_content_style":"","_kad_post_vertical_padding":"","_kad_post_feature":"","_kad_post_feature_position":"","_kad_post_header":false,"_kad_post_footer":false,"footnotes":"","_links_to":"","_links_to_target":""},"categories":[1437,1307,106],"tags":[],"class_list":["post-2599","post","type-post","status-publish","format-standard","hentry","category-covid-19","category-government-relations","category-latin-america"],"acf":[],"featured_image_src_large":false,"author_info":{"display_name":"jcampbell","author_link":"https:\/\/gbta.org\/fr\/author\/jcampbell\/"},"comment_info":"","category_info":[{"term_id":1437,"name":"COVID-19","slug":"covid-19","term_group":0,"term_taxonomy_id":1437,"taxonomy":"category","description":"","parent":0,"count":124,"filter":"raw","cat_ID":1437,"category_count":124,"category_description":"","cat_name":"COVID-19","category_nicename":"covid-19","category_parent":0},{"term_id":1307,"name":"Government Relations","slug":"government-relations","term_group":0,"term_taxonomy_id":1307,"taxonomy":"category","description":"","parent":0,"count":61,"filter":"raw","cat_ID":1307,"category_count":61,"category_description":"","cat_name":"Government Relations","category_nicename":"government-relations","category_parent":0},{"term_id":106,"name":"Latin America","slug":"latin-america","term_group":0,"term_taxonomy_id":106,"taxonomy":"category","description":"","parent":0,"count":54,"filter":"raw","cat_ID":106,"category_count":54,"category_description":"","cat_name":"Latin America","category_nicename":"latin-america","category_parent":0}],"tag_info":false,"taxonomy_info":{"category":[{"value":1437,"label":"COVID-19"},{"value":1307,"label":"Government Relations"},{"value":106,"label":"Latin America"}]},"featured_image_src":null,"featured_image_src_square":null,"mfb_rest_fields":["featured_image_src_large","author_info","comment_info","category_info","tag_info","taxonomy_info","featured_image_src","featured_image_src_square"],"_links":{"self":[{"href":"https:\/\/gbta.org\/fr\/wp-json\/wp\/v2\/posts\/2599","targetHints":{"allow":["GET"]}}],"collection":[{"href":"https:\/\/gbta.org\/fr\/wp-json\/wp\/v2\/posts"}],"about":[{"href":"https:\/\/gbta.org\/fr\/wp-json\/wp\/v2\/types\/post"}],"author":[{"embeddable":true,"href":"https:\/\/gbta.org\/fr\/wp-json\/wp\/v2\/users\/25"}],"replies":[{"embeddable":true,"href":"https:\/\/gbta.org\/fr\/wp-json\/wp\/v2\/comments?post=2599"}],"version-history":[{"count":0,"href":"https:\/\/gbta.org\/fr\/wp-json\/wp\/v2\/posts\/2599\/revisions"}],"wp:attachment":[{"href":"https:\/\/gbta.org\/fr\/wp-json\/wp\/v2\/media?parent=2599"}],"wp:term":[{"taxonomy":"category","embeddable":true,"href":"https:\/\/gbta.org\/fr\/wp-json\/wp\/v2\/categories?post=2599"},{"taxonomy":"post_tag","embeddable":true,"href":"https:\/\/gbta.org\/fr\/wp-json\/wp\/v2\/tags?post=2599"}],"curies":[{"name":"wp","href":"https:\/\/api.w.org\/{rel}","templated":true}]}}