{"id":2615,"date":"2021-10-26T10:01:00","date_gmt":"2021-10-26T14:01:00","guid":{"rendered":"https:\/\/gbta.org\/check-in-with-suzanne-34\/"},"modified":"2022-09-29T09:41:52","modified_gmt":"2022-09-29T13:41:52","slug":"check-in-with-suzanne-34","status":"publish","type":"post","link":"https:\/\/gbta.org\/fr\/check-in-with-suzanne-34\/","title":{"rendered":"Enregistrement avec Suzanne"},"content":{"rendered":"<p><span data-contrast=\"none\">Qu\u2019est-ce que vous appr\u00e9ciez ? De quoi tu t&#039;inqui\u00e8tes? Nous \u00e9coutons. R\u00e9cemment, plus de 500 membres ont fait entendre leur voix dans le cadre d&#039;un sondage sur la participation en personne au congr\u00e8s GBTA le mois prochain. Beaucoup ont partag\u00e9 leur enthousiasme :&nbsp;<\/span><span data-ccp-props=\"{&quot;201341983&quot;:0,&quot;335559739&quot;:160,&quot;335559740&quot;:240}\">&nbsp;<\/span><\/p>\n<ul>\n<li data-leveltext=\"\uf0b7\" data-font=\"Symbol\" data-listid=\"8\" data-aria-posinset=\"1\" data-aria-level=\"1\"><span data-contrast=\"none\">\u00abJe dois me connecter en personne avec mes prospects et partenaires et faire avancer les affaires.\u00bb<\/span><span data-ccp-props=\"{&quot;134233279&quot;:true,&quot;201341983&quot;:0,&quot;335559739&quot;:160,&quot;335559740&quot;:240}\">&nbsp;<\/span><\/li>\n<li data-leveltext=\"\uf0b7\" data-font=\"Symbol\" data-listid=\"8\" data-aria-posinset=\"2\" data-aria-level=\"1\"><span data-contrast=\"none\">&quot;Revenir au voyage et voir ce que les s\u00e9ances en petits groupes nous offriront pendant que nous travaillons pour trouver notre nouvelle normalit\u00e9 en mati\u00e8re de voyages d&#039;affaires.&quot;&nbsp;<\/span><span data-ccp-props=\"{&quot;134233279&quot;:true,&quot;201341983&quot;:0,&quot;335559739&quot;:160,&quot;335559740&quot;:240}\">&nbsp;<\/span><\/li>\n<li data-leveltext=\"\uf0b7\" data-font=\"Symbol\" data-listid=\"8\" data-aria-posinset=\"3\" data-aria-level=\"1\"><span data-contrast=\"none\">\u00ab Il est temps de voir notre industrie recommencer \u00e0 prosp\u00e9rer, et si elle ne peut pas commencer \u00e0 la GBTA, o\u00f9 d&#039;autre le pourra-t-elle ?<\/span><span data-ccp-props=\"{&quot;134233279&quot;:true,&quot;201341983&quot;:0,&quot;335559739&quot;:160,&quot;335559740&quot;:240}\">&nbsp;<\/span><\/li>\n<li data-leveltext=\"\uf0b7\" data-font=\"Symbol\" data-listid=\"8\" data-aria-posinset=\"4\" data-aria-level=\"1\"><span data-contrast=\"none\">\u00ab\u00a0En me r\u00e9unissant en personne avec des coll\u00e8gues et en participant \u00e0 des s\u00e9ances de formation en personne, je tire le meilleur parti de l&#039;apprentissage en personne, peut-\u00eatre parce que je suis virtuel\u00a0!\u00a0\u00bb<\/span><span data-contrast=\"none\">\u202f<\/span><span data-ccp-props=\"{&quot;134233279&quot;:true,&quot;201341983&quot;:0,&quot;335559739&quot;:160,&quot;335559740&quot;:240}\">&nbsp;<\/span><\/li>\n<\/ul>\n<p><span data-contrast=\"none\">Nous avons \u00e9galement \u00e9cout\u00e9 avec la plus grande attention ceux qui ne viendront pas au Congr\u00e8s cette ann\u00e9e :<\/span><span data-ccp-props=\"{&quot;201341983&quot;:0,&quot;335559739&quot;:160,&quot;335559740&quot;:240}\">&nbsp;<\/span><\/p>\n<ul>\n<li data-leveltext=\"\uf0b7\" data-font=\"Symbol\" data-listid=\"9\" data-aria-posinset=\"5\" data-aria-level=\"1\"><span data-contrast=\"none\">&quot;J&#039;\u00e9tais inscrit \u00e0 cet \u00e9v\u00e9nement, mais mon entreprise n&#039;autorise toujours que les d\u00e9placements essentiels.&quot;<\/span><span data-ccp-props=\"{&quot;134233279&quot;:true,&quot;201341983&quot;:0,&quot;335559739&quot;:160,&quot;335559740&quot;:240}\">&nbsp;<\/span><\/li>\n<li data-leveltext=\"\uf0b7\" data-font=\"Symbol\" data-listid=\"9\" data-aria-posinset=\"6\" data-aria-level=\"1\"><span data-contrast=\"none\">&quot;La raison pour laquelle je ne suis pas pr\u00e9sent en personne est purement due aux restrictions budg\u00e9taires.&quot;<\/span><span data-contrast=\"none\">&nbsp;\u202f<\/span><span data-ccp-props=\"{&quot;134233279&quot;:true,&quot;201341983&quot;:0,&quot;335559739&quot;:160,&quot;335559740&quot;:240}\">&nbsp;<\/span><\/li>\n<li data-leveltext=\"\uf0b7\" data-font=\"Symbol\" data-listid=\"9\" data-aria-posinset=\"7\" data-aria-level=\"1\"><span data-contrast=\"none\">\u00ab Nous ne sommes pas tir\u00e9s d\u2019affaire avec le Covid. Je ne pense pas encore que les grands rassemblements soient tout \u00e0 fait s\u00fbrs.<\/span><span data-ccp-props=\"{&quot;134233279&quot;:true,&quot;201341983&quot;:0,&quot;335559739&quot;:160,&quot;335559740&quot;:240}\">&nbsp;<\/span><\/li>\n<\/ul>\n<p><span data-contrast=\"none\">Beaucoup ont \u00e9galement applaudi les protocoles de s\u00e9curit\u00e9 en place au Congr\u00e8s, tandis que tr\u00e8s peu voulaient que nous abandonnions l&#039;exigence du masque. Certains voulaient que nous exigeions la vaccination, mais cela n&#039;est pas en notre pouvoir. Notre&nbsp;<\/span><span data-contrast=\"none\">Une adh\u00e9sion mondiale engag\u00e9e et diversifi\u00e9e fait partie de ce qui diff\u00e9rencie la GBTA. En tant que membre, votre voix est toujours entendue. C&#039;est \u00e9galement ce qui \u00e9claire nos efforts de plaidoyer.<\/span><span data-ccp-props=\"{&quot;201341983&quot;:0,&quot;335559739&quot;:160,&quot;335559740&quot;:240}\">&nbsp;<\/span><\/p>\n<p><span data-contrast=\"none\">Chaque jour, nous nous engageons \u00e0 contribuer \u00e0 ce que les voyages d&#039;affaires redeviennent une industrie de $1,4 billions. Compte tenu notamment de la p\u00e9riode dynamique dans laquelle nous nous trouvons, nous veillons \u00e9galement \u00e0 ne pas laisser le bien devenir l\u2019ennemi de la perfection. La voix des membres de la GBTA est importante, qu\u2019il s\u2019agisse d\u2019une contribution importante aux d\u00e9cideurs politiques ou de nos efforts globaux en tant qu\u2019association. Et \u00eatre entendu signifie aussi&nbsp;<\/span><span data-contrast=\"none\">continuer \u00e0 donner la priorit\u00e9 \u00e0 une communication transparente entre le personnel, nos b\u00e9n\u00e9voles et nos membres.<\/span><span data-ccp-props=\"{&quot;201341983&quot;:0,&quot;335559739&quot;:160,&quot;335559740&quot;:240}\">&nbsp;<\/span><\/p>\n<p><span data-contrast=\"none\">Les taux de vaccination continuent d\u2019augmenter, les restrictions aux fronti\u00e8res sont lev\u00e9es et les voyages d\u2019affaires se multiplient. Si vous et vos clients revenez l\u00e0-bas, n&#039;oubliez pas que vous pouvez obtenir des informations sur les restrictions de voyage et sanitaires pour tout voyage \u00e0 travers le monde en visitant notre&nbsp;<\/span><a href=\"https:\/\/gbta.org\/fr\/\"><span data-contrast=\"none\">site Internet<\/span><\/a><span data-contrast=\"none\">&nbsp;et en utilisant&nbsp;<\/span><a href=\"https:\/\/apply.joinsherpa.com\/map?affiliateId=americanairlines\"><span data-contrast=\"none\">l&#039;outil de planification de voyage propuls\u00e9 par Sherpa<\/span><\/a><span data-contrast=\"none\">, pr\u00e9sent\u00e9 en partenariat par American Airlines et GBTA. Pour rendre les choses encore plus faciles, d\u00e9couvrez ce nouveau facile&nbsp;<\/span><a href=\"https:\/\/youtu.be\/6H4W_GqsG_A\"><span data-contrast=\"none\">didacticiel vid\u00e9o<\/span><\/a><span data-contrast=\"none\">. J&#039;utilise l&#039;outil Sherpa lors de mon voyage de New York en Allemagne en d\u00e9cembre pour assister \u00e0 notre \u00e9v\u00e9nement GBTA \u00e0 Berlin. Je suis enthousiasm\u00e9 par davantage de voyages d&#039;affaires, davantage de connexions et davantage d&#039;occasions d&#039;\u00e9couter.<\/span><span data-ccp-props=\"{&quot;201341983&quot;:0,&quot;335559739&quot;:160,&quot;335559740&quot;:240}\">&nbsp;<\/span><\/p>\n<p><span data-contrast=\"none\">Suzanne<\/span><span data-ccp-props=\"{&quot;201341983&quot;:0,&quot;335559739&quot;:160,&quot;335559740&quot;:240}\">&nbsp;<\/span><\/p>\n<p><span data-ccp-props=\"{&quot;201341983&quot;:0,&quot;335559739&quot;:160,&quot;335559740&quot;:259}\">&nbsp;<\/span><\/p>\n<p><span style=\"text-decoration: underline\"><b>Nouvelles \u00e0 savoir<\/b>&nbsp;<\/span><\/p>\n<p><b><span data-contrast=\"auto\">R\u00e9ponses aux questions sur le nouveau passeport vaccinal du Canada pour les voyages internationaux<\/span><\/b><span data-ccp-props=\"{&quot;201341983&quot;:0,&quot;335559739&quot;:160,&quot;335559740&quot;:259}\">&nbsp;<\/span><\/p>\n<p><span data-contrast=\"auto\">Toutes les provinces et tous les territoires ont convenu de se conformer \u00e0 un&nbsp;<\/span><a href=\"https:\/\/www.travelweek.ca\/news\/questions-answered-about-canadas-new-vaccine-passport-for-international-travel\/\"><span data-contrast=\"none\">norme nationale pour les documents de preuve de vaccination<\/span><\/a><span data-contrast=\"auto\">. Gr\u00e2ce \u00e0 un document standardis\u00e9, il sera plus facile pour les autorit\u00e9s charg\u00e9es des voyages au pays et \u00e0 l&#039;\u00e9tranger de v\u00e9rifier le statut vaccinal des Canadiens.<\/span><span data-ccp-props=\"{&quot;201341983&quot;:0,&quot;335559739&quot;:160,&quot;335559740&quot;:259}\">&nbsp;<\/span><\/p>\n<p><b><span data-contrast=\"auto\">L&#039;Argentine supprime les quotas d&#039;entr\u00e9e pour les voyageurs arrivant par avion<\/span><\/b><span data-ccp-props=\"{&quot;201341983&quot;:0,&quot;335559739&quot;:160,&quot;335559740&quot;:259}\">&nbsp;<\/span><\/p>\n<p><span data-contrast=\"auto\">Les plafonds d\u2019entr\u00e9e pour les passagers a\u00e9riens arrivant en Argentine ont \u00e9t\u00e9 supprim\u00e9s r\u00e9cemment, deux semaines seulement apr\u00e8s que le pays ait atteint la moiti\u00e9 de sa population enti\u00e8rement vaccin\u00e9e. Cela a \u00e9t\u00e9 annonc\u00e9 par&nbsp;<\/span><a href=\"https:\/\/www.batimes.com.ar\/news\/argentina\/argentina-finally-scraps-entry-quotas-for-travellers-arriving-by-air.phtml\"><span data-contrast=\"none\">un communiqu\u00e9 officiel de l&#039;ANAC<\/span><\/a><span data-contrast=\"auto\">&nbsp;(Administraci\u00f3n Nacional de Aviaci\u00f3n Civil), \u00ab Conform\u00e9ment \u00e0 ce qui a \u00e9t\u00e9 \u00e9tabli par la d\u00e9cision administrative 951\/21 (du 1er octobre), \u00e0 partir d&#039;aujourd&#039;hui, il n&#039;y aura aucun plafond d&#039;aucune sorte pour ceux qui arrivent dans ce pays par voie a\u00e9rienne \u00bb.<\/span><span data-ccp-props=\"{&quot;201341983&quot;:0,&quot;335559739&quot;:160,&quot;335559740&quot;:259}\">&nbsp;<\/span><\/p>\n<p><b><span data-contrast=\"auto\">Sixt ajoute des voitures hybrides et \u00e9lectriques aux options de conduite<\/span><\/b><span data-ccp-props=\"{&quot;201341983&quot;:0,&quot;335559739&quot;:160,&quot;335559740&quot;:259}\">&nbsp;<\/span><\/p>\n<p><span data-contrast=\"auto\">Alors que la durabilit\u00e9 continue de rev\u00eatir une importance croissante dans le secteur des voyages d&#039;affaires, le sp\u00e9cialiste de la mobilit\u00e9 Sixt a d\u00e9sormais ajout\u00e9&nbsp;<\/span><a href=\"https:\/\/www.businesstravelnewseurope.com\/Ground-Transport\/Sixt-adds-hybrid-and-electric-cars-to-ride-options\"><span data-contrast=\"none\">v\u00e9hicules hybrides et \u00e9lectriques<\/span><\/a><span data-contrast=\"auto\">&nbsp;\u00e0 ses options de r\u00e9servation, offrant aux passagers une alternative bas carbone.&nbsp;<\/span><span data-ccp-props=\"{&quot;201341983&quot;:0,&quot;335559739&quot;:160,&quot;335559740&quot;:259}\">&nbsp;<\/span><\/p>\n<p><b><span data-contrast=\"auto\">Les nouvelles r\u00e8gles de voyage am\u00e9ricaines interdisent les survivants \u00e9trangers de Covid d\u2019un seul coup<\/span><\/b><span data-ccp-props=\"{&quot;201341983&quot;:0,&quot;335559739&quot;:160,&quot;335559740&quot;:259}\">&nbsp;<\/span><\/p>\n<p><span data-contrast=\"auto\">La&nbsp;<\/span><a href=\"https:\/\/www.moneyweb.co.za\/news\/international\/new-us-travel-rules-bar-foreign-covid-survivors-with-one-shot\/\"><span data-contrast=\"none\">nouvelle politique de voyage aux \u00c9tats-Unis<\/span><\/a><span data-contrast=\"auto\">&nbsp;bloquera les voyageurs \u00e9trangers qui se sont r\u00e9tablis du Covid-19 et ont ensuite re\u00e7u une dose de vaccin \u00e0 deux doses, bien qu&#039;il s&#039;agisse d&#039;une norme que la France et la Commission europ\u00e9enne consid\u00e8rent comme une vaccination compl\u00e8te.<\/span><span data-ccp-props=\"{&quot;201341983&quot;:0,&quot;335551550&quot;:1,&quot;335551620&quot;:1,&quot;335559739&quot;:160,&quot;335559740&quot;:259}\">&nbsp;<\/span><\/p>\n<p><span data-ccp-props=\"{&quot;201341983&quot;:0,&quot;335559739&quot;:160,&quot;335559740&quot;:259}\">&nbsp;<\/span><\/p>\n<p><span style=\"text-decoration: underline\"><b>Nouvelles et rappels GBTA<\/b>&nbsp;<\/span><\/p>\n<p><b><span data-contrast=\"none\">Pr\u00eat. S\u00fbr. Voyager. S\u00e9rie d&#039;ateliers<\/span><\/b><span data-ccp-props=\"{&quot;201341983&quot;:0,&quot;335559739&quot;:160,&quot;335559740&quot;:259}\">&nbsp;<\/span><\/p>\n<p><span data-contrast=\"none\">Le premier \u00e9v\u00e9nement en personne de GBTA Canada, Ready. S\u00fbr. Voyage. La s\u00e9rie d&#039;ateliers sur le Canada a d\u00e9but\u00e9 \u00e0 Vancouver le 19 octobre<\/span><span data-contrast=\"none\">e<\/span><span data-contrast=\"none\">&nbsp;et \u00e0 Montr\u00e9al le 26 octobre. Les participants ont jou\u00e9 un r\u00f4le important dans la reprise des voyages d&#039;affaires et des r\u00e9unions au Canada. Le programme est un atelier d&#039;une journ\u00e9e compl\u00e8te couvrant 6 domaines cl\u00e9s des voyages d&#039;affaires pour d\u00e9composer ce qui n&#039;est plus applicable, puis reconstruire ces aspects afin que votre entreprise, vos voyageurs et votre politique refl\u00e8tent avec pr\u00e9cision les meilleures pratiques en mati\u00e8re de voyages et de r\u00e9unions pour l&#039;avenir post-pand\u00e9mique.<\/span><br \/>\n<span data-contrast=\"none\">Le pr\u00eat. S\u00fbr. Voyage. La s\u00e9rie d&#039;ateliers sur le Canada se poursuit&nbsp;<\/span><span data-contrast=\"none\">Toronto le 28 octobre prochain<\/span><span data-contrast=\"none\">.<\/span><span data-ccp-props=\"{&quot;201341983&quot;:0,&quot;335559739&quot;:160,&quot;335559740&quot;:259}\">&nbsp;<\/span><\/p>\n<p><b><span data-contrast=\"none\">WINiT avec \u00e9quit\u00e9<\/span><\/b><span data-ccp-props=\"{&quot;201341983&quot;:0,&quot;335551550&quot;:1,&quot;335551620&quot;:1,&quot;335559739&quot;:160,&quot;335559740&quot;:259}\">&nbsp;<\/span><\/p>\n<p><span data-contrast=\"none\">Apprenez \u00e0 faire de la diversit\u00e9, de l&#039;\u00e9quit\u00e9 et de l&#039;inclusion une priorit\u00e9 absolue dans votre entreprise, notamment en approfondissant les discussions avec&nbsp;<\/span><a href=\"https:\/\/gbta.org\/fr\/calendar\/all-programs\/eventid\/1205\/e\/winit-with-equity-27-oct-2021\/\"><span data-contrast=\"none\">meilleures pratiques et strat\u00e9gies \u00e9prouv\u00e9es<\/span><\/a><span data-contrast=\"none\">&nbsp;avec l&#039;animatrice Malaika Myers et les conf\u00e9renci\u00e8res Tracy Mercer et Aileen Furlong.<\/span><span data-ccp-props=\"{&quot;201341983&quot;:0,&quot;335559739&quot;:160,&quot;335559740&quot;:259}\">&nbsp;<\/span><\/p>\n<p><span data-ccp-props=\"{&quot;201341983&quot;:0,&quot;335559739&quot;:160,&quot;335559740&quot;:259}\">&nbsp;<\/span><\/p>\n<p><span data-ccp-props=\"{&quot;201341983&quot;:0,&quot;335559739&quot;:160,&quot;335559740&quot;:259}\">&nbsp;<\/span><\/p>\n<p><span data-ccp-props=\"{&quot;201341983&quot;:0,&quot;335559739&quot;:160,&quot;335559740&quot;:259}\">&nbsp;<\/span><\/p>","protected":false},"excerpt":{"rendered":"<p>Qu&#039;est-ce que vous appr\u00e9ciez\u00a0? De quoi tu t&#039;inqui\u00e8tes? Nous \u00e9coutons. R\u00e9cemment, plus de 500 membres ont fait entendre leur voix dans un sondage sur la participation en personne \u00e0 la convention GBTA le mois prochain. Beaucoup ont partag\u00e9 leur enthousiasme\u00a0: &quot;J&#039;ai besoin de me connecter avec mes prospects et partenaires en personne et de faire avancer les affaires.&quot; \u00abReprendre le voyage et voir ce que les s\u00e9ances en petits groupes offriront alors que nous travaillons pour trouver notre\u2026<\/p>","protected":false},"author":25,"featured_media":0,"comment_status":"open","ping_status":"open","sticky":false,"template":"","format":"standard","meta":{"_acf_changed":false,"_seopress_robots_primary_cat":"none","_seopress_titles_title":"","_seopress_titles_desc":"","_seopress_robots_index":"","om_disable_all_campaigns":false,"_relevanssi_hide_post":"","_relevanssi_hide_content":"","_relevanssi_pin_for_all":"","_relevanssi_pin_keywords":"","_relevanssi_unpin_keywords":"","_relevanssi_related_keywords":"","_relevanssi_related_include_ids":"","_relevanssi_related_exclude_ids":"","_relevanssi_related_no_append":"","_relevanssi_related_not_related":"","_relevanssi_related_posts":"2477,1439,2017,1620,1171,2480","_relevanssi_noindex_reason":"","_kad_blocks_custom_css":"","_kad_blocks_head_custom_js":"","_kad_blocks_body_custom_js":"","_kad_blocks_footer_custom_js":"","_kad_post_transparent":"","_kad_post_title":"","_kad_post_layout":"","_kad_post_sidebar_id":"","_kad_post_content_style":"","_kad_post_vertical_padding":"","_kad_post_feature":"","_kad_post_feature_position":"","_kad_post_header":false,"_kad_post_footer":false,"footnotes":"","_links_to":"","_links_to_target":""},"categories":[1401,280],"tags":[1450],"class_list":["post-2615","post","type-post","status-publish","format-standard","hentry","category-diversity-equity-inclusion","category-sustainability","tag-check-in-with-suzanne"],"acf":[],"featured_image_src_large":false,"author_info":{"display_name":"jcampbell","author_link":"https:\/\/gbta.org\/fr\/author\/jcampbell\/"},"comment_info":"","category_info":[{"term_id":1401,"name":"Diversity, Equity &amp; Inclusion","slug":"diversity-equity-inclusion","term_group":0,"term_taxonomy_id":1401,"taxonomy":"category","description":"","parent":0,"count":40,"filter":"raw","cat_ID":1401,"category_count":40,"category_description":"","cat_name":"Diversity, Equity &amp; Inclusion","category_nicename":"diversity-equity-inclusion","category_parent":0},{"term_id":280,"name":"Sustainability","slug":"sustainability","term_group":0,"term_taxonomy_id":280,"taxonomy":"category","description":"","parent":0,"count":130,"filter":"raw","cat_ID":280,"category_count":130,"category_description":"","cat_name":"Sustainability","category_nicename":"sustainability","category_parent":0}],"tag_info":[{"term_id":1450,"name":"Check-in with Suzanne","slug":"check-in-with-suzanne","term_group":0,"term_taxonomy_id":1450,"taxonomy":"post_tag","description":"","parent":0,"count":47,"filter":"raw"}],"taxonomy_info":{"category":[{"value":1401,"label":"Diversity, Equity &amp; Inclusion"},{"value":280,"label":"Sustainability"}],"post_tag":[{"value":1450,"label":"Check-in with Suzanne"}]},"featured_image_src":null,"featured_image_src_square":null,"mfb_rest_fields":["featured_image_src_large","author_info","comment_info","category_info","tag_info","taxonomy_info","featured_image_src","featured_image_src_square"],"_links":{"self":[{"href":"https:\/\/gbta.org\/fr\/wp-json\/wp\/v2\/posts\/2615","targetHints":{"allow":["GET"]}}],"collection":[{"href":"https:\/\/gbta.org\/fr\/wp-json\/wp\/v2\/posts"}],"about":[{"href":"https:\/\/gbta.org\/fr\/wp-json\/wp\/v2\/types\/post"}],"author":[{"embeddable":true,"href":"https:\/\/gbta.org\/fr\/wp-json\/wp\/v2\/users\/25"}],"replies":[{"embeddable":true,"href":"https:\/\/gbta.org\/fr\/wp-json\/wp\/v2\/comments?post=2615"}],"version-history":[{"count":0,"href":"https:\/\/gbta.org\/fr\/wp-json\/wp\/v2\/posts\/2615\/revisions"}],"wp:attachment":[{"href":"https:\/\/gbta.org\/fr\/wp-json\/wp\/v2\/media?parent=2615"}],"wp:term":[{"taxonomy":"category","embeddable":true,"href":"https:\/\/gbta.org\/fr\/wp-json\/wp\/v2\/categories?post=2615"},{"taxonomy":"post_tag","embeddable":true,"href":"https:\/\/gbta.org\/fr\/wp-json\/wp\/v2\/tags?post=2615"}],"curies":[{"name":"wp","href":"https:\/\/api.w.org\/{rel}","templated":true}]}}