{"id":2622,"date":"2021-11-23T10:01:00","date_gmt":"2021-11-23T15:01:00","guid":{"rendered":"https:\/\/gbta.org\/check-in-with-suzanne-38\/"},"modified":"2022-09-29T09:31:59","modified_gmt":"2022-09-29T13:31:59","slug":"check-in-with-suzanne-38","status":"publish","type":"post","link":"https:\/\/gbta.org\/fr\/check-in-with-suzanne-38\/","title":{"rendered":"Enregistrement avec Suzanne"},"content":{"rendered":"<p><span data-contrast=\"auto\">Fra\u00eechement sorti de la convention GBTA \u00e0 Orlando la semaine derni\u00e8re, je suis encore en train de traiter de nombreux moments incroyables. Se retrouver renforce vraiment le pouvoir et la valeur de la rencontre en personne.&nbsp;<\/span><span data-ccp-props=\"{&quot;201341983&quot;:0,&quot;335559739&quot;:160,&quot;335559740&quot;:259}\">&nbsp;<\/span><\/p>\n<p><span data-contrast=\"auto\">Les commentaires qui revenaient sans cesse lors des discussions avec les participants au Congr\u00e8s la semaine derni\u00e8re portaient sur la qualit\u00e9. Qualit\u00e9 du contenu pr\u00e9sentant des sujets importants pour notre industrie en ce moment. Qualit\u00e9 dans les programmes d&#039;\u00e9ducation offerts \u00e0 tous les niveaux. Et de la qualit\u00e9 dans les r\u00e9unions organis\u00e9es sur le sol de l&#039;Expo et dans les couloirs. De nombreuses s\u00e9ances de formation ont atteint leur capacit\u00e9 maximale et les tables rondes ont \u00e9t\u00e9 solides. L&#039;engagement \u00e9tait \u00e9lev\u00e9. Et se connecter les uns aux autres \u00e0 un niveau personnel \u00e9tait vivifiant pour tant de personnes, y compris moi.<\/span><span data-ccp-props=\"{&quot;201341983&quot;:0,&quot;335559739&quot;:160,&quot;335559740&quot;:259}\">&nbsp;<\/span><\/p>\n<p><span data-contrast=\"auto\">Ce n&#039;\u00e9tait pas un \u00e9v\u00e9nement comme d&#039;habitude pour GBTA, et il y a eu beaucoup de &quot;premi\u00e8res&quot; \u00e0 la Convention 2021. Ce fut une ann\u00e9e o\u00f9 l&#039;expertise a pris de l&#039;importance sur la sc\u00e8ne principale. Ce fut une ann\u00e9e o\u00f9 les sujets, les sessions et les conf\u00e9renciers se sont align\u00e9s sur les temps changeants dans lesquels nous nous trouvons en tant qu&#039;industrie - et m\u00eame une soci\u00e9t\u00e9 mondiale - notamment\u00a0:<\/span><span data-ccp-props=\"{&quot;201341983&quot;:0,&quot;335559739&quot;:160,&quot;335559740&quot;:259}\">&nbsp;<\/span><\/p>\n<ul>\n<li data-leveltext=\"\uf0b7\" data-font=\"Symbol\" data-listid=\"3\" data-aria-posinset=\"1\" data-aria-level=\"1\"><span data-contrast=\"auto\">Des pr\u00e9visions et des donn\u00e9es pour nous aider \u00e0 mieux comprendre la reprise des voyages d&#039;affaires et le paysage \u00e0 venir<\/span><span data-ccp-props=\"{&quot;134233279&quot;:true,&quot;201341983&quot;:0,&quot;335559739&quot;:160,&quot;335559740&quot;:259}\">&nbsp;<\/span><\/li>\n<\/ul>\n<ul>\n<li data-leveltext=\"\uf0b7\" data-font=\"Symbol\" data-listid=\"3\" data-aria-posinset=\"1\" data-aria-level=\"1\"><span data-contrast=\"auto\">Des id\u00e9es sur la fa\u00e7on dont nous devrions penser et adapter nos entreprises, nos employ\u00e9s et nous-m\u00eames pour l&#039;avenir du travail&nbsp;&nbsp;<\/span><span data-ccp-props=\"{&quot;134233279&quot;:true,&quot;201341983&quot;:0,&quot;335559739&quot;:160,&quot;335559740&quot;:259}\">&nbsp;<\/span><\/li>\n<li data-leveltext=\"\uf0b7\" data-font=\"Symbol\" data-listid=\"3\" data-aria-posinset=\"2\" data-aria-level=\"1\"><span data-contrast=\"auto\">Conversations franches, histoires vraies et points \u00e0 retenir sur la diversit\u00e9, l&#039;\u00e9quit\u00e9 et l&#039;inclusion<\/span><span data-ccp-props=\"{&quot;134233279&quot;:true,&quot;201341983&quot;:0,&quot;335559739&quot;:160,&quot;335559740&quot;:259}\">&nbsp;<\/span><\/li>\n<li data-leveltext=\"\uf0b7\" data-font=\"Symbol\" data-listid=\"3\" data-aria-posinset=\"3\" data-aria-level=\"1\"><span data-contrast=\"auto\">Et les d\u00e9buts du voyage de notre industrie et l&#039;orientation future vers la durabilit\u00e9&nbsp;<\/span><span data-ccp-props=\"{&quot;134233279&quot;:true,&quot;201341983&quot;:0,&quot;335559739&quot;:160,&quot;335559740&quot;:259}\">&nbsp;<\/span><\/li>\n<\/ul>\n<p><span data-contrast=\"auto\">Et il y a eu beaucoup de &quot;premi\u00e8res&quot; qui se sont produites cette ann\u00e9e sp\u00e9cifiquement pour des raisons de sant\u00e9 et de s\u00e9curit\u00e9 - du port de masques et des paniers-repas aux options les plus hygi\u00e9niques de rev\u00eatements de sol d&#039;exposition. La convention dans une pand\u00e9mie est un d\u00e9fi. Nous remercions tous ceux qui ont particip\u00e9 pour leur flexibilit\u00e9 et leur gentillesse \u00e0 nous aider \u00e0 rendre notre \u00e9v\u00e9nement aussi s\u00fbr et responsable que possible.<\/span><span data-ccp-props=\"{&quot;201341983&quot;:0,&quot;335559739&quot;:160,&quot;335559740&quot;:259}\">&nbsp;<\/span><\/p>\n<p><span data-contrast=\"auto\">Voulez-vous encore plus de votre exp\u00e9rience de convention? Les participants inscrits peuvent revoir les sessions de la sc\u00e8ne principale \u00e0 la demande via l&#039;application GBTA Convention (&quot;My Convention Planner&quot; &gt; aller \u00e0 la session &gt; section &quot;Handouts&quot;). Vous n&#039;avez pas pu assister ? D\u00e9couvrez le meilleur de la sc\u00e8ne principale et des sessions \u00e9ducatives avec&nbsp;<\/span><a href=\"https:\/\/gbta.org\/fr\/home\/convention-replay\/\"><span data-contrast=\"none\">Replay de la convention<\/span><\/a><span data-contrast=\"auto\">, qui commence le 29 novembre.&nbsp;&nbsp;<\/span><span data-ccp-props=\"{&quot;201341983&quot;:0,&quot;335559739&quot;:160,&quot;335559740&quot;:259}\">&nbsp;<\/span><\/p>\n<p><span data-contrast=\"auto\">Et si vous avez particip\u00e9, nous voulons vraiment avoir de vos nouvelles. Veuillez prendre quelques minutes pour remplir le sondage sur la convention dans votre bo\u00eete de r\u00e9ception.<\/span><span data-ccp-props=\"{&quot;201341983&quot;:0,&quot;335559739&quot;:160,&quot;335559740&quot;:259}\">&nbsp;<\/span><\/p>\n<p><span data-contrast=\"auto\">C&#039;\u00e9tait formidable de vous voir si nombreux, et j&#039;ai h\u00e2te de me retrouver face \u00e0 face \u00e0 la&nbsp;<\/span><a href=\"https:\/\/europeconference.gbta.org\/?_ga=2.63297958.809183985.1637514655-1820023432.1626104215\"><span data-contrast=\"none\">Conf\u00e9rence GBTA 2021 \u00e0 Berlin<\/span><\/a><span data-contrast=\"auto\">&nbsp;en partenariat avec VDR en quelques semaines seulement.<\/span><span data-ccp-props=\"{&quot;201341983&quot;:0,&quot;335559739&quot;:160,&quot;335559740&quot;:259}\">&nbsp;<\/span><\/p>\n<p><span data-contrast=\"auto\">Suzanne<\/span><span data-ccp-props=\"{&quot;201341983&quot;:0,&quot;335559739&quot;:160,&quot;335559740&quot;:259}\">&nbsp;<\/span><\/p>\n<p>&nbsp;<\/p>\n<p>&nbsp;<\/p>\n<p><span data-ccp-props=\"{&quot;201341983&quot;:0,&quot;335559739&quot;:160,&quot;335559740&quot;:240}\">&nbsp;<\/span><\/p>\n<p><b><span data-contrast=\"none\">Nouvelles \u00e0 savoir<\/span><\/b><span data-ccp-props=\"{&quot;201341983&quot;:0,&quot;335559739&quot;:160,&quot;335559740&quot;:240}\">&nbsp;<\/span><\/p>\n<p><b><span data-contrast=\"auto\">Air Canada va construire une nouvelle plate-forme d&#039;agence avec Farenexus Group<\/span><\/b><span data-ccp-props=\"{&quot;201341983&quot;:0,&quot;335551550&quot;:1,&quot;335551620&quot;:1,&quot;335559739&quot;:160,&quot;335559740&quot;:259}\">&nbsp;<\/span><\/p>\n<p><span data-contrast=\"auto\">Air Canada a nomm\u00e9 Farenexus Group comme partenaire technologique pour construire une nouvelle plateforme pour les agences de voyages.&nbsp;<\/span><a href=\"https:\/\/www.travelweek.ca\/news\/air-canada-to-build-new-agency-platform-with-farenexus-group\/\"><span data-contrast=\"none\">L&#039;appeler AC Connex<\/span><\/a><span data-contrast=\"auto\">, il fournira aux agences un contenu NDC complet d&#039;Air Canada avec int\u00e9gration de profil.&nbsp;<\/span><span data-ccp-props=\"{&quot;201341983&quot;:0,&quot;335551550&quot;:1,&quot;335551620&quot;:1,&quot;335559739&quot;:160,&quot;335559740&quot;:259}\">&nbsp;<\/span><\/p>\n<p><b><span data-contrast=\"auto\">La moiti\u00e9 de la population mondiale est au moins partiellement vaccin\u00e9e, o\u00f9 en est l&#039;Am\u00e9rique latine ?<\/span><\/b><span data-ccp-props=\"{&quot;201341983&quot;:0,&quot;335551550&quot;:1,&quot;335551620&quot;:1,&quot;335559739&quot;:160,&quot;335559740&quot;:259}\">&nbsp;<\/span><\/p>\n<p><span data-contrast=\"auto\">Plus de 51% de la population mondiale ont re\u00e7u au moins une dose d&#039;un vaccin contre le COVID-19.&nbsp;<\/span><a href=\"https:\/\/cnnespanol.cnn.com\/2021\/11\/08\/vacunacion-america-latina-covid-tasas-promedio-our-world-in-data-orix\/\"><span data-contrast=\"none\">Certains pays d&#039;Am\u00e9rique latine<\/span><\/a><span data-contrast=\"auto\">&nbsp;d\u00e9passent la moyenne mondiale, mais d&#039;autres sont \u00e0 la tra\u00eene. Au niveau r\u00e9gional, l&#039;Am\u00e9rique du Sud a un taux de vaccination partielle de 69,59% et l&#039;Am\u00e9rique du Nord a un taux de 61,87%.&nbsp;<\/span><span data-ccp-props=\"{&quot;201341983&quot;:0,&quot;335551550&quot;:1,&quot;335551620&quot;:1,&quot;335559739&quot;:160,&quot;335559740&quot;:259}\">&nbsp;<\/span><\/p>\n<p><b><span data-contrast=\"auto\">Key Travel et Expedia proposent la compensation carbone des h\u00f4tels<\/span><\/b><span data-ccp-props=\"{&quot;201341983&quot;:0,&quot;335551550&quot;:1,&quot;335551620&quot;:1,&quot;335559739&quot;:160,&quot;335559740&quot;:259}\">&nbsp;<\/span><\/p>\n<p><span data-contrast=\"auto\">Le sp\u00e9cialiste TMC Key Travel s&#039;est associ\u00e9 \u00e0 Expedia Partner Solutions (EPS) pour offrir&nbsp;<\/span><a href=\"https:\/\/www.businesstravelnewseurope.com\/Accommodation\/Key-Travel-and-Expedia-to-offer-hotel-carbon-offsetting\"><span data-contrast=\"none\">chambres d&#039;h\u00f4tel neutres en carbone pour les voyages d&#039;affaires<\/span><\/a><span data-contrast=\"auto\">. Avec le nouveau programme Key Travel, les clients r\u00e9servant via EPS, les deux soci\u00e9t\u00e9s paieront pour compenser les \u00e9missions de carbone de la r\u00e9servation. Tous les fonds vont \u00e0 Cool Effect, une organisation \u00e0 but non lucratif bas\u00e9e \u00e0 San Francisco, qui investit l&#039;argent dans des projets v\u00e9rifi\u00e9s de r\u00e9duction des \u00e9missions de carbone dans le monde entier.&nbsp;<\/span><span data-ccp-props=\"{&quot;201341983&quot;:0,&quot;335551550&quot;:1,&quot;335551620&quot;:1,&quot;335559739&quot;:160,&quot;335559740&quot;:259}\">&nbsp;<\/span><\/p>\n<p><b><span data-contrast=\"auto\">Des milliers de personnes se r\u00e9uniront \u00e0 Times Square \u00e0 New York pour c\u00e9l\u00e9brer NYE avec une preuve de vaccination<\/span><\/b><span data-ccp-props=\"{&quot;201341983&quot;:0,&quot;335551550&quot;:1,&quot;335551620&quot;:1,&quot;335559739&quot;:160,&quot;335559740&quot;:259}\">&nbsp;<\/span><\/p>\n<p><span data-contrast=\"auto\">&nbsp;La ville de New York accueillera \u00e0 nouveau des milliers de personnes \u00e0 Times Square pour la tradition embl\u00e9matique du ballon du Nouvel An. Tous les participants devront fournir une preuve de vaccination.&nbsp;<\/span><a href=\"https:\/\/www.cnn.com\/travel\/article\/new-york-times-square-new-years-eve-vaccination-requirement\/index.html\"><span data-contrast=\"none\">Le maire de New York a annonc\u00e9<\/span><\/a><span data-contrast=\"auto\">&nbsp;le retour de la c\u00e9l\u00e9bration en personne \u00abgrande, forte, pleine force\u00bb la semaine derni\u00e8re, affirmant qu&#039;il travaillait avec le minist\u00e8re de la Sant\u00e9 de New York, le NYPD et d&#039;autres partenaires en pr\u00e9paration des festivit\u00e9s.&nbsp;<\/span><span data-ccp-props=\"{&quot;201341983&quot;:0,&quot;335551550&quot;:1,&quot;335551620&quot;:1,&quot;335559739&quot;:160,&quot;335559740&quot;:259}\">&nbsp;<\/span><\/p>\n<p><span data-ccp-props=\"{&quot;201341983&quot;:0,&quot;335551550&quot;:1,&quot;335551620&quot;:1,&quot;335559739&quot;:160,&quot;335559740&quot;:259}\">&nbsp;<\/span><\/p>\n<p><b><span data-contrast=\"none\">Nouvelles et rappels GBTA<\/span><\/b><span data-ccp-props=\"{&quot;201341983&quot;:0,&quot;335559739&quot;:160,&quot;335559740&quot;:259}\">&nbsp;<\/span><\/p>\n<p><b><span data-contrast=\"none\">Rediffusion de la convention GBTA<\/span><\/b><span data-ccp-props=\"{&quot;201341983&quot;:0,&quot;335551550&quot;:1,&quot;335551620&quot;:1,&quot;335559739&quot;:160,&quot;335559740&quot;:259}\">&nbsp;<\/span><\/p>\n<p><span data-contrast=\"none\">Je ne peux pas me rendre \u00e0 Orlando pour&nbsp;<\/span><a href=\"https:\/\/www.convention.gbta.org\/?utm_source=CheckInSuzanne&amp;utm_medium=Email&amp;utm_campaign=Convention2021&amp;utm_id=Convention2021\"><span data-contrast=\"none\">Convention GBTA<\/span><\/a><span data-contrast=\"none\">? Ne manquez pas la nouvelle exp\u00e9rience unique, consultez&nbsp;<\/span><a href=\"https:\/\/gbta.org\/fr\/home\/convention-replay\/?_ga=2.47506215.1064344315.1635258174-143742742.1632159933\"><span data-contrast=\"none\">Replay de la convention<\/span><\/a><span data-contrast=\"none\">! Avec 5 sessions de diffusion en direct sur la sc\u00e8ne principale, 25 sessions \u00e9ducatives, des connexions virtuelles d&#039;exposants et bien plus encore, vous pouvez tirer parti de la valeur du rassemblement phare de l&#039;industrie du voyage d&#039;affaires d&#039;une mani\u00e8re qui vous convient.<\/span><span data-ccp-props=\"{&quot;201341983&quot;:0,&quot;335551550&quot;:1,&quot;335551620&quot;:1,&quot;335559739&quot;:160,&quot;335559740&quot;:259}\">&nbsp;<\/span><\/p>\n<p><b><span data-contrast=\"none\">Bootcamp sur la gestion des risques li\u00e9s aux voyages\u00a0: Comprendre et mettre en \u0153uvre ISO31030<\/span><\/b><span data-ccp-props=\"{&quot;201341983&quot;:0,&quot;335551550&quot;:1,&quot;335551620&quot;:1,&quot;335559739&quot;:160,&quot;335559740&quot;:259}\">&nbsp;<\/span><\/p>\n<p><span data-contrast=\"none\">Explorez la gestion des risques li\u00e9s aux voyages dans le contexte de la nouvelle norme ISO 31030 et obtenez les outils et la confiance n\u00e9cessaires pour mettre \u00e0 jour et\/ou cr\u00e9er un syst\u00e8me robuste au sein de votre organisation.&nbsp;<\/span><a href=\"https:\/\/gbta.org\/fr\/calendar\/all-programs\/eventid\/1202\/e\/travel-risk-management-bootcamp-understanding-and-implementing-iso31030-14-0-1-dec-2021\/\"><span data-contrast=\"none\">Ce cours d&#039;une journ\u00e9e<\/span><\/a><span data-contrast=\"none\">, dirig\u00e9 par des experts en gestion des risques li\u00e9s aux voyages, Global Secure Accreditation en collaboration avec GBTA et le groupe Anvil, est con\u00e7u pour donner des conseils pratiques \u00e0 toute personne impliqu\u00e9e dans la cr\u00e9ation et la gestion de programmes de voyages d&#039;affaires.<\/span><\/p>","protected":false},"excerpt":{"rendered":"<p>Fra\u00eechement sorti de la convention GBTA \u00e0 Orlando la semaine derni\u00e8re, je suis encore en train de traiter de nombreux moments incroyables. Se retrouver renforce vraiment le pouvoir et la valeur de la rencontre en personne. Les commentaires qui revenaient sans cesse lors des discussions avec les participants au Congr\u00e8s la semaine derni\u00e8re portaient sur la qualit\u00e9. Qualit\u00e9 du contenu pr\u00e9sentant des sujets importants pour notre industrie en ce moment. Qualit\u00e9 dans les programmes d&#039;\u00e9ducation offerts \u00e0 tous les niveaux. Et la qualit\u00e9 dans les r\u00e9unions tenues sur le sol de l&#039;Expo et dans les couloirs. De nombreuses s\u00e9ances p\u00e9dagogiques\u2026<\/p>","protected":false},"author":25,"featured_media":0,"comment_status":"open","ping_status":"open","sticky":false,"template":"","format":"standard","meta":{"_acf_changed":false,"_seopress_robots_primary_cat":"none","_seopress_titles_title":"","_seopress_titles_desc":"","_seopress_robots_index":"","om_disable_all_campaigns":false,"_relevanssi_hide_post":"","_relevanssi_hide_content":"","_relevanssi_pin_for_all":"","_relevanssi_pin_keywords":"","_relevanssi_unpin_keywords":"","_relevanssi_related_keywords":"","_relevanssi_related_include_ids":"","_relevanssi_related_exclude_ids":"","_relevanssi_related_no_append":"","_relevanssi_related_not_related":"","_relevanssi_related_posts":"2477,1439,2017,1620,1171,2480","_relevanssi_noindex_reason":"","_kad_blocks_custom_css":"","_kad_blocks_head_custom_js":"","_kad_blocks_body_custom_js":"","_kad_blocks_footer_custom_js":"","_kad_post_transparent":"","_kad_post_title":"","_kad_post_layout":"","_kad_post_sidebar_id":"","_kad_post_content_style":"","_kad_post_vertical_padding":"","_kad_post_feature":"","_kad_post_feature_position":"","_kad_post_header":false,"_kad_post_footer":false,"footnotes":"","_links_to":"","_links_to_target":""},"categories":[1401,105,106,280],"tags":[1450],"class_list":["post-2622","post","type-post","status-publish","format-standard","hentry","category-diversity-equity-inclusion","category-europe-and-uk","category-latin-america","category-sustainability","tag-check-in-with-suzanne"],"acf":[],"featured_image_src_large":false,"author_info":{"display_name":"jcampbell","author_link":"https:\/\/gbta.org\/fr\/author\/jcampbell\/"},"comment_info":"","category_info":[{"term_id":1401,"name":"Diversity, Equity &amp; Inclusion","slug":"diversity-equity-inclusion","term_group":0,"term_taxonomy_id":1401,"taxonomy":"category","description":"","parent":0,"count":40,"filter":"raw","cat_ID":1401,"category_count":40,"category_description":"","cat_name":"Diversity, Equity &amp; Inclusion","category_nicename":"diversity-equity-inclusion","category_parent":0},{"term_id":105,"name":"Europe and UK","slug":"europe-and-uk","term_group":0,"term_taxonomy_id":105,"taxonomy":"category","description":"","parent":0,"count":152,"filter":"raw","cat_ID":105,"category_count":152,"category_description":"","cat_name":"Europe and UK","category_nicename":"europe-and-uk","category_parent":0},{"term_id":106,"name":"Latin America","slug":"latin-america","term_group":0,"term_taxonomy_id":106,"taxonomy":"category","description":"","parent":0,"count":54,"filter":"raw","cat_ID":106,"category_count":54,"category_description":"","cat_name":"Latin America","category_nicename":"latin-america","category_parent":0},{"term_id":280,"name":"Sustainability","slug":"sustainability","term_group":0,"term_taxonomy_id":280,"taxonomy":"category","description":"","parent":0,"count":130,"filter":"raw","cat_ID":280,"category_count":130,"category_description":"","cat_name":"Sustainability","category_nicename":"sustainability","category_parent":0}],"tag_info":[{"term_id":1450,"name":"Check-in with Suzanne","slug":"check-in-with-suzanne","term_group":0,"term_taxonomy_id":1450,"taxonomy":"post_tag","description":"","parent":0,"count":47,"filter":"raw"}],"taxonomy_info":{"category":[{"value":1401,"label":"Diversity, Equity &amp; Inclusion"},{"value":105,"label":"Europe and UK"},{"value":106,"label":"Latin America"},{"value":280,"label":"Sustainability"}],"post_tag":[{"value":1450,"label":"Check-in with Suzanne"}]},"featured_image_src":null,"featured_image_src_square":null,"mfb_rest_fields":["featured_image_src_large","author_info","comment_info","category_info","tag_info","taxonomy_info","featured_image_src","featured_image_src_square"],"_links":{"self":[{"href":"https:\/\/gbta.org\/fr\/wp-json\/wp\/v2\/posts\/2622","targetHints":{"allow":["GET"]}}],"collection":[{"href":"https:\/\/gbta.org\/fr\/wp-json\/wp\/v2\/posts"}],"about":[{"href":"https:\/\/gbta.org\/fr\/wp-json\/wp\/v2\/types\/post"}],"author":[{"embeddable":true,"href":"https:\/\/gbta.org\/fr\/wp-json\/wp\/v2\/users\/25"}],"replies":[{"embeddable":true,"href":"https:\/\/gbta.org\/fr\/wp-json\/wp\/v2\/comments?post=2622"}],"version-history":[{"count":0,"href":"https:\/\/gbta.org\/fr\/wp-json\/wp\/v2\/posts\/2622\/revisions"}],"wp:attachment":[{"href":"https:\/\/gbta.org\/fr\/wp-json\/wp\/v2\/media?parent=2622"}],"wp:term":[{"taxonomy":"category","embeddable":true,"href":"https:\/\/gbta.org\/fr\/wp-json\/wp\/v2\/categories?post=2622"},{"taxonomy":"post_tag","embeddable":true,"href":"https:\/\/gbta.org\/fr\/wp-json\/wp\/v2\/tags?post=2622"}],"curies":[{"name":"wp","href":"https:\/\/api.w.org\/{rel}","templated":true}]}}