{"id":2642,"date":"2022-01-25T10:01:00","date_gmt":"2022-01-25T15:01:00","guid":{"rendered":"https:\/\/gbta.org\/check-in-with-suzanne-44\/"},"modified":"2022-09-29T09:11:20","modified_gmt":"2022-09-29T13:11:20","slug":"check-in-with-suzanne-44","status":"publish","type":"post","link":"https:\/\/gbta.org\/fr\/check-in-with-suzanne-44\/","title":{"rendered":"Enregistrement avec Suzanne"},"content":{"rendered":"<p><span data-contrast=\"auto\">C&#039;est comme si c&#039;\u00e9tait hier que nous avons termin\u00e9 la convention GBTA 2021 \u00e0 Orlando. Pourtant, nous sommes maintenant enti\u00e8rement concentr\u00e9s sur la convention 2022, du 14 au 17 ao\u00fbt \u00e0 San Diego, en Californie, et les inscriptions seront bient\u00f4t ouvertes. (<\/span><a href=\"https:\/\/convention.gbta.org\/\"><span data-contrast=\"none\">S&#039;inscrire<\/span><\/a><span data-contrast=\"auto\">&nbsp;pour les mises \u00e0 jour\u00a0!)<\/span><span data-ccp-props=\"{&quot;201341983&quot;:0,&quot;335559739&quot;:160,&quot;335559740&quot;:259,&quot;469777462&quot;:[720],&quot;469777927&quot;:[0],&quot;469777928&quot;:[8]}\">&nbsp;<\/span><\/p>\n<p><span data-contrast=\"auto\">Et gr\u00e2ce \u00e0 vos commentaires post-convention 2021, nous nous appuyons \u00e0 la fois sur nos succ\u00e8s et sur les domaines \u00e0 am\u00e9liorer pour 2022 pour Re(Connect), Re(Imagine) et (Re)Create pour offrir les \u00e9v\u00e9nements les plus pertinents et les plus engageants de la COVID- \u00e8re. Et au fait, nous avons atteint un record de r\u00e9ponse absolu pour les commentaires des participants\u00a0! La diversit\u00e9 et la quantit\u00e9 de commentaires joueront un r\u00f4le important dans l&#039;\u00e9laboration et la (re)cr\u00e9ation non seulement de la convention mondiale annuelle, mais \u00e9galement d&#039;autres \u00e9v\u00e9nements et programmes GBTA dans le monde tout au long de l&#039;ann\u00e9e \u00e0 venir.&nbsp;<\/span><span data-ccp-props=\"{&quot;201341983&quot;:0,&quot;335559739&quot;:160,&quot;335559740&quot;:259,&quot;469777462&quot;:[720],&quot;469777927&quot;:[0],&quot;469777928&quot;:[8]}\">&nbsp;<\/span><\/p>\n<p><span data-contrast=\"auto\">GBTA reste concentr\u00e9 sur la satisfaction des besoins uniques de nos diff\u00e9rents secteurs industriels dans cet environnement des plus difficiles. Sur la base du sondage post-Congr\u00e8s, voici un peu de ce que nous avons entendu et dont nous tenons compte pour l&#039;avenir\u00a0:<\/span><span data-ccp-props=\"{&quot;201341983&quot;:0,&quot;335559739&quot;:160,&quot;335559740&quot;:259,&quot;469777462&quot;:[720],&quot;469777927&quot;:[0],&quot;469777928&quot;:[8]}\">&nbsp;<\/span><\/p>\n<ul>\n<li data-leveltext=\"\u2022\" data-font=\"Arial\" data-listid=\"4\" data-aria-posinset=\"1\" data-aria-level=\"1\"><span data-contrast=\"auto\">83% des participants ont d\u00e9clar\u00e9 que la Convention avait r\u00e9pondu ou d\u00e9pass\u00e9 leurs attentes, et plus de la moiti\u00e9 d&#039;entre eux nous ont attribu\u00e9 les meilleures notes.<\/span><span data-ccp-props=\"{&quot;201341983&quot;:0,&quot;335559739&quot;:160,&quot;335559740&quot;:259}\">&nbsp;<\/span><\/li>\n<\/ul>\n<ul>\n<li data-leveltext=\"\u2022\" data-font=\"Arial\" data-listid=\"4\" data-aria-posinset=\"1\" data-aria-level=\"1\"><span data-contrast=\"auto\">Plus de 80% d&#039;acheteurs de voyages pr\u00e9sents pr\u00e9voient de faire affaire avec des entreprises exposantes.&nbsp;<\/span><span data-ccp-props=\"{&quot;201341983&quot;:0,&quot;335559739&quot;:160,&quot;335559740&quot;:259}\">&nbsp;<\/span><\/li>\n<li data-leveltext=\"\u2022\" data-font=\"Arial\" data-listid=\"4\" data-aria-posinset=\"2\" data-aria-level=\"1\"><span data-contrast=\"auto\">75% de tous les participants ont l&#039;intention de revenir cette ann\u00e9e.&nbsp;<\/span><span data-ccp-props=\"{&quot;201341983&quot;:0,&quot;335559739&quot;:160,&quot;335559740&quot;:259}\">&nbsp;<\/span><\/li>\n<li data-leveltext=\"\u2022\" data-font=\"Arial\" data-listid=\"4\" data-aria-posinset=\"3\" data-aria-level=\"1\"><span data-contrast=\"auto\">En ce qui concerne les conf\u00e9renciers de grande envergure, les participants veulent surtout entendre des dirigeants et des cadres du voyage d&#039;affaires (67%), des experts en la mati\u00e8re (59%), des entrepreneurs c\u00e9l\u00e8bres (49%) et des conf\u00e9renciers professionnels avec des histoires inspirantes (48%).&nbsp;<\/span><span data-ccp-props=\"{&quot;201341983&quot;:0,&quot;335559739&quot;:160,&quot;335559740&quot;:259}\">&nbsp;<\/span><\/li>\n<li data-leveltext=\"\u2022\" data-font=\"Arial\" data-listid=\"4\" data-aria-posinset=\"4\" data-aria-level=\"1\"><span data-contrast=\"auto\">La note la plus \u00e9lev\u00e9e a \u00e9t\u00e9 attribu\u00e9e \u00e0 la session sur l&#039;avenir du travail et \u00e0 Heather McGowan. Et - vraiment - les scores globaux de notre programme Main Stage \u00e9taient encourageants - et ont confirm\u00e9 que notre nouvelle approche de la conservation du contenu et de la diffusion des sujets qui comptent le plus maintenant r\u00e9sonne avec la plupart d&#039;entre vous.&nbsp;<\/span><span data-ccp-props=\"{&quot;201341983&quot;:0,&quot;335559739&quot;:160,&quot;335559740&quot;:259}\">&nbsp;<\/span><\/li>\n<\/ul>\n<p><span data-ccp-props=\"{&quot;201341983&quot;:0,&quot;335559739&quot;:160,&quot;335559740&quot;:259}\">&nbsp;<\/span><span data-contrast=\"auto\">Le Congr\u00e8s de l&#039;an dernier n&#039;a pas \u00e9t\u00e9 sans d\u00e9fis, et nous prenons \u00e9galement \u00e0 c\u0153ur vos commentaires dans ces domaines. La diminution du nombre total d&#039;acheteurs de voyages pr\u00e9sents, ainsi que le rev\u00eatement de sol des salles d&#039;exposition, le choix des aliments et l&#039;emballage ont \u00e9t\u00e9 d\u00e9cevants - tous ces domaines \u00e9tant touch\u00e9s par les circonstances de la pand\u00e9mie.&nbsp;<\/span><span data-ccp-props=\"{&quot;201341983&quot;:0,&quot;335559739&quot;:160,&quot;335559740&quot;:259}\">&nbsp;<\/span><\/p>\n<p><span data-contrast=\"auto\">En 2022, nous essaierons de mettre la barre encore plus haut avec des informations sur les principaux d\u00e9fis de l&#039;industrie pour apprendre, discuter et emporter avec vous. Avec chaque programme, initiative et \u00e9v\u00e9nement, notre objectif est de continuer \u00e0 nous am\u00e9liorer, de fournir ce dont vous avez besoin et de d\u00e9passer vos attentes, tout en assurant la s\u00e9curit\u00e9 de tous dans le processus. Merci \u00e0 tous ceux qui se sont connect\u00e9s avec nous. Nous appr\u00e9cions vos commentaires continus. Approcher&nbsp;<\/span><a href=\"mailto:sneufang@gbta.org\"><span data-contrast=\"none\">moi<\/span><\/a><span data-contrast=\"auto\">&nbsp;ou l&#039;un des&nbsp;<\/span><a href=\"mailto:info@gbta.org\"><span data-contrast=\"none\">Personnel GBTA<\/span><\/a><span data-contrast=\"auto\">&nbsp;ou les membres du conseil d&#039;administration. GBTA est l\u00e0 pour vous \u00e9couter.<\/span><span data-ccp-props=\"{&quot;201341983&quot;:0,&quot;335559739&quot;:160,&quot;335559740&quot;:259}\">&nbsp;<\/span><\/p>\n<p><span data-ccp-props=\"{&quot;201341983&quot;:0,&quot;335559739&quot;:160,&quot;335559740&quot;:259}\">&nbsp;<\/span><\/p>\n<p><span style=\"text-decoration: underline\"><b>Nouvelles \u00e0 savoir<\/b>&nbsp;<\/span><\/p>\n<p><b><span data-contrast=\"none\">CDC fait passer 22 nouvelles destinations \u00e0 son niveau de risque le plus \u00e9lev\u00e9 pour les voyages<\/span><\/b><span data-ccp-props=\"{&quot;201341983&quot;:0,&quot;335551550&quot;:1,&quot;335551620&quot;:1,&quot;335559739&quot;:160,&quot;335559740&quot;:259}\">&nbsp;<\/span><\/p>\n<p><span data-contrast=\"none\">Mardi, les Centers for Disease Control and Prevention des \u00c9tats-Unis ont d\u00e9plac\u00e9 22 pays dans sa cat\u00e9gorie de voyage \u00e0 risque le plus \u00e9lev\u00e9 pour Covid-19. En revanche, il n&#039;a fait passer que deux pays au niveau 4, ou risque &quot;tr\u00e8s \u00e9lev\u00e9&quot;, la semaine derni\u00e8re. Ajoutant \u00e0 l&#039;impact: le CDC a \u00e9galement d\u00e9plac\u00e9 22 pays suppl\u00e9mentaires vers sa cat\u00e9gorie de niveau 3, qui est consid\u00e9r\u00e9e comme un risque \u00ab\u00e9lev\u00e9\u00bb pour Covid-19.&nbsp;<\/span><a href=\"https:\/\/www.cnn.com\/travel\/article\/cdc-very-high-risk-travel-destinations-january-18\/index.html\"><span data-contrast=\"none\">Parmi les nations pass\u00e9es au niveau 4<\/span><\/a><span data-contrast=\"none\">&nbsp;cette semaine \u00e9taient l&#039;Argentine et l&#039;Australie, qui ont maintenu certains des contr\u00f4les aux fronti\u00e8res les plus stricts pendant la majeure partie de la pand\u00e9mie.<\/span><span data-ccp-props=\"{&quot;201341983&quot;:0,&quot;335551550&quot;:1,&quot;335551620&quot;:1,&quot;335559739&quot;:160,&quot;335559740&quot;:259}\">&nbsp;<\/span><\/p>\n<p><b><span data-contrast=\"none\">Canada Jetlines commence la formation des pilotes<\/span><\/b><span data-ccp-props=\"{&quot;201341983&quot;:0,&quot;335551550&quot;:1,&quot;335551620&quot;:1,&quot;335559739&quot;:160,&quot;335559740&quot;:259}\">&nbsp;<\/span><\/p>\n<p><span data-contrast=\"none\">Transports Canada a donn\u00e9 \u00e0 Canada Jetlines&nbsp;<\/span><a href=\"https:\/\/www.travelweek.ca\/news\/canada-jetlines-begins-pilot-training\/\"><span data-contrast=\"none\">le feu vert pour commencer la formation des \u00e9quipages de conduite avant son lancement au printemps 2022<\/span><\/a><span data-contrast=\"none\">. L&#039;approbation finale du programme de formation des pilotes sera accord\u00e9e une fois que Transports Canada aura examin\u00e9 la formation et la jugera satisfaisante. \u00ab Il s&#039;agit d&#039;une \u00e9tape importante dans le processus de certificat d&#039;exploitation a\u00e9rienne avec Transports Canada \u00bb, a d\u00e9clar\u00e9 Eddy Doyle, PDG de Canada Jetlines. &quot;Notre premier \u00e9quipage commencera son programme de formation de pilote ce mois-ci et devrait avoir termin\u00e9 sa formation sur simulateur \u00e0 la fin de f\u00e9vrier.&quot;<\/span><span data-ccp-props=\"{&quot;201341983&quot;:0,&quot;335551550&quot;:1,&quot;335551620&quot;:1,&quot;335559739&quot;:160,&quot;335559740&quot;:259}\">&nbsp;<\/span><\/p>\n<p><b><span data-contrast=\"none\">Le gouvernement britannique envisage de supprimer les tests du deuxi\u00e8me jour pour les voyageurs vaccin\u00e9s<\/span><\/b><span data-ccp-props=\"{&quot;201341983&quot;:0,&quot;335551550&quot;:1,&quot;335551620&quot;:1,&quot;335559739&quot;:160,&quot;335559740&quot;:259}\">&nbsp;<\/span><\/p>\n<p><span data-contrast=\"none\">Au cours des prochaines semaines, les voyageurs enti\u00e8rement vaccin\u00e9s au Royaume-Uni pourraient \u00eatre en mesure de&nbsp;<\/span><a href=\"https:\/\/www.businesstravelnewseurope.com\/Management\/UK-government-considers-axing-day-two-tests-for-vaccinated-travellers\"><span data-contrast=\"none\">entrer dans le pays sans aucun test COVID-19<\/span><\/a><span data-contrast=\"none\">. Actuellement, les voyageurs retournant en Angleterre doivent passer un test de flux lat\u00e9ral ou d&#039;antig\u00e8ne le deuxi\u00e8me jour, toute personne test\u00e9e positive pour Covid devant s&#039;isoler pendant 10 jours. Une annonce sur la suppression des tests du deuxi\u00e8me jour pour les voyageurs enti\u00e8rement vaccin\u00e9s est attendue le 26 janvier ou vers cette date.<\/span><span data-ccp-props=\"{&quot;201341983&quot;:0,&quot;335551550&quot;:1,&quot;335551620&quot;:1,&quot;335559739&quot;:160,&quot;335559740&quot;:259}\">&nbsp;<\/span><\/p>\n<p><b><span data-contrast=\"none\">LATAM s&#039;associe au rival de British Airways apr\u00e8s avoir quitt\u00e9 oneworld<\/span><\/b><span data-ccp-props=\"{&quot;201341983&quot;:0,&quot;335551550&quot;:1,&quot;335551620&quot;:1,&quot;335559739&quot;:160,&quot;335559740&quot;:259}\">&nbsp;<\/span><\/p>\n<p><span data-contrast=\"none\">LATAM Airlines Group conclura un accord de partage de code avec Virgin Atlantic,&nbsp;<\/span><a href=\"https:\/\/simpleflying.com\/latam-virgin-atlantic-partnership\/\"><span data-contrast=\"none\">les deux transporteurs ont annonc\u00e9<\/span><\/a><span data-contrast=\"none\">. Depuis son d\u00e9part de oneworld, LATAM s&#039;est rapproch\u00e9 de Delta Air Lines et de ses partenaires, Virgin et Aeromexico.<\/span><span data-ccp-props=\"{&quot;201341983&quot;:0,&quot;335551550&quot;:1,&quot;335551620&quot;:1,&quot;335559739&quot;:160,&quot;335559740&quot;:259}\">&nbsp;<\/span><\/p>\n<p><span data-ccp-props=\"{&quot;201341983&quot;:0,&quot;335551550&quot;:1,&quot;335551620&quot;:1,&quot;335559739&quot;:160,&quot;335559740&quot;:259}\">&nbsp;<\/span><\/p>\n<p><span style=\"text-decoration: underline\"><b>Nouvelles et rappels GBTA<\/b>&nbsp;<\/span><\/p>\n<p><b><span data-contrast=\"none\">Pr\u00eat. S\u00fbr. Voyager. Forum de discussion canadien<\/span><\/b><span data-ccp-props=\"{&quot;201341983&quot;:0,&quot;335551550&quot;:1,&quot;335551620&quot;:1,&quot;335559739&quot;:160,&quot;335559740&quot;:259}\">&nbsp;<\/span><\/p>\n<p><span data-contrast=\"none\">26 janvier 2022 | 13 h HNE<\/span><br \/>\n<span data-contrast=\"none\">Le Pr\u00eat. S\u00fbr. Voyager. Le forum de discussion sur le Canada est un programme virtuel gratuit et sera un point culminant des principaux apprentissages et des points \u00e0 retenir sur les politiques des sessions originales de Ready. S\u00fbr. Programme de la s\u00e9rie d&#039;ateliers de Voyage Canada.&nbsp;<\/span><a href=\"https:\/\/gbta.org\/fr\/membership-communities\/regions\/canada\/ready-safe-travel-canada-discussion-forum\/\"><span data-contrast=\"none\">En savoir plus et s&#039;inscrire &gt;&gt;<\/span><\/a><span data-ccp-props=\"{&quot;201341983&quot;:0,&quot;335551550&quot;:1,&quot;335551620&quot;:1,&quot;335559739&quot;:160,&quot;335559740&quot;:259}\">&nbsp;<\/span><\/p>\n<p><b><span data-contrast=\"auto\">Mairie de GBTA Europe<\/span><\/b><span data-ccp-props=\"{&quot;201341983&quot;:0,&quot;335551550&quot;:1,&quot;335551620&quot;:1,&quot;335559739&quot;:160,&quot;335559740&quot;:259}\">&nbsp;<\/span><\/p>\n<p><span data-contrast=\"auto\">27 janvier 2022 | 14h00 GMT<\/span><br \/>\n<span data-contrast=\"auto\">Rejoignez-nous pour le premier GBTA Europe Town Hall de 2022 pour obtenir les derni\u00e8res nouvelles de GBTA dans la r\u00e9gion et rencontrer Ben Park, nouveau pr\u00e9sident du GBTA Europe Advisory Board. Nous serons \u00e9galement rejoints par le directeur de la recherche GBTA, Chris Ely, qui pr\u00e9sentera les perspectives des voyages d&#039;affaires GBTA BTI, donnant des informations pr\u00e9cieuses sur le moment o\u00f9 nous pouvons nous attendre \u00e0 voir un retour aux voyages et les forces \u00e9conomiques qui soutiendront cette croissance.<\/span><span data-ccp-props=\"{&quot;201341983&quot;:0,&quot;335551550&quot;:1,&quot;335551620&quot;:1,&quot;335559739&quot;:160,&quot;335559740&quot;:259}\">&nbsp;<a href=\"https:\/\/gbta.org\/fr\/EventCalendar\/EventRegistrationStep1\/?eventcd=27DL0122\">Inscrivez-vous aujourd&#039;hui &gt;&gt;<\/a><\/span><\/p>\n<p><b><span data-contrast=\"none\">Rediffusion de la convention GBTA<\/span><\/b><span data-ccp-props=\"{&quot;201341983&quot;:0,&quot;335551550&quot;:1,&quot;335551620&quot;:1,&quot;335559739&quot;:160,&quot;335559740&quot;:259}\">&nbsp;<\/span><\/p>\n<p><span data-contrast=\"none\">Ne manquez pas la nouvelle exp\u00e9rience unique, consultez&nbsp;<\/span><a href=\"https:\/\/gbta.org\/fr\/home\/convention-replay\/?_ga=2.47506215.1064344315.1635258174-143742742.1632159933\"><span data-contrast=\"none\">Replay de la convention<\/span><\/a><span data-contrast=\"none\">! Avec 5 sessions de diffusion en direct sur la sc\u00e8ne principale, 25 sessions \u00e9ducatives, des connexions virtuelles d&#039;exposants et bien plus encore, vous pouvez tirer parti de la valeur du rassemblement phare de l&#039;industrie du voyage d&#039;affaires d&#039;une mani\u00e8re qui vous convient.&nbsp;<\/span><span data-ccp-props=\"{&quot;201341983&quot;:0,&quot;335551550&quot;:1,&quot;335551620&quot;:1,&quot;335559739&quot;:160,&quot;335559740&quot;:259}\">&nbsp;<\/span><\/p>","protected":false},"excerpt":{"rendered":"<p>C&#039;est comme si c&#039;\u00e9tait hier que nous avons termin\u00e9 la convention GBTA 2021 \u00e0 Orlando. Pourtant, nous sommes maintenant enti\u00e8rement concentr\u00e9s sur la convention 2022, du 14 au 17 ao\u00fbt \u00e0 San Diego, en Californie, et les inscriptions seront bient\u00f4t ouvertes. (Inscrivez-vous pour les mises \u00e0 jour\u00a0!) Et gr\u00e2ce \u00e0 vos commentaires post-convention 2021, nous nous appuyons \u00e0 la fois sur nos succ\u00e8s et sur les domaines n\u00e9cessitant des am\u00e9liorations pour 2022 pour Re(Connect), Re(Imagine) et (Re)Create afin de fournir les informations les plus pertinentes. et des \u00e9v\u00e9nements captivants \u00e0 l&#039;\u00e8re de la COVID. Et au fait, nous avons atteint un record de r\u00e9ponse absolu pour les commentaires des participants\u00a0! La diversit\u00e9 et la quantit\u00e9 de commentaires joueront un r\u00f4le important\u2026<\/p>","protected":false},"author":25,"featured_media":0,"comment_status":"open","ping_status":"open","sticky":false,"template":"","format":"standard","meta":{"_acf_changed":false,"_seopress_robots_primary_cat":"none","_seopress_titles_title":"","_seopress_titles_desc":"","_seopress_robots_index":"","om_disable_all_campaigns":false,"_relevanssi_hide_post":"","_relevanssi_hide_content":"","_relevanssi_pin_for_all":"","_relevanssi_pin_keywords":"","_relevanssi_unpin_keywords":"","_relevanssi_related_keywords":"","_relevanssi_related_include_ids":"","_relevanssi_related_exclude_ids":"","_relevanssi_related_no_append":"","_relevanssi_related_not_related":"","_relevanssi_related_posts":"2477,1439,2017,1620,1171,2480","_relevanssi_noindex_reason":"","_kad_blocks_custom_css":"","_kad_blocks_head_custom_js":"","_kad_blocks_body_custom_js":"","_kad_blocks_footer_custom_js":"","_kad_post_transparent":"","_kad_post_title":"","_kad_post_layout":"","_kad_post_sidebar_id":"","_kad_post_content_style":"","_kad_post_vertical_padding":"","_kad_post_feature":"","_kad_post_feature_position":"","_kad_post_header":false,"_kad_post_footer":false,"footnotes":"","_links_to":"","_links_to_target":""},"categories":[1437,1401,37],"tags":[1450],"class_list":["post-2642","post","type-post","status-publish","format-standard","hentry","category-covid-19","category-diversity-equity-inclusion","category-research-and-travel-trends","tag-check-in-with-suzanne"],"acf":[],"featured_image_src_large":false,"author_info":{"display_name":"jcampbell","author_link":"https:\/\/gbta.org\/fr\/author\/jcampbell\/"},"comment_info":"","category_info":[{"term_id":1437,"name":"COVID-19","slug":"covid-19","term_group":0,"term_taxonomy_id":1437,"taxonomy":"category","description":"","parent":0,"count":124,"filter":"raw","cat_ID":1437,"category_count":124,"category_description":"","cat_name":"COVID-19","category_nicename":"covid-19","category_parent":0},{"term_id":1401,"name":"Diversity, Equity &amp; Inclusion","slug":"diversity-equity-inclusion","term_group":0,"term_taxonomy_id":1401,"taxonomy":"category","description":"","parent":0,"count":40,"filter":"raw","cat_ID":1401,"category_count":40,"category_description":"","cat_name":"Diversity, Equity &amp; Inclusion","category_nicename":"diversity-equity-inclusion","category_parent":0},{"term_id":37,"name":"Research and Travel Trends","slug":"research-and-travel-trends","term_group":0,"term_taxonomy_id":37,"taxonomy":"category","description":"","parent":0,"count":966,"filter":"raw","cat_ID":37,"category_count":966,"category_description":"","cat_name":"Research and Travel Trends","category_nicename":"research-and-travel-trends","category_parent":0}],"tag_info":[{"term_id":1450,"name":"Check-in with Suzanne","slug":"check-in-with-suzanne","term_group":0,"term_taxonomy_id":1450,"taxonomy":"post_tag","description":"","parent":0,"count":47,"filter":"raw"}],"taxonomy_info":{"category":[{"value":1437,"label":"COVID-19"},{"value":1401,"label":"Diversity, Equity &amp; Inclusion"},{"value":37,"label":"Research and Travel Trends"}],"post_tag":[{"value":1450,"label":"Check-in with Suzanne"}]},"featured_image_src":null,"featured_image_src_square":null,"mfb_rest_fields":["featured_image_src_large","author_info","comment_info","category_info","tag_info","taxonomy_info","featured_image_src","featured_image_src_square"],"_links":{"self":[{"href":"https:\/\/gbta.org\/fr\/wp-json\/wp\/v2\/posts\/2642","targetHints":{"allow":["GET"]}}],"collection":[{"href":"https:\/\/gbta.org\/fr\/wp-json\/wp\/v2\/posts"}],"about":[{"href":"https:\/\/gbta.org\/fr\/wp-json\/wp\/v2\/types\/post"}],"author":[{"embeddable":true,"href":"https:\/\/gbta.org\/fr\/wp-json\/wp\/v2\/users\/25"}],"replies":[{"embeddable":true,"href":"https:\/\/gbta.org\/fr\/wp-json\/wp\/v2\/comments?post=2642"}],"version-history":[{"count":0,"href":"https:\/\/gbta.org\/fr\/wp-json\/wp\/v2\/posts\/2642\/revisions"}],"wp:attachment":[{"href":"https:\/\/gbta.org\/fr\/wp-json\/wp\/v2\/media?parent=2642"}],"wp:term":[{"taxonomy":"category","embeddable":true,"href":"https:\/\/gbta.org\/fr\/wp-json\/wp\/v2\/categories?post=2642"},{"taxonomy":"post_tag","embeddable":true,"href":"https:\/\/gbta.org\/fr\/wp-json\/wp\/v2\/tags?post=2642"}],"curies":[{"name":"wp","href":"https:\/\/api.w.org\/{rel}","templated":true}]}}