{"id":2645,"date":"2022-02-01T10:01:00","date_gmt":"2022-02-01T15:01:00","guid":{"rendered":"https:\/\/gbta.org\/check-in-with-suzanne-45\/"},"modified":"2022-09-29T09:13:46","modified_gmt":"2022-09-29T13:13:46","slug":"check-in-with-suzanne-45","status":"publish","type":"post","link":"https:\/\/gbta.org\/fr\/check-in-with-suzanne-45\/","title":{"rendered":"Enregistrement avec Suzanne"},"content":{"rendered":"<p>GBTA continue de reprendre ses activit\u00e9s dans le monde entier. Et nous continuons \u00e0 \u00eatre soutenus par nos b\u00e9n\u00e9voles actifs et comp\u00e9tents travaillant aux niveaux local, r\u00e9gional et mondial.<\/p>\n<p>&nbsp;<\/p>\n<p>L&#039;h\u00f4tel de ville GBTA Europe de la semaine derni\u00e8re \u2013 le premier pour 2022 et anim\u00e9 par Catherine Logan, vice-pr\u00e9sidente r\u00e9gionale de la GBTA, EMEA \u2013 a (virtuellement) accueilli le nouveau pr\u00e9sident du conseil consultatif de la GBTA Europe, Ben Park. Ben a partag\u00e9 ses r\u00e9flexions sur l&#039;importance du partage des connaissances et de la cr\u00e9ation d&#039;un r\u00e9seau dans l&#039;industrie du voyage et a soulign\u00e9 cela \u00e0 travers l&#039;exemple de partenariat entre l&#039;association allemande des voyages d&#039;affaires VDR (son association nationale) et GBTA. De plus, le responsable de la recherche de la GBTA, Chris Ely, a donn\u00e9 un aper\u00e7u des perspectives des voyages d&#039;affaires dans la r\u00e9gion, avec des donn\u00e9es et des analyses sp\u00e9cifiques \u00e0 l&#039;Europe issues du dernier indice des voyages d&#039;affaires de la GBTA. Apprenez-en davantage sur la prochaine conf\u00e9rence GBTA de Berlin en partenariat avec VDR, qui aura lieu du 28 f\u00e9vrier au 2 mars et qui pr\u00e9sentera les id\u00e9es de leaders d&#039;opinion, une grande s\u00e9ance d&#039;id\u00e9es, des groupes de r\u00e9flexion interactifs et bien plus encore.<\/p>\n<p>&nbsp;<\/p>\n<p>La GBTA a atteint un autre objectif cl\u00e9 pour 2022 ce mois-ci, alors que nous <a href=\"https:\/\/gbta.org\/fr\/blog\/gbta-appoints-new-executive-to-advance-its-sustainability-mission-in-the-global-business-travel-industry\/\">officiellement accueilli<\/a> Delphine Millot dans le r\u00f4le nouvellement cr\u00e9\u00e9 de Senior Vice President of Sustainability. Gr\u00e2ce \u00e0 son exp\u00e9rience et \u00e0 son leadership, GBTA rassemblera les efforts de collaboration de l&#039;ensemble de nos membres et de l&#039;industrie pour faire progresser la durabilit\u00e9 et mener des initiatives percutantes dans le secteur des voyages d&#039;affaires. Delphine travaillera avec le nouveau <strong>Conseil de leadership en mati\u00e8re de d\u00e9veloppement durable de la GBTA<\/strong> qui consiste actuellement en une liste exclusive de <a href=\"https:\/\/gbta.org\/fr\/blog\/gbta-appoints-new-executive-to-advance-its-sustainability-mission-in-the-global-business-travel-industry\/\">organismes parrains<\/a> de toute l\u2019industrie. Elle travaillera \u00e9galement avec le comit\u00e9 de durabilit\u00e9 et de responsabilit\u00e9 de la GBTA qui, au fil des ann\u00e9es, a fourni des outils de durabilit\u00e9 et des programmes \u00e9ducatifs aux membres de la GBTA. La durabilit\u00e9 est une priorit\u00e9 partag\u00e9e par l\u2019industrie du voyage d\u2019affaires, la GBTA, ainsi que les programmes et professionnels du voyage d\u2019affaires du monde entier.<\/p>\n<p>&nbsp;<\/p>\n<p>Enfin, cette semaine, plusieurs membres du personnel de la GBTA, du conseil d&#039;administration et du comit\u00e9 l\u00e9gislatif am\u00e9ricain voyagent avec intention alors que ces organisations importantes se r\u00e9unissent pour diverses r\u00e9unions en personne au si\u00e8ge de la GBTA \u00e0 Alexandria, en Virginie. Et la semaine prochaine, nous attendons avec impatience la premi\u00e8re r\u00e9union en personne des dirigeants de la section am\u00e9ricaine depuis deux ans pour tracer la voie \u00e0 suivre pour la programmation locale et le partage des meilleures pratiques qui ont un impact sur notre association \u00e0 tous les niveaux.<\/p>\n<p>&nbsp;<\/p>\n<p>#BusinessNeedsTravel \u2013 c&#039;est essentiel au d\u00e9but de l&#039;ann\u00e9e et tout au long de l&#039;ann\u00e9e, car une collaboration importante, la d\u00e9finition de cours et une strat\u00e9gie percutante prennent toutes forme plus efficacement dans des contextes en face \u00e0 face. Je vous souhaite \u00e0 tous une semaine pleine de productivit\u00e9 et de bonnes intentions.<\/p>\n<p><u>Nouvelles \u00e0 savoir\u00a0:<\/u><\/p>\n<p><strong>Le pipeline d\u2019h\u00f4tels am\u00e9ricains diminue mais l\u2019avenir semble meilleur<\/strong><\/p>\n<p>Le nombre de projets de construction d&#039;h\u00f4tels aux \u00c9tats-Unis en cours de d\u00e9veloppement \u00e0 la fin de 2021 \u00e9tait inf\u00e9rieur d&#039;environ 8 % \u00e0 celui de l&#039;ann\u00e9e pr\u00e9c\u00e9dente, selon un nouveau rapport de <a href=\"https:\/\/www.businesstravelnews.com\/Lodging\/US-Hotel-Pipeline-Shrinks-But-Future-Seems-Brighter\">\u00c9conom\u00e9trie de l&#039;h\u00e9bergement<\/a>, mais les projets aux premiers stades de d\u00e9veloppement ont augment\u00e9. Pourtant, ce qui semble \u00eatre une demande refoul\u00e9e de la part des promoteurs en mati\u00e8re de construction a \u00e9t\u00e9 entrav\u00e9e par l&#039;inflation et des probl\u00e8mes de cha\u00eene d&#039;approvisionnement, selon le rapport.<\/p>\n<p><strong>L&#039;Italie facilite les voyages en provenance de l&#039;UE \u00e0 partir de f\u00e9vrier<\/strong><\/p>\n<p>L&#039;Italie assouplira les restrictions li\u00e9es au COVID-19 pour tous les visiteurs en provenance des pays de l&#039;Union europ\u00e9enne \u00e0 partir du 1er f\u00e9vrier, a annonc\u00e9 mercredi le minist\u00e8re de la Sant\u00e9. Le ministre de la Sant\u00e9, Roberto Speranza, a sign\u00e9 un arr\u00eat\u00e9 stipulant que les voyageurs en provenance des pays de l&#039;UE n&#039;auront besoin que d&#039;un \u00ab laissez-passer vert \u00bb, a-t-il indiqu\u00e9 dans un communiqu\u00e9. <a href=\"https:\/\/www.reuters.com\/world\/europe\/italy-eases-travel-eu-february-2022-01-26\/\">Le Pass Vert,<\/a> est un document prouvant l\u2019immunit\u00e9 contre le COVID-19 par le biais d\u2019une vaccination, d\u2019une infection ant\u00e9rieure ou d\u2019un test n\u00e9gatif.<\/p>\n<p><strong>Les Philippines rouvrent au tourisme le mois prochain<\/strong><\/p>\n<p>Les Philippines accorderont l&#039;entr\u00e9e \u00e0 <a href=\"https:\/\/www.cnn.com\/travel\/article\/philippines-reopening-tourism-intl-hnk\/index.html\">visiteurs vaccin\u00e9s contre le Covid-19<\/a> \u00e0 partir du 10 f\u00e9vrier, a annonc\u00e9 son gouvernement le 28 janvier, dans le but de relancer un secteur touristique d\u00e9cim\u00e9 par la pand\u00e9mie. L&#039;archipel-nation de plus de 7 000 \u00eeles avait pr\u00e9vu de rouvrir ses portes en d\u00e9cembre 2021, mais cela a \u00e9t\u00e9 avort\u00e9 en raison des inqui\u00e9tudes concernant la variante Omicron. Les citoyens de 150 pays b\u00e9n\u00e9ficiant d\u2019une entr\u00e9e sans visa aux Philippines seront autoris\u00e9s \u00e0 entrer. Les pays figurant sur cette liste comprennent le Royaume-Uni, le Japon, le Canada, l&#039;Australie, l&#039;Italie et les \u00c9tats-Unis.<\/p>\n<p>&nbsp;<\/p>\n<p><u>Nouvelles et rappels GBTA\u00a0:<\/u><\/p>\n<p><strong>BNA Vision \u2013 Mises \u00e0 jour de l\u2019a\u00e9roport international de Nashville 2022 \u2013 Cr\u00e9dit GTP approuv\u00e9<\/strong><\/p>\n<p>Doug Kreulen, PDG et pr\u00e9sident de l&#039;a\u00e9roport international de Nashville (BNA) pr\u00e9sente les derni\u00e8res mises \u00e0 jour sur la vision BNA\u00a0; y compris l&#039;agrandissement de l&#039;a\u00e9roport avec un nouvel h\u00f4tel et des options de vols internationaux, l&#039;\u00e9volution des effets de la pand\u00e9mie et des protocoles de s\u00e9curit\u00e9, et ce que l&#039;avenir r\u00e9serve \u00e0 la croissance de Nashville<strong>. <\/strong><a href=\"https:\/\/gbta.org\/fr\/calendar\/all-programs\/eventid\/1314\/e\/bna-vision-2022-nashville-international-airport-updates-gtp-credit-approved-8-feb-2022\/\">Inscrivez-vous ici<\/a> pour apprendre plus.<\/p>\n<p><strong>Les \u00e0-coups des voyages d\u2019affaires et des r\u00e9unions de groupe <\/strong><\/p>\n<p>Le point de bascule est-il arriv\u00e9 ou la responsabilit\u00e9 se profile-t-elle \u00e0 l\u2019horizon ? Les vaccins sont r\u00e9pandus, mais les variantes virales continuent d\u2019augmenter. Est-il s\u00e9curitaire de quitter la salle Zoom\u00a0? Rejoignez-nous le 10 f\u00e9vrier<sup>e<\/sup> \u00e0 11h00 CST\u00a0; Cliquez sur <a href=\"https:\/\/gbta.org\/fr\/calendar\/all-programs\/eventid\/1315\/e\/the-fits-and-starts-of-corporate-travel-and-group-meetings-10-feb-2022\/\">ici<\/a> enregistrer!<\/p>\n<p><strong>Fondamentaux de la gestion des voyages d&#039;affaires\u2122<\/strong><\/p>\n<p>Le programme de base de la GBTA comprend une gamme compl\u00e8te de sujets, notamment la s\u00e9curit\u00e9, la politique, les tendances, les performances, etc. Les participants \u00e0 ce cours acqui\u00e8rent une meilleure compr\u00e9hension de la gestion des voyages d&#039;affaires et se rendent indispensables aux besoins de leur organisation en mati\u00e8re de voyages d&#039;affaires. Cliquez sur <a href=\"https:\/\/gbta.org\/fr\/calendar\/all-programs\/eventid\/1296\/e\/fundamentals-of-business-travel-management-11-feb-2022\/\">ici<\/a> s&#039;inscrire pour le 11 f\u00e9vrier<sup>e<\/sup> \u00e0 10 h HE.<\/p>","protected":false},"excerpt":{"rendered":"<p>GBTA continue de reprendre ses activit\u00e9s dans le monde entier. Et nous continuons \u00e0 \u00eatre soutenus par nos b\u00e9n\u00e9voles actifs et comp\u00e9tents qui travaillent aux niveaux local, r\u00e9gional et mondial. La mairie de GBTA Europe de la semaine derni\u00e8re - la premi\u00e8re pour 2022 et anim\u00e9e par Catherine Logan, vice-pr\u00e9sidente r\u00e9gionale de GBTA, EMEA - a (virtuellement) accueilli\u2026<\/p>","protected":false},"author":25,"featured_media":0,"comment_status":"open","ping_status":"open","sticky":false,"template":"","format":"standard","meta":{"_acf_changed":false,"_seopress_robots_primary_cat":"none","_seopress_titles_title":"","_seopress_titles_desc":"","_seopress_robots_index":"","om_disable_all_campaigns":false,"_relevanssi_hide_post":"","_relevanssi_hide_content":"","_relevanssi_pin_for_all":"","_relevanssi_pin_keywords":"","_relevanssi_unpin_keywords":"","_relevanssi_related_keywords":"","_relevanssi_related_include_ids":"","_relevanssi_related_exclude_ids":"","_relevanssi_related_no_append":"","_relevanssi_related_not_related":"","_relevanssi_related_posts":"2477,1439,2017,1620,1171,2480","_relevanssi_noindex_reason":"","_kad_blocks_custom_css":"","_kad_blocks_head_custom_js":"","_kad_blocks_body_custom_js":"","_kad_blocks_footer_custom_js":"","_kad_post_transparent":"","_kad_post_title":"","_kad_post_layout":"","_kad_post_sidebar_id":"","_kad_post_content_style":"","_kad_post_vertical_padding":"","_kad_post_feature":"","_kad_post_feature_position":"","_kad_post_header":false,"_kad_post_footer":false,"footnotes":"","_links_to":"","_links_to_target":""},"categories":[247,1437,105,1438,37,79,280],"tags":[1450],"class_list":["post-2645","post","type-post","status-publish","format-standard","hentry","category-accommodations","category-covid-19","category-europe-and-uk","category-procurement-and-policy","category-research-and-travel-trends","category-safety-and-security","category-sustainability","tag-check-in-with-suzanne"],"acf":[],"featured_image_src_large":false,"author_info":{"display_name":"jcampbell","author_link":"https:\/\/gbta.org\/fr\/author\/jcampbell\/"},"comment_info":"","category_info":[{"term_id":247,"name":"Accommodations","slug":"accommodations","term_group":0,"term_taxonomy_id":247,"taxonomy":"category","description":"","parent":0,"count":214,"filter":"raw","cat_ID":247,"category_count":214,"category_description":"","cat_name":"Accommodations","category_nicename":"accommodations","category_parent":0},{"term_id":1437,"name":"COVID-19","slug":"covid-19","term_group":0,"term_taxonomy_id":1437,"taxonomy":"category","description":"","parent":0,"count":124,"filter":"raw","cat_ID":1437,"category_count":124,"category_description":"","cat_name":"COVID-19","category_nicename":"covid-19","category_parent":0},{"term_id":105,"name":"Europe and UK","slug":"europe-and-uk","term_group":0,"term_taxonomy_id":105,"taxonomy":"category","description":"","parent":0,"count":152,"filter":"raw","cat_ID":105,"category_count":152,"category_description":"","cat_name":"Europe and UK","category_nicename":"europe-and-uk","category_parent":0},{"term_id":1438,"name":"Procurement and Policy","slug":"procurement-and-policy","term_group":0,"term_taxonomy_id":1438,"taxonomy":"category","description":"","parent":0,"count":38,"filter":"raw","cat_ID":1438,"category_count":38,"category_description":"","cat_name":"Procurement and Policy","category_nicename":"procurement-and-policy","category_parent":0},{"term_id":37,"name":"Research and Travel Trends","slug":"research-and-travel-trends","term_group":0,"term_taxonomy_id":37,"taxonomy":"category","description":"","parent":0,"count":966,"filter":"raw","cat_ID":37,"category_count":966,"category_description":"","cat_name":"Research and Travel Trends","category_nicename":"research-and-travel-trends","category_parent":0},{"term_id":79,"name":"Safety and Security","slug":"safety-and-security","term_group":0,"term_taxonomy_id":79,"taxonomy":"category","description":"","parent":0,"count":237,"filter":"raw","cat_ID":79,"category_count":237,"category_description":"","cat_name":"Safety and Security","category_nicename":"safety-and-security","category_parent":0},{"term_id":280,"name":"Sustainability","slug":"sustainability","term_group":0,"term_taxonomy_id":280,"taxonomy":"category","description":"","parent":0,"count":130,"filter":"raw","cat_ID":280,"category_count":130,"category_description":"","cat_name":"Sustainability","category_nicename":"sustainability","category_parent":0}],"tag_info":[{"term_id":1450,"name":"Check-in with Suzanne","slug":"check-in-with-suzanne","term_group":0,"term_taxonomy_id":1450,"taxonomy":"post_tag","description":"","parent":0,"count":47,"filter":"raw"}],"taxonomy_info":{"category":[{"value":247,"label":"Accommodations"},{"value":1437,"label":"COVID-19"},{"value":105,"label":"Europe and UK"},{"value":1438,"label":"Procurement and Policy"},{"value":37,"label":"Research and Travel Trends"},{"value":79,"label":"Safety and Security"},{"value":280,"label":"Sustainability"}],"post_tag":[{"value":1450,"label":"Check-in with Suzanne"}]},"featured_image_src":null,"featured_image_src_square":null,"mfb_rest_fields":["featured_image_src_large","author_info","comment_info","category_info","tag_info","taxonomy_info","featured_image_src","featured_image_src_square"],"_links":{"self":[{"href":"https:\/\/gbta.org\/fr\/wp-json\/wp\/v2\/posts\/2645","targetHints":{"allow":["GET"]}}],"collection":[{"href":"https:\/\/gbta.org\/fr\/wp-json\/wp\/v2\/posts"}],"about":[{"href":"https:\/\/gbta.org\/fr\/wp-json\/wp\/v2\/types\/post"}],"author":[{"embeddable":true,"href":"https:\/\/gbta.org\/fr\/wp-json\/wp\/v2\/users\/25"}],"replies":[{"embeddable":true,"href":"https:\/\/gbta.org\/fr\/wp-json\/wp\/v2\/comments?post=2645"}],"version-history":[{"count":0,"href":"https:\/\/gbta.org\/fr\/wp-json\/wp\/v2\/posts\/2645\/revisions"}],"wp:attachment":[{"href":"https:\/\/gbta.org\/fr\/wp-json\/wp\/v2\/media?parent=2645"}],"wp:term":[{"taxonomy":"category","embeddable":true,"href":"https:\/\/gbta.org\/fr\/wp-json\/wp\/v2\/categories?post=2645"},{"taxonomy":"post_tag","embeddable":true,"href":"https:\/\/gbta.org\/fr\/wp-json\/wp\/v2\/tags?post=2645"}],"curies":[{"name":"wp","href":"https:\/\/api.w.org\/{rel}","templated":true}]}}