{"id":2648,"date":"2022-02-10T10:01:00","date_gmt":"2022-02-10T15:01:00","guid":{"rendered":"https:\/\/gbta.org\/gbta-endorses-toulouse-declaration\/"},"modified":"2022-09-29T08:54:34","modified_gmt":"2022-09-29T12:54:34","slug":"gbta-endorses-toulouse-declaration","status":"publish","type":"post","link":"https:\/\/gbta.org\/fr\/gbta-endorses-toulouse-declaration\/","title":{"rendered":"GBTA approuve la d\u00e9claration de Toulouse"},"content":{"rendered":"<p><b><span data-contrast=\"none\">Bruxelles (10 f\u00e9vrier 2022) <\/span><\/b><span data-contrast=\"none\">- La <\/span><span data-contrast=\"none\">Global Business Travel Association (GBTA) soutient la <\/span><a href=\"https:\/\/presidence-francaise.consilium.europa.eu\/media\/2hkh2v33\/declaration-de-toulouse-pfue-ang_fr.pdf\"><span data-contrast=\"none\">D\u00e9claration de Toulouse sur la durabilit\u00e9 future et la d\u00e9carbonisation de l&#039;aviation<\/span><\/a><span data-contrast=\"none\">, lanc\u00e9 lors du sommet de l&#039;aviation de l&#039;Union europ\u00e9enne le 4 f\u00e9vrier. La d\u00e9claration signale un \u00e9lan politique croissant pour r\u00e9duire les \u00e9missions dans le secteur de l&#039;aviation, qui est un \u00e9l\u00e9ment cl\u00e9 dans le parcours de durabilit\u00e9 de GBTA et de l&#039;industrie du voyage d&#039;affaires.<\/span><span data-ccp-props=\"{&quot;201341983&quot;:0,&quot;335551550&quot;:1,&quot;335551620&quot;:1,&quot;335559739&quot;:160,&quot;335559740&quot;:259}\">&nbsp;<\/span><\/p>\n<p><span data-contrast=\"none\">La d\u00e9claration est la premi\u00e8re initiative publique-priv\u00e9e de ce type, r\u00e9unissant plus de 35 pays europ\u00e9ens, les institutions de l&#039;UE et de nombreuses parties prenantes de l&#039;industrie dans un engagement \u00e0 d\u00e9carboner le transport a\u00e9rien d&#039;ici 2050. GBTA salue la d\u00e9claration pour son approche ambitieuse et \u00e9quilibr\u00e9e pour atteindre durabilit\u00e9 \u00e0 long terme dans le secteur de l&#039;aviation.<\/span><span data-ccp-props=\"{&quot;201341983&quot;:0,&quot;335551550&quot;:1,&quot;335551620&quot;:1,&quot;335559739&quot;:160,&quot;335559740&quot;:259}\">&nbsp;<\/span><\/p>\n<p><span data-contrast=\"none\">\u00ab\u00a0Nous soutenons pleinement la D\u00e9claration de Toulouse, car les engagements pris s&#039;alignent sur les propres objectifs de d\u00e9veloppement durable de GBTA, pour soutenir <\/span><span data-contrast=\"auto\">alliances \u00e0 travers l&#039;\u00e9cosyst\u00e8me du voyage et <\/span><span data-contrast=\"none\">un panier de mesures pour <\/span><span data-contrast=\"none\">d\u00e9carboner<\/span><span data-contrast=\"none\"> voyages a\u00e9riens europ\u00e9ens et internationaux. Gr\u00e2ce \u00e0 l&#039;utilisation de carburants d&#039;aviation durables, \u00e0 des mesures bas\u00e9es sur le march\u00e9 telles que CORSIA, \u00e0 une technologie a\u00e9ronautique am\u00e9lior\u00e9e et \u00e0 des incitations financi\u00e8res, nous pensons que ces objectifs ambitieux peuvent \u00eatre atteints \u00bb, a d\u00e9clar\u00e9 Suzanne Neufang, PDG de GBTA. &nbsp;<\/span><span data-ccp-props=\"{&quot;201341983&quot;:0,&quot;335551550&quot;:1,&quot;335551620&quot;:1,&quot;335559739&quot;:160,&quot;335559740&quot;:259}\">&nbsp;<\/span><\/p>\n<p><span data-contrast=\"none\">&quot;La GBTA encourage les autres organisations internationales, les parties prenantes et les pays ext\u00e9rieurs \u00e0 l&#039;UE \u00e0 approuver la d\u00e9claration, \u00e0 acc\u00e9l\u00e9rer la fourniture mondiale d&#039;une aviation durable et \u00e0 garantir que le transport a\u00e9rien continue de contribuer \u00e0 la mobilit\u00e9 mondiale.&quot; &nbsp;<\/span><span data-ccp-props=\"{&quot;201341983&quot;:0,&quot;335551550&quot;:1,&quot;335551620&quot;:1,&quot;335559739&quot;:160,&quot;335559740&quot;:259}\">&nbsp;<\/span><\/p>\n<p>&nbsp;<\/p>","protected":false},"excerpt":{"rendered":"<p>Bruxelles (10 f\u00e9vrier 2022) \u2013 La Global Business Travel Association (GBTA) soutient la D\u00e9claration de Toulouse sur la durabilit\u00e9 future et la d\u00e9carbonisation de l&#039;aviation, lanc\u00e9e lors du Sommet de l&#039;aviation de l&#039;Union europ\u00e9enne le 4 f\u00e9vrier. La d\u00e9claration signale un \u00e9lan politique croissant pour r\u00e9duire les \u00e9missions dans le secteur de l&#039;aviation, qui est un \u00e9l\u00e9ment cl\u00e9 de la durabilit\u00e9\u2026<\/p>","protected":false},"author":25,"featured_media":0,"comment_status":"open","ping_status":"open","sticky":false,"template":"","format":"standard","meta":{"_acf_changed":false,"_seopress_robots_primary_cat":"none","_seopress_titles_title":"","_seopress_titles_desc":"","_seopress_robots_index":"","om_disable_all_campaigns":false,"_relevanssi_hide_post":"","_relevanssi_hide_content":"","_relevanssi_pin_for_all":"","_relevanssi_pin_keywords":"","_relevanssi_unpin_keywords":"","_relevanssi_related_keywords":"","_relevanssi_related_include_ids":"","_relevanssi_related_exclude_ids":"","_relevanssi_related_no_append":"","_relevanssi_related_not_related":"","_relevanssi_related_posts":"4069,2509,6093,1809,1797,1803","_relevanssi_noindex_reason":"","_kad_blocks_custom_css":"","_kad_blocks_head_custom_js":"","_kad_blocks_body_custom_js":"","_kad_blocks_footer_custom_js":"","_kad_post_transparent":"","_kad_post_title":"","_kad_post_layout":"","_kad_post_sidebar_id":"","_kad_post_content_style":"","_kad_post_vertical_padding":"","_kad_post_feature":"","_kad_post_feature_position":"","_kad_post_header":false,"_kad_post_footer":false,"footnotes":"","_links_to":"","_links_to_target":""},"categories":[114,105,1438,280],"tags":[],"class_list":["post-2648","post","type-post","status-publish","format-standard","hentry","category-airlines-and-aviation","category-europe-and-uk","category-procurement-and-policy","category-sustainability"],"acf":[],"featured_image_src_large":false,"author_info":{"display_name":"jcampbell","author_link":"https:\/\/gbta.org\/fr\/author\/jcampbell\/"},"comment_info":"","category_info":[{"term_id":114,"name":"Airlines and Aviation","slug":"airlines-and-aviation","term_group":0,"term_taxonomy_id":114,"taxonomy":"category","description":"","parent":0,"count":355,"filter":"raw","cat_ID":114,"category_count":355,"category_description":"","cat_name":"Airlines and Aviation","category_nicename":"airlines-and-aviation","category_parent":0},{"term_id":105,"name":"Europe and UK","slug":"europe-and-uk","term_group":0,"term_taxonomy_id":105,"taxonomy":"category","description":"","parent":0,"count":153,"filter":"raw","cat_ID":105,"category_count":153,"category_description":"","cat_name":"Europe and UK","category_nicename":"europe-and-uk","category_parent":0},{"term_id":1438,"name":"Procurement and Policy","slug":"procurement-and-policy","term_group":0,"term_taxonomy_id":1438,"taxonomy":"category","description":"","parent":0,"count":38,"filter":"raw","cat_ID":1438,"category_count":38,"category_description":"","cat_name":"Procurement and Policy","category_nicename":"procurement-and-policy","category_parent":0},{"term_id":280,"name":"Sustainability","slug":"sustainability","term_group":0,"term_taxonomy_id":280,"taxonomy":"category","description":"","parent":0,"count":130,"filter":"raw","cat_ID":280,"category_count":130,"category_description":"","cat_name":"Sustainability","category_nicename":"sustainability","category_parent":0}],"tag_info":false,"taxonomy_info":{"category":[{"value":114,"label":"Airlines and Aviation"},{"value":105,"label":"Europe and UK"},{"value":1438,"label":"Procurement and Policy"},{"value":280,"label":"Sustainability"}]},"featured_image_src":null,"featured_image_src_square":null,"mfb_rest_fields":["featured_image_src_large","author_info","comment_info","category_info","tag_info","taxonomy_info","featured_image_src","featured_image_src_square"],"_links":{"self":[{"href":"https:\/\/gbta.org\/fr\/wp-json\/wp\/v2\/posts\/2648","targetHints":{"allow":["GET"]}}],"collection":[{"href":"https:\/\/gbta.org\/fr\/wp-json\/wp\/v2\/posts"}],"about":[{"href":"https:\/\/gbta.org\/fr\/wp-json\/wp\/v2\/types\/post"}],"author":[{"embeddable":true,"href":"https:\/\/gbta.org\/fr\/wp-json\/wp\/v2\/users\/25"}],"replies":[{"embeddable":true,"href":"https:\/\/gbta.org\/fr\/wp-json\/wp\/v2\/comments?post=2648"}],"version-history":[{"count":0,"href":"https:\/\/gbta.org\/fr\/wp-json\/wp\/v2\/posts\/2648\/revisions"}],"wp:attachment":[{"href":"https:\/\/gbta.org\/fr\/wp-json\/wp\/v2\/media?parent=2648"}],"wp:term":[{"taxonomy":"category","embeddable":true,"href":"https:\/\/gbta.org\/fr\/wp-json\/wp\/v2\/categories?post=2648"},{"taxonomy":"post_tag","embeddable":true,"href":"https:\/\/gbta.org\/fr\/wp-json\/wp\/v2\/tags?post=2648"}],"curies":[{"name":"wp","href":"https:\/\/api.w.org\/{rel}","templated":true}]}}