{"id":2666,"date":"2022-03-25T10:01:00","date_gmt":"2022-03-25T14:01:00","guid":{"rendered":"https:\/\/gbta.org\/politics-of-travel-fighting-like-the-dickens-international-travel-opening-up\/"},"modified":"2022-09-29T08:29:28","modified_gmt":"2022-09-29T12:29:28","slug":"politics-of-travel-fighting-like-the-dickens-international-travel-opening-up","status":"publish","type":"post","link":"https:\/\/gbta.org\/fr\/politics-of-travel-fighting-like-the-dickens-international-travel-opening-up\/","title":{"rendered":"Politique du voyage\u00a0: se battre comme les Dickens, ouvrir les voyages internationaux"},"content":{"rendered":"<p>C&#039;est toujours un d\u00e9but d&#039;ann\u00e9e charg\u00e9, mais ce n&#039;est pas une excuse pour ne pas envoyer une politique de voyage plus r\u00e9guli\u00e8re. Je vais essayer de faire mieux.<\/p>\n<p><a href=\"https:\/\/www.youtube.com\/watch?v=hv0bBjMc6FY\"><b>BERLIN S&#039;EST FLUO\u00a0:<\/b><\/a>&nbsp;La conf\u00e9rence GBTA \u00e0 laquelle j&#039;ai assist\u00e9 \u00e0 Berlin \u00e9tait fantastique. Les conf\u00e9renciers \u00e9taient provocateurs, l&#039;entreprise \u00e9tait en plein essor et la sensation d&#039;\u00eatre de retour en personne, associ\u00e9e \u00e0 une id\u00e9e plus grande de&nbsp;<a href=\"https:\/\/gbta.org\/fr\/gbta-community-in-support-of-ukraine\/\">aux c\u00f4t\u00e9s de l&#039;Ukraine<\/a>&nbsp;\u00e9tait \u00e9pais dans l&#039;air.<\/p>\n<p>Au dire de tous, la conf\u00e9rence au Mexique \u00e9tait fantastique et les gens ne voulaient pas partir. La Conf\u00e9rence Canada est la prochaine! Je sais que nous travaillons sur plusieurs nouveaux articles int\u00e9ressants que vous ne voulez pas manquer. J&#039;ai h\u00e2te de vous y voir.<\/p>\n<p><a href=\"https:\/\/www.youtube.com\/watch?v=NhfJI7qM6yU\"><b>EMBRASSE MOI JE SUIS IRLANDAIS:<\/b><\/a>&nbsp;GBTA se bat comme des dickens pour ramener les voyages internationaux.&nbsp;<a href=\"https:\/\/gbta.org\/fr\/blog\/gbta-calls-for-end-to-testing-requirements-for-vaccinated-international-business-travelers\/\">Le 17 mars, le 2e anniversaire de la fermeture temporaire de son si\u00e8ge social<\/a>&nbsp;\u00e0 cause de COVID, GBTA a c\u00e9l\u00e9br\u00e9 le retour de la convention r\u00e9ussie et des deux conf\u00e9rences susmentionn\u00e9es. La GBTA a \u00e9galement appel\u00e9 les gouvernements \u00e0 mettre fin aux tests avant le d\u00e9part et apr\u00e8s l&#039;arriv\u00e9e pour tous les voyageurs vaccin\u00e9s. Apr\u00e8s plus d&#039;un an de r\u00e9unions, de lettres et de communiqu\u00e9s de presse, nous sommes ravis que plusieurs pays de l&#039;UE ainsi que le Royaume-Uni aient supprim\u00e9 ces obstacles aux voyages.<\/p>\n<p><a href=\"https:\/\/www.linkedin.com\/feed\/update\/urn:li:activity:6910329199463444480\/\">Nos efforts ont port\u00e9 leurs fruits au Canada<\/a>&nbsp;avec la lev\u00e9e annonc\u00e9e des exigences de test le 1er avril.<\/p>\n<p>Aux \u00c9tats-Unis, nous continuons, avec l&#039;industrie du voyage, la compagnie a\u00e9rienne et l&#039;h\u00e9bergement, \u00e0 demander \u00e0 l&#039;administration Biden de mettre fin \u00e0 la r\u00e8gle des tests de 24 heures avant le d\u00e9part pour les voyages entrants. Nous avons r\u00e9cemment eu des r\u00e9unions productives avec des membres des deux partis sur cette question et pensons que des pressions suppl\u00e9mentaires sont \u00e0 venir. Restez \u00e0 l&#039;\u00e9coute.<\/p>\n<p><b>PASSEZ \u00c0 L&#039;ACTION - NOUS\u00a0:<\/b>&nbsp;Nous avons besoin de votre aide aux \u00c9tats-Unis. La meilleure fa\u00e7on d&#039;\u00e9mouvoir les \u00e9lus est de montrer aux gens de chez eux qu&#039;ils se soucient d&#039;un probl\u00e8me. Nous avons besoin que vous envoyiez un e-mail \u00e0 vos s\u00e9nateurs et repr\u00e9sentants leur demandant de mettre fin \u00e0 la r\u00e8gle des tests.&nbsp;<a href=\"https:\/\/p2a.co\/LV1QE9s\">Soyez la voix qui ram\u00e8ne les voyages internationaux\u00a0!&nbsp;<\/a><\/p>\n<p><b>CERTIFICAT NUM\u00c9RIQUE UE PROLONG\u00c9\u00a0:<\/b>&nbsp;Le Conseil europ\u00e9en&nbsp;<a href=\"https:\/\/www.consilium.europa.eu\/en\/press\/press-releases\/2022\/03\/11\/covid-19-council-agrees-to-extend-the-regulation-establishing-the-eu-digital-covid-certificate\/?utm_source=dsms-auto&amp;utm_medium=email&amp;utm_campaign=COVID-19%3a+Council+agrees+to+extend+the+Regulation+establishing+the+EU+Digital+COVID+Certificate\">approuv\u00e9<\/a>&nbsp;la proposition de la Commission europ\u00e9enne visant \u00e0 prolonger d&#039;un an le r\u00e8glement \u00e9tablissant le certificat num\u00e9rique COVID de l&#039;UE, jusqu&#039;au 30 juin 2023.<\/p>\n<p>Jos\u00e9 Ram\u00f3n Bauz\u00e1 D\u00edaz (Lib\u00e9ral, SP), rapporteur d&#039;avis du Parlement europ\u00e9en de la commission des transports sur le r\u00e8glement \u00e9tablissant le certificat COVID num\u00e9rique de l&#039;UE, a&nbsp;<a href=\"https:\/\/www.europarl.europa.eu\/doceo\/document\/TRAN-PA-729807_EN.pdf\">propos\u00e9<\/a>&nbsp;de prolonger la validit\u00e9 du certificat num\u00e9rique COVID de l&#039;UE jusqu&#039;au 31<sup>St<\/sup>&nbsp;d&#039;octobre 2022 et de r\u00e9\u00e9valuer la situation en cas de d\u00e9t\u00e9rioration de la situation \u00e9pid\u00e9miologique.<\/p>\n<p>Cependant, la commission des libert\u00e9s civiles, de la justice et des affaires int\u00e9rieures (LIBE) aura le dernier mot qui devra ensuite \u00eatre approuv\u00e9 par l&#039;ensemble du Parlement europ\u00e9en.&nbsp;<a href=\"mailto:sdowney@gbta.org\">Bas\u00e9 en Europe ? Dites-moi ce que vous pensez du DHC<\/a>. Souhaitez-vous que cela continue ? Nous comptons sur vous pour guider nos commentaires.<\/p>\n<p><a href=\"https:\/\/gbta.org\/fr\/news-advocacy\/gbta-legislative-summit-2022\/\"><b>L&#039;INSCRIPTION AU SOMMET L\u00c9GISLATIF DES \u00c9TATS-UNIS EST OUVERTE\u00a0:<\/b><\/a>&nbsp;\u00cates-vous pr\u00eat \u00e0 venir \u00e0 Washington DC ? R\u00e9servez d\u00e8s maintenant afin que nous puissions fixer vos rendez-vous avec vos membres du Congr\u00e8s. Des informations sur l&#039;h\u00f4tel sont disponibles lors de l&#039;inscription. Comme toujours, le bloc de chambres est limit\u00e9. Ne pas Dilly Dally - les tarifs augmentent apr\u00e8s le 15 avril!<\/p>\n<p>Le convoi est venu \u00e0 DC. Ils ont contourn\u00e9 le p\u00e9riph\u00e9rique et ont fait exploser leurs klaxons et ont g\u00e9n\u00e9ralement perturb\u00e9 les gens qui essayaient d&#039;aller au travail, ce qui a fait reculer mon quartier. Rien ne g\u00e9n\u00e8re de la sympathie comme bloquer le trafic\u2026 Vraiment, je voulais juste une excuse pour jouer cette chanson de mon&nbsp;<a href=\"https:\/\/www.youtube.com\/watch?v=lqYTX7parRw\">film pr\u00e9f\u00e9r\u00e9 de Kris Kristofferson&nbsp;<\/a>Cela peut ou non \u00eatre la raison pour laquelle j&#039;ai un tatouage de canard sur mon \u00e9paule.<\/p>\n<p><span lang=\"EN\">PS dites \u00e0 vos amis de s&#039;inscrire&nbsp;<\/span><a href=\"https:\/\/www3.gbta.org\/l\/5572\/2019-12-03\/6dbnwn\"><span lang=\"EN\">ici<\/span><\/a><\/p>\n<p>&nbsp;<\/p>\n<p>Shane Downey<br \/>\nVice-pr\u00e9sident, Relations gouvernementales et communautaires<br \/>\nGBTA<br \/>\n<a href=\"mailto:sdowney@gbta.org\">sdowney@gbta.org<\/a><br \/>\n(O) 703 236-1131<br \/>\n(C) 703 459-7425<\/p>","protected":false},"excerpt":{"rendered":"<p>C&#039;est toujours un d\u00e9but d&#039;ann\u00e9e charg\u00e9, mais ce n&#039;est pas une excuse pour ne pas envoyer une politique de voyage plus r\u00e9guli\u00e8re. Je vais essayer de faire mieux. BERLIN GOT BLURRY\u00a0: La conf\u00e9rence GBTA \u00e0 laquelle j&#039;ai assist\u00e9 \u00e0 Berlin \u00e9tait fantastique. Les conf\u00e9renciers \u00e9taient provocateurs, les affaires \u00e9taient en plein essor et l&#039;impression d&#039;\u00eatre de retour en personne,\u2026<\/p>","protected":false},"author":25,"featured_media":0,"comment_status":"open","ping_status":"open","sticky":false,"template":"","format":"standard","meta":{"_acf_changed":false,"_seopress_robots_primary_cat":"none","_seopress_titles_title":"","_seopress_titles_desc":"","_seopress_robots_index":"","om_disable_all_campaigns":false,"_relevanssi_hide_post":"","_relevanssi_hide_content":"","_relevanssi_pin_for_all":"","_relevanssi_pin_keywords":"","_relevanssi_unpin_keywords":"","_relevanssi_related_keywords":"","_relevanssi_related_include_ids":"","_relevanssi_related_exclude_ids":"","_relevanssi_related_no_append":"","_relevanssi_related_not_related":"","_relevanssi_related_posts":"1813,1894,1897,2612,1971,2528","_relevanssi_noindex_reason":"","_kad_blocks_custom_css":"","_kad_blocks_head_custom_js":"","_kad_blocks_body_custom_js":"","_kad_blocks_footer_custom_js":"","_kad_post_transparent":"","_kad_post_title":"","_kad_post_layout":"","_kad_post_sidebar_id":"","_kad_post_content_style":"","_kad_post_vertical_padding":"","_kad_post_feature":"","_kad_post_feature_position":"","_kad_post_header":false,"_kad_post_footer":false,"footnotes":"","_links_to":"","_links_to_target":""},"categories":[1452,1307],"tags":[],"class_list":["post-2666","post","type-post","status-publish","format-standard","hentry","category-gbta-advocacy-newsletters","category-government-relations"],"acf":[],"featured_image_src_large":false,"author_info":{"display_name":"jcampbell","author_link":"https:\/\/gbta.org\/fr\/author\/jcampbell\/"},"comment_info":"","category_info":[{"term_id":1452,"name":"GBTA Advocacy Newsletters","slug":"gbta-advocacy-newsletters","term_group":0,"term_taxonomy_id":1452,"taxonomy":"category","description":"","parent":0,"count":29,"filter":"raw","cat_ID":1452,"category_count":29,"category_description":"","cat_name":"GBTA Advocacy Newsletters","category_nicename":"gbta-advocacy-newsletters","category_parent":0},{"term_id":1307,"name":"Government Relations","slug":"government-relations","term_group":0,"term_taxonomy_id":1307,"taxonomy":"category","description":"","parent":0,"count":61,"filter":"raw","cat_ID":1307,"category_count":61,"category_description":"","cat_name":"Government Relations","category_nicename":"government-relations","category_parent":0}],"tag_info":false,"taxonomy_info":{"category":[{"value":1452,"label":"GBTA Advocacy Newsletters"},{"value":1307,"label":"Government Relations"}]},"featured_image_src":null,"featured_image_src_square":null,"mfb_rest_fields":["featured_image_src_large","author_info","comment_info","category_info","tag_info","taxonomy_info","featured_image_src","featured_image_src_square"],"_links":{"self":[{"href":"https:\/\/gbta.org\/fr\/wp-json\/wp\/v2\/posts\/2666","targetHints":{"allow":["GET"]}}],"collection":[{"href":"https:\/\/gbta.org\/fr\/wp-json\/wp\/v2\/posts"}],"about":[{"href":"https:\/\/gbta.org\/fr\/wp-json\/wp\/v2\/types\/post"}],"author":[{"embeddable":true,"href":"https:\/\/gbta.org\/fr\/wp-json\/wp\/v2\/users\/25"}],"replies":[{"embeddable":true,"href":"https:\/\/gbta.org\/fr\/wp-json\/wp\/v2\/comments?post=2666"}],"version-history":[{"count":0,"href":"https:\/\/gbta.org\/fr\/wp-json\/wp\/v2\/posts\/2666\/revisions"}],"wp:attachment":[{"href":"https:\/\/gbta.org\/fr\/wp-json\/wp\/v2\/media?parent=2666"}],"wp:term":[{"taxonomy":"category","embeddable":true,"href":"https:\/\/gbta.org\/fr\/wp-json\/wp\/v2\/categories?post=2666"},{"taxonomy":"post_tag","embeddable":true,"href":"https:\/\/gbta.org\/fr\/wp-json\/wp\/v2\/tags?post=2666"}],"curies":[{"name":"wp","href":"https:\/\/api.w.org\/{rel}","templated":true}]}}