{"id":2669,"date":"2021-12-03T10:01:00","date_gmt":"2021-12-03T15:01:00","guid":{"rendered":"https:\/\/gbta.org\/politics-of-travel-latest-travel-restrictions-safs-bb8-and-tales-of-u-s-leg-summit\/"},"modified":"2022-09-28T15:37:45","modified_gmt":"2022-09-28T19:37:45","slug":"politics-of-travel-latest-travel-restrictions-safs-bb8-and-tales-of-u-s-leg-summit","status":"publish","type":"post","link":"https:\/\/gbta.org\/fr\/politics-of-travel-latest-travel-restrictions-safs-bb8-and-tales-of-u-s-leg-summit\/","title":{"rendered":"Politique de voyage Derni\u00e8res restrictions de voyage, SAF, BB8 et histoires de US Leg. Sommet"},"content":{"rendered":"<p>J&#039;\u00e9tais tout emball\u00e9, j&#039;avais une nouvelle coupe de cheveux et je pr\u00e9parais ma documentation pour mon voyage \u00e0 la conf\u00e9rence GBTA \u00e0 Berlin en partenariat avec VDR quand&nbsp;<a href=\"https:\/\/www.youtube.com\/watch?v=PtzhvJh9NRY\">grande gueule COVID a encore frapp\u00e9<\/a>&nbsp;et la conf\u00e9rence a \u00e9t\u00e9&nbsp;<a href=\"https:\/\/europeconference.gbta.org\/\">report\u00e9<\/a>. Je suis d\u00e9\u00e7u, mais je sais que la conf\u00e9rence sera excellente ce printemps. Et qui ne veut pas \u00eatre \u00e0 Berlin au printemps ?!<\/p>\n<p>Pour ceux qui sont sur la cl\u00f4ture, permettez-moi de dire que l&#039;impact des r\u00e9unions en personne ne peut \u00eatre sous-estim\u00e9.<\/p>\n<p>La convention GBTA a d\u00e9pass\u00e9 mes attentes - j&#039;esp\u00e8re que cela a \u00e9t\u00e9 le cas pour vous aussi. La joie de vous voir si nombreux \u00e9tait immense. J&#039;ai rencontr\u00e9 des gens que je n&#039;avais pas vus depuis plus de deux ans. J&#039;ai eu des conversations significatives sur le travail et nos vies personnelles. Je n&#039;avais pas r\u00e9alis\u00e9 tout ce qui avait \u00e9t\u00e9 perdu jusqu&#039;\u00e0 ce que j&#039;aie fait l&#039;exp\u00e9rience de ces relations personnelles. MERCI \u00e0 ceux qui \u00e9taient \u00e0 Orlando. PS. Assis ici en train d&#039;\u00e9crire ceci, une publicit\u00e9 pour le portail Facebook est apparue - le virtuel n&#039;est m\u00eame pas proche de la personne.<\/p>\n<p><a href=\"https:\/\/www.youtube.com\/watch?v=_JYkbmtvwjY\"><b>CHATEAUX EN SABLE:<\/b><\/a>&nbsp;Avec l&#039;\u00e9mergence soudaine de la variante Omicron, certains pays ont eu des r\u00e9actions instinctives et ont \u00e9mis des interdictions de voyager.&nbsp;<a href=\"https:\/\/gbta.org\/fr\/blog\/gbta-calls-for-clear-and-consistent-approach-to-travel-restrictions-in-light-of-the-omicron-variant\/\">Ces interdictions pr\u00e9occupaient GBTA<\/a>. En outre, les informations selon lesquelles l&#039;administration Biden envisageait des quarantaines quel que soit le statut de la vaccination ou des tests et que d&#039;autres pays \u00e9taient interdits de voyage \u00e9taient pr\u00e9occupantes.<\/p>\n<p>GBTA a pris le message que toutes les mesures prises devraient se concentrer sur l&#039;\u00e9tat de vaccination ou de r\u00e9cup\u00e9ration et le risque individuel des voyageurs, au lieu de restrictions de voyage \u00e9tendues ou de fermetures de fronti\u00e8res pour les fonctionnaires de l&#039;UE, le Congr\u00e8s et l&#039;administration - nous remercions tous ceux qui ont \u00e9cout\u00e9 l&#039;industrie du voyage ! Cela dit, la r\u00e9action des gouvernements \u00e0 aller droit aux interdictions de voyager \u00e9tait tr\u00e8s pr\u00e9occupante. Nous continuerons \u00e0 faire valoir que les voyages peuvent \u00eatre effectu\u00e9s en toute s\u00e9curit\u00e9 et qu&#039;ils sont vitaux pour l&#039;\u00e9conomie et le bien-\u00eatre des personnes. Nous resterons vigilants pour ceux qui ne comprennent pas l&#039;att\u00e9nuation des risques par rapport \u00e0 l&#039;\u00e9limination des risques et poussons pour des restrictions suppl\u00e9mentaires irr\u00e9alistes.<\/p>\n<p><a href=\"https:\/\/www.youtube.com\/watch?v=PnvI8wJ9WtU\"><b>24 HEURES:<\/b><\/a>&nbsp;Le 2 d\u00e9cembre, l&#039;administration Biden a introduit de nouvelles actions pour la variante Omicron,&nbsp;<a href=\"https:\/\/www.whitehouse.gov\/briefing-room\/statements-releases\/2021\/12\/02\/fact-sheet-president-biden-announces-new-actions-to-protect-americans-against-the-delta-and-omicron-variants-as-we-battle-covid-19-this-winter\/\">Fiche d&#039;information de la Maison Blanche<\/a>&nbsp;Il convient de noter pour les voyageurs le d\u00e9lai raccourci de 72 \u00e0 24 heures pour les protocoles de test avant le d\u00e9part en exigeant que tous les voyageurs internationaux entrants se testent dans la journ\u00e9e suivant le d\u00e9part dans le monde, ind\u00e9pendamment de leur nationalit\u00e9 ou de leur statut vaccinal.&nbsp;<a href=\"https:\/\/www.cdc.gov\/coronavirus\/2019-ncov\/travelers\/testing-international-air-travelers.html\">Voici le lien vers les directives du CDC. Il semble que les tests PCR et Antigen soient toujours acceptables<\/a>. On s&#039;est demand\u00e9 si les tests antig\u00e9niques \u00e0 domicile seraient autoris\u00e9s, mais les questions n&#039;ont pas encore re\u00e7u de r\u00e9ponse. Ces nouvelles r\u00e8gles entreront en vigueur la semaine du 6 d\u00e9cembre.<\/p>\n<p>Les nouvelles r\u00e8gles \u00e9tendent \u00e9galement l&#039;obligation de porter un masque dans les avions, les voyages en train et les transports publics jusqu&#039;au 18 mars. Les amendes pour non-conformit\u00e9 continueront d&#039;\u00eatre doubl\u00e9es par rapport \u00e0 leurs niveaux initiaux pour non-conformit\u00e9 aux exigences de masquage - avec une amende minimale de $500 et des amendes pouvant aller jusqu&#039;\u00e0 $3 000 pour les r\u00e9cidivistes. Vous pouvez en savoir plus ici sur&nbsp;<a href=\"https:\/\/edition.cnn.com\/travel\/article\/new-us-travel-rules-omicron-what-to-know\/index.html\">CNN<\/a>&nbsp;ou vous pouvez lire le&nbsp;<a href=\"https:\/\/www.whitehouse.gov\/briefing-room\/press-briefings\/2021\/12\/02\/background-press-call-by-senior-administration-officials-on-new-actions-to-protect-americans-against-the-delta-and-omicron-variants-this-winter\/\">Transcription de la conf\u00e9rence de presse de la Maison Blanche.<\/a><\/p>\n<p><a href=\"https:\/\/www.youtube.com\/watch?v=E1fzJ_AYajA\"><b>VOLER MON SOLEIL\u00a0:<\/b><\/a>&nbsp;Mercredi dernier, United Airlines a effectu\u00e9 son tout premier vol de passagers utilisant du carburant d&#039;aviation durable (SAFS). Le Boeing 737 MAX 8 utilisait du SAF dans un moteur General Electric et Safran, et du carbur\u00e9acteur standard dans son deuxi\u00e8me moteur. L&#039;avion a vol\u00e9 de Chicago O&#039;Hare \u00e0 Washington DC transportant plus de 100 voyageurs.<\/p>\n<p>GBTA soutient les SAF et les mesures durables. Si vous n&#039;avez pas assist\u00e9 \u00e0 la convention GBTA \u00e0 Orlando, vous avez rat\u00e9 une session exceptionnelle et une table ronde fantastique. SHH ne le dis \u00e0 personne, mais tu peux&nbsp;<a href=\"https:\/\/www.youtube.com\/watch?v=L3SjoNLN-1M\">regardez-le ici<\/a><\/p>\n<p><a href=\"https:\/\/www.youtube.com\/watch?v=eGp47YwDZ48\"><b>DE FRONT:<\/b><\/a><b>&nbsp;<\/b>La GBTA et 70 organisations de voyage et de tourisme du Comit\u00e9 europ\u00e9en du voyage ont envoy\u00e9 un manifeste du tourisme en r\u00e9ponse aux nouvelles propositions de la Commission europ\u00e9enne pour harmoniser les r\u00e8gles de voyage&nbsp;<a href=\"https:\/\/ec.europa.eu\/commission\/presscorner\/detail\/en\/ip_21_6186\">dans<\/a>&nbsp;et&nbsp;<a href=\"https:\/\/ec.europa.eu\/commission\/presscorner\/detail\/en\/ip_21_6185\">\u00e0<\/a>&nbsp;l&#039;UE - y compris la p\u00e9riode de validit\u00e9 propos\u00e9e du certificat num\u00e9rique Covid de l&#039;UE de 9 mois - IMPORTANT. Le Manifeste peut \u00eatre lu&nbsp;<a href=\"https:\/\/tourismmanifesto.eu\/position-on-the-european-commissions-proposals-for-council-recommendations-on-intra-eu-and-international-travel\/\">ici<\/a><\/p>\n<p><a href=\"https:\/\/www.youtube.com\/watch?v=QjZbPA1cMIU\"><b>MONTAGNES ROULANTES D&#039;AMOUR\u00a0:<\/b><\/a>&nbsp;Hier soir, le Congr\u00e8s a d\u00e9gag\u00e9 un patch de financement provisoire, HR 6119 (116), chaque chambre agissant en succession rapide. Le projet de loi maintiendra le fonctionnement du gouvernement et maintiendra le financement aux niveaux actuels jusqu&#039;au 18 f\u00e9vrier. Un groupe de s\u00e9nateurs conservateurs avait exig\u00e9 un vote \u00e0 la majorit\u00e9 simple sur le financement du mandat de vaccination du pr\u00e9sident Joe Biden sur les entreprises am\u00e9ricaines, qui a \u00e9chou\u00e9 48-50. Quelques minutes plus tard, le S\u00e9nat a approuv\u00e9 le projet de loi de financement, 69-28. Nous avons donc cela pour nous aux \u00c9tats-Unis, mais il y a plusieurs autres \u00e9l\u00e9ments qui doivent \u00eatre adopt\u00e9s, notamment l&#039;augmentation de la limite d&#039;endettement. Et n&#039;oubliez pas le plan Build Back Better qui est toujours en cours d&#039;\u00e9laboration.<\/p>\n<p><a href=\"https:\/\/twitter.com\/ehcanadamemes\/status\/1265321080396419075\/photo\/1\"><b>CR\u00c9DIT EV EH\u00a0?<\/b><\/a><b>:<\/b>&nbsp;<a href=\"https:\/\/www.youtube.com\/watch?v=_RWWKFqv7EM\">En parlant de BBB<\/a>, la ministre canadienne du Commerce international, Mary Ng, termine aujourd&#039;hui sa mission de trois jours \u00e0 DC. La mission consistait \u00e0 redoubler d&#039;efforts pour amener les \u00c9tats-Unis \u00e0 reculer sur le cr\u00e9dit d&#039;imp\u00f4t controvers\u00e9 pour les constructeurs automobiles am\u00e9ricains dans le cadre du plan Build Back Better du pr\u00e9sident Biden. Le premier ministre Trudeau a fait part de ses pr\u00e9occupations concernant le cr\u00e9dit d&#039;imp\u00f4t IRL propos\u00e9 pour les v\u00e9hicules \u00e9lectriques lors du sommet des Trois Amigos il y a quelques semaines. on ne sait pas si la mesure restera dans la version du S\u00e9nat du projet de loi de r\u00e9conciliation BBB, mais je suppose que ce sera le cas.<\/p>\n<p><a href=\"https:\/\/www.youtube.com\/watch?v=JE-dqW4uBEE\"><b>BLISTER AU SOLEIL\u00a0:<\/b><\/a><b>&nbsp;<\/b>Pour ceux aux \u00c9tats-Unis, nous pr\u00e9voyons de relancer le Chapter Challenge et j&#039;ai RFPS \u00e0 DC \u00e0 la recherche d&#039;un lieu pour le Sommet l\u00e9gislatif. Les dates tomberont probablement dans les semaines du 6 et du 13 juin<sup>e<\/sup>. RESERVEZ LES DATES\u00a0! Nous aurons besoin de votre pr\u00e9sence pour faire avancer l&#039;industrie\u00a0! Donc tu te pr\u00e9pares aux cloques au soleil et \u00e0 l&#039;humidit\u00e9<\/p>\n<p>Shane Downey<br \/>\nVice-pr\u00e9sident, Relations gouvernementales et communautaires<br \/>\nGBTA<br \/>\n<a href=\"mailto:sdowney@gbta.org\">sdowney@gbta.org<\/a><br \/>\n(O) 703 236-1131<br \/>\n(C) 703 459-7425<\/p>","protected":false},"excerpt":{"rendered":"<p>J&#039;\u00e9tais tout emball\u00e9, j&#039;avais une nouvelle coupe de cheveux et j&#039;organisais ma documentation pour mon voyage \u00e0 la conf\u00e9rence GBTA \u00e0 Berlin en partenariat avec VDR lorsque le COVID \u00e0 grande gueule a de nouveau frapp\u00e9 et la conf\u00e9rence a \u00e9t\u00e9 report\u00e9e. Je suis d\u00e9\u00e7u, mais je sais que la conf\u00e9rence sera excellente ce printemps. Et, qui ne veut pas \u00eatre dedans\u2026<\/p>","protected":false},"author":25,"featured_media":0,"comment_status":"open","ping_status":"open","sticky":false,"template":"","format":"standard","meta":{"_acf_changed":false,"_seopress_robots_primary_cat":"none","_seopress_titles_title":"","_seopress_titles_desc":"","_seopress_robots_index":"","om_disable_all_campaigns":false,"_relevanssi_hide_post":"","_relevanssi_hide_content":"","_relevanssi_pin_for_all":"","_relevanssi_pin_keywords":"","_relevanssi_unpin_keywords":"","_relevanssi_related_keywords":"","_relevanssi_related_include_ids":"","_relevanssi_related_exclude_ids":"","_relevanssi_related_no_append":"","_relevanssi_related_not_related":"","_relevanssi_related_posts":"1813,1894,1971,1502,2637,1897","_relevanssi_noindex_reason":"","_kad_blocks_custom_css":"","_kad_blocks_head_custom_js":"","_kad_blocks_body_custom_js":"","_kad_blocks_footer_custom_js":"","_kad_post_transparent":"","_kad_post_title":"","_kad_post_layout":"","_kad_post_sidebar_id":"","_kad_post_content_style":"","_kad_post_vertical_padding":"","_kad_post_feature":"","_kad_post_feature_position":"","_kad_post_header":false,"_kad_post_footer":false,"footnotes":"","_links_to":"","_links_to_target":""},"categories":[1452,1307],"tags":[],"class_list":["post-2669","post","type-post","status-publish","format-standard","hentry","category-gbta-advocacy-newsletters","category-government-relations"],"acf":[],"featured_image_src_large":false,"author_info":{"display_name":"jcampbell","author_link":"https:\/\/gbta.org\/fr\/author\/jcampbell\/"},"comment_info":"","category_info":[{"term_id":1452,"name":"GBTA Advocacy Newsletters","slug":"gbta-advocacy-newsletters","term_group":0,"term_taxonomy_id":1452,"taxonomy":"category","description":"","parent":0,"count":29,"filter":"raw","cat_ID":1452,"category_count":29,"category_description":"","cat_name":"GBTA Advocacy Newsletters","category_nicename":"gbta-advocacy-newsletters","category_parent":0},{"term_id":1307,"name":"Government Relations","slug":"government-relations","term_group":0,"term_taxonomy_id":1307,"taxonomy":"category","description":"","parent":0,"count":61,"filter":"raw","cat_ID":1307,"category_count":61,"category_description":"","cat_name":"Government Relations","category_nicename":"government-relations","category_parent":0}],"tag_info":false,"taxonomy_info":{"category":[{"value":1452,"label":"GBTA Advocacy Newsletters"},{"value":1307,"label":"Government Relations"}]},"featured_image_src":null,"featured_image_src_square":null,"mfb_rest_fields":["featured_image_src_large","author_info","comment_info","category_info","tag_info","taxonomy_info","featured_image_src","featured_image_src_square"],"_links":{"self":[{"href":"https:\/\/gbta.org\/fr\/wp-json\/wp\/v2\/posts\/2669","targetHints":{"allow":["GET"]}}],"collection":[{"href":"https:\/\/gbta.org\/fr\/wp-json\/wp\/v2\/posts"}],"about":[{"href":"https:\/\/gbta.org\/fr\/wp-json\/wp\/v2\/types\/post"}],"author":[{"embeddable":true,"href":"https:\/\/gbta.org\/fr\/wp-json\/wp\/v2\/users\/25"}],"replies":[{"embeddable":true,"href":"https:\/\/gbta.org\/fr\/wp-json\/wp\/v2\/comments?post=2669"}],"version-history":[{"count":0,"href":"https:\/\/gbta.org\/fr\/wp-json\/wp\/v2\/posts\/2669\/revisions"}],"wp:attachment":[{"href":"https:\/\/gbta.org\/fr\/wp-json\/wp\/v2\/media?parent=2669"}],"wp:term":[{"taxonomy":"category","embeddable":true,"href":"https:\/\/gbta.org\/fr\/wp-json\/wp\/v2\/categories?post=2669"},{"taxonomy":"post_tag","embeddable":true,"href":"https:\/\/gbta.org\/fr\/wp-json\/wp\/v2\/tags?post=2669"}],"curies":[{"name":"wp","href":"https:\/\/api.w.org\/{rel}","templated":true}]}}