{"id":2683,"date":"2022-04-21T10:01:00","date_gmt":"2022-04-21T14:01:00","guid":{"rendered":"https:\/\/gbta.org\/global-business-travel-recovery-sees-double-digit-surge-since-february\/"},"modified":"2022-09-28T15:26:27","modified_gmt":"2022-09-28T19:26:27","slug":"global-business-travel-recovery-sees-double-digit-surge-since-february","status":"publish","type":"post","link":"https:\/\/gbta.org\/fr\/global-business-travel-recovery-sees-double-digit-surge-since-february\/","title":{"rendered":"La reprise mondiale des voyages d&#039;affaires conna\u00eet une hausse \u00e0 deux chiffres depuis f\u00e9vrier"},"content":{"rendered":"<p><b><span data-contrast=\"none\">Alexandrie, Virginie <\/span><\/b><span data-contrast=\"none\">&nbsp;\u2013 Les voyages d&#039;affaires sont en plein essor, les voyages internationaux reviennent et malgr\u00e9 de nouveaux d\u00e9fis, la reprise de l&#039;industrie est enracin\u00e9e. De plus, les politiques de voyage d&#039;entreprise sont en cours de refonte et les employ\u00e9s sont g\u00e9n\u00e9ralement dispos\u00e9s \u00e0 voyager pour affaires. Ces d\u00e9couvertes proviennent de la <\/span><span data-contrast=\"auto\">Sondage d&#039;avril sur la reprise des voyages d&#039;affaires<\/span><span data-contrast=\"none\">, le dernier et 27<\/span><span data-contrast=\"none\">e<\/span><span data-contrast=\"none\"> dans une s\u00e9rie <\/span><span data-contrast=\"none\">du<\/span><span data-contrast=\"none\"> Association mondiale des voyages d&#039;affaires (<\/span><a href=\"http:\/\/www.gtba.org\/\"><span data-contrast=\"none\">GBTA<\/span><\/a><span data-contrast=\"none\">), la premi\u00e8re association mondiale au service de l&#039;industrie du voyage d&#039;affaires.&nbsp;<\/span><span data-ccp-props=\"{&quot;134233279&quot;:true,&quot;201341983&quot;:2,&quot;335559739&quot;:160,&quot;335559740&quot;:23}\">&nbsp;<\/span><\/p>\n<p><span data-contrast=\"none\">GBTA interroge r\u00e9guli\u00e8rement les acheteurs de voyages d&#039;affaires, les fournisseurs et les autres parties prenantes du monde entier depuis que la pand\u00e9mie a commenc\u00e9 \u00e0 prendre le pouls de l&#039;industrie alors qu&#039;elle navigue sur les d\u00e9fis et les changements sur la voie de la reprise.&nbsp;<\/span><span data-ccp-props=\"{&quot;134233279&quot;:true,&quot;201341983&quot;:2,&quot;335559739&quot;:160,&quot;335559740&quot;:23}\">&nbsp;<\/span><\/p>\n<p><span data-contrast=\"none\">&quot;Nous constatons des gains significatifs dans le retour des voyages d&#039;affaires, en particulier au cours des deux derniers mois. Les donn\u00e9es mondiales de GBTA montrent que davantage d&#039;entreprises autorisent<\/span> <span data-contrast=\"none\">et maintenant aussi les voyages internationaux des employ\u00e9s. Les niveaux de r\u00e9servation et les d\u00e9penses de voyage continuent de revenir, et il y a des niveaux \u00e9lev\u00e9s d&#039;optimisme et de volont\u00e9 des employ\u00e9s \u00e0 voyager pour affaires. Cela survient alors m\u00eame que l&#039;industrie est confront\u00e9e \u00e0 des d\u00e9fis au-del\u00e0 du COVID-19, notamment la hausse des prix du carburant, l&#039;inflation, la perturbation de la cha\u00eene d&#039;approvisionnement et la guerre en Ukraine \u00bb, a d\u00e9clar\u00e9 Suzanne Neufang, PDG de GBTA.&nbsp;<\/span><span data-ccp-props=\"{&quot;134233279&quot;:true,&quot;201341983&quot;:2,&quot;335559739&quot;:160,&quot;335559740&quot;:23}\">&nbsp;<\/span><\/p>\n<p><span data-contrast=\"none\">Voici les r\u00e9sultats de l&#039;April Business Travel R de GBTA<\/span><span data-contrast=\"auto\">la r\u00e9cup\u00e9ration <\/span><a href=\"https:\/\/gbta.org\/fr\/Portals\/0\/Documents\/poll\/Apr22\/Business Travel Recovery Poll Results Deck - April 21 2022.pdf\/?ver=BNpOz5npvwFvC6cXIk4KgA==\"><span data-contrast=\"none\">sondage<\/span><\/a><span data-contrast=\"none\">:<\/span><span data-ccp-props=\"{&quot;134233279&quot;:true,&quot;201341983&quot;:2,&quot;335559739&quot;:160,&quot;335559740&quot;:23}\">&nbsp;<\/span><\/p>\n<ul>\n<li data-leveltext=\"\uf0b7\" data-font=\"Symbol\" data-listid=\"48\" data-aria-posinset=\"1\" data-aria-level=\"1\"><b><span data-contrast=\"none\">AUGMENTATIONS \u00c0 DEUX CHIFFRES, VOYAGES INTERNATIONAUX SAUTS.<\/span><\/b><span data-contrast=\"none\"> Les entreprises qui d\u00e9clarent qu&#039;elles autorisent au moins parfois n<\/span><span data-contrast=\"auto\">les voyages d&#039;affaires int\u00e9rieurs essentiels sont pass\u00e9s \u00e0 86%, contre 73% dans le sondage de f\u00e9vrier de GBTA. Les voyages internationaux ont fait un grand bond avec 74% signalant que leur entreprise le permet d\u00e9sormais, en hausse de 26 points de pourcentage par rapport \u00e0 f\u00e9vrier.<\/span><span data-ccp-props=\"{&quot;201341983&quot;:2,&quot;335559739&quot;:160,&quot;335559740&quot;:23}\">&nbsp;<\/span><\/li>\n<\/ul>\n<ul>\n<li data-leveltext=\"\uf0b7\" data-font=\"Symbol\" data-listid=\"48\" data-aria-posinset=\"2\" data-aria-level=\"1\"><b><span data-contrast=\"auto\">MOINS D&#039;ANNULATIONS, PLUS DE VOYAGES.<\/span><\/b><span data-contrast=\"auto\"> Les entreprises continuent de reprendre les voyages d&#039;affaires internationaux, avec seulement 45% d\u00e9clarant avoir annul\u00e9 ou suspendu la plupart ou tous les voyages d&#039;affaires internationaux, 27 points de moins que le 71% en f\u00e9vrier. En outre, seulement un r\u00e9pondant sur cinq (20%) d\u00e9clare avoir annul\u00e9 ou suspendu la plupart ou la totalit\u00e9 de ses voyages d&#039;affaires int\u00e9rieurs, contre 33% en f\u00e9vrier.&nbsp;<\/span><span data-ccp-props=\"{&quot;201341983&quot;:0,&quot;335559739&quot;:160,&quot;335559740&quot;:259}\">&nbsp;<\/span><\/li>\n<\/ul>\n<p><span data-contrast=\"auto\">Parmi les entreprises qui ont pr\u00e9c\u00e9demment annul\u00e9 ou suspendu la plupart ou tous les voyages dans une r\u00e9gion\/un pays sp\u00e9cifique, 75% pr\u00e9voient de reprendre les voyages int\u00e9rieurs et 52% les voyages internationaux dans les un \u00e0 trois prochains mois.<\/span><span data-ccp-props=\"{&quot;201341983&quot;:0,&quot;335559685&quot;:720,&quot;335559739&quot;:160,&quot;335559740&quot;:259}\">&nbsp;<\/span><\/p>\n<ul>\n<li data-leveltext=\"\uf0b7\" data-font=\"Symbol\" data-listid=\"48\" data-aria-posinset=\"1\" data-aria-level=\"1\"><b><span data-contrast=\"auto\">RETOUR DES R\u00c9SERVATIONS DE VOYAGE D&#039;ENTREPRISE.<\/span><\/b><span data-contrast=\"auto\"> Une majorit\u00e9 (88%) de fournisseurs et de soci\u00e9t\u00e9s de gestion de voyages (TMC) signalent que leurs r\u00e9servations ont augment\u00e9 au cours du mois pr\u00e9c\u00e9dent. C&#039;est bien plus que la part qui disait la m\u00eame chose en f\u00e9vrier (45%). En moyenne, les acheteurs de voyages affirment que les r\u00e9servations de voyages de leur entreprise se situent actuellement \u00e0 56% du niveau d&#039;avant la pand\u00e9mie, en hausse de 22 points par rapport \u00e0 f\u00e9vrier.<\/span><span data-ccp-props=\"{&quot;201341983&quot;:0,&quot;335559739&quot;:160,&quot;335559740&quot;:259}\">&nbsp;<\/span><\/li>\n<\/ul>\n<ul>\n<li data-leveltext=\"\uf0b7\" data-font=\"Symbol\" data-listid=\"49\" data-aria-posinset=\"2\" data-aria-level=\"1\"><b><span data-contrast=\"auto\">PR\u00c9VISIONS DE RECOUVREMENT DES D\u00c9PENSES. <\/span><\/b><span data-contrast=\"auto\">Lorsqu&#039;on leur a demand\u00e9 de caract\u00e9riser les d\u00e9penses de leur entreprise en voyages d&#039;affaires par rapport \u00e0 2019, en moyenne, les r\u00e9pondants s&#039;attendent \u00e0 ce que leur entreprise revienne \u00e0 59% de leurs d\u00e9penses d&#039;avant la pand\u00e9mie d&#039;ici la fin de 2022 et atteindra 79% d&#039;ici la fin de 2023.<\/span><span data-ccp-props=\"{&quot;201341983&quot;:0,&quot;335559739&quot;:160,&quot;335559740&quot;:259}\">&nbsp;<\/span><\/li>\n<\/ul>\n<ul>\n<li data-leveltext=\"\uf0b7\" data-font=\"Symbol\" data-listid=\"47\" data-aria-posinset=\"1\" data-aria-level=\"1\"><b><span data-contrast=\"auto\">DE RETOUR AU BUREAU, DE RETOUR SUR LA ROUTE. <\/span><\/b><span data-contrast=\"auto\">Quatre parties prenantes de GBTA sur dix (41%) affirment que le retour de leur entreprise au bureau est directement corr\u00e9l\u00e9 au retour des voyages d&#039;affaires. Plus de la moiti\u00e9 (55%) des r\u00e9pondants d\u00e9clarent que leur entreprise a mis en place une politique permanente de retour au bureau. Un quart (23%) d\u00e9clarent que leurs employ\u00e9s seront \u00e0 temps plein au bureau, et plus de la moiti\u00e9 (52%) seront hybrides avec des journ\u00e9es de travail pass\u00e9es entre le bureau et la maison. Plus de deux ans apr\u00e8s le d\u00e9but de la pand\u00e9mie, 26% rapporte que leur entreprise n&#039;a pas encore annonc\u00e9 de politique permanente. Un autre sur dix (12%) affirme que les employ\u00e9s auront le choix de retourner au bureau ou non.&nbsp;<\/span><span data-ccp-props=\"{&quot;201341983&quot;:0,&quot;335559739&quot;:160,&quot;335559740&quot;:259}\">&nbsp;<\/span><\/li>\n<\/ul>\n<ul>\n<li data-leveltext=\"\uf0b7\" data-font=\"Symbol\" data-listid=\"46\" data-aria-posinset=\"2\" data-aria-level=\"1\"><b><span data-contrast=\"auto\">LA VOLONT\u00c9 DE VOYAGE DES EMPLOY\u00c9S AUGMENTE.<\/span><\/b><span data-contrast=\"auto\"> Neuf acheteurs et professionnels de l&#039;approvisionnement GBTA sur dix (94%) estiment que leurs employ\u00e9s sont \u00abdispos\u00e9s\u00bb ou \u00abtr\u00e8s dispos\u00e9s\u00bb \u00e0 voyager pour affaires dans l&#039;environnement actuel, contre 82% lors du sondage de f\u00e9vrier. Aucun r\u00e9pondant dans aucune r\u00e9gion du monde ne pense que ses employ\u00e9s ne sont pas dispos\u00e9s \u00e0 voyager pour affaires dans l&#039;environnement actuel.&nbsp;<\/span><span data-ccp-props=\"{&quot;201341983&quot;:0,&quot;335559739&quot;:160,&quot;335559740&quot;:259}\">&nbsp;<\/span><\/li>\n<\/ul>\n<ul>\n<li data-leveltext=\"\uf0b7\" data-font=\"Symbol\" data-listid=\"46\" data-aria-posinset=\"1\" data-aria-level=\"1\"><b><span data-contrast=\"auto\">LES POLITIQUES CHANGENT AVEC LE TEMPS<\/span><\/b><span data-contrast=\"auto\">. La pand\u00e9mie a contraint de nombreuses entreprises \u00e0 repenser leur programme de voyages d&#039;affaires. Une majorit\u00e9 (80%) de gestionnaires de voyages rapportent que la pand\u00e9mie a entra\u00een\u00e9 des changements dans les politiques de voyage de leur entreprise dans une certaine mesure, notamment\u00a0:<\/span>\n<ul>\n<li data-leveltext=\"\uf0b7\" data-font=\"Symbol\" data-listid=\"46\" data-aria-posinset=\"1\" data-aria-level=\"1\"><span data-ccp-props=\"{&quot;201341983&quot;:0,&quot;335559739&quot;:160,&quot;335559740&quot;:259}\">&nbsp;<\/span><span data-contrast=\"auto\">Moins de d\u00e9placements professionnels dans l&#039;ensemble\u00a0: 39%<\/span><span data-ccp-props=\"{&quot;201341983&quot;:0,&quot;335559739&quot;:160,&quot;335559740&quot;:259}\">&nbsp;<\/span><\/li>\n<\/ul>\n<ul>\n<li data-leveltext=\"o\" data-font=\"Courier New\" data-listid=\"46\" data-aria-posinset=\"2\" data-aria-level=\"2\"><span data-contrast=\"auto\">Les employ\u00e9s font moins de voyages d&#039;affaires, mais avec plus d&#039;objectifs assign\u00e9s \u00e0 chaque voyage : 37%<\/span><span data-ccp-props=\"{&quot;201341983&quot;:0,&quot;335559739&quot;:160,&quot;335559740&quot;:259}\">&nbsp;<\/span><\/li>\n<li data-leveltext=\"o\" data-font=\"Courier New\" data-listid=\"46\" data-aria-posinset=\"3\" data-aria-level=\"2\"><span data-contrast=\"auto\">Plus d&#039;exigences d&#039;approbation de voyage\u00a0: 24%<\/span><span data-ccp-props=\"{&quot;201341983&quot;:0,&quot;335559739&quot;:160,&quot;335559740&quot;:259}\">&nbsp;<\/span><\/li>\n<li data-leveltext=\"o\" data-font=\"Courier New\" data-listid=\"46\" data-aria-posinset=\"4\" data-aria-level=\"2\"><span data-contrast=\"auto\">Une r\u00e9\u00e9valuation de la fa\u00e7on dont les employ\u00e9s se d\u00e9placent pour affaires (c&#039;est-\u00e0-dire les consid\u00e9rations de s\u00e9curit\u00e9, les types de transport, les s\u00e9jours h\u00f4teliers durables, etc.) : 23%<\/span><span data-ccp-props=\"{&quot;201341983&quot;:0,&quot;335559739&quot;:160,&quot;335559740&quot;:259}\">&nbsp;<\/span><\/li>\n<\/ul>\n<\/li>\n<\/ul>\n<ul>\n<li data-leveltext=\"\uf0b7\" data-font=\"Symbol\" data-listid=\"47\" data-aria-posinset=\"1\" data-aria-level=\"1\"><b><span data-contrast=\"auto\">L&#039;IMPACT DE L&#039;INFLATION.<\/span><\/b><span data-contrast=\"auto\"> De nombreuses entreprises augmentent leurs d\u00e9penses de voyages d&#039;affaires dans le sillage de l&#039;inflation. Quarante et un pour cent d\u00e9clarent avoir augment\u00e9 les d\u00e9penses de d\u00e9placement des employ\u00e9s pour les voyages en avion, 34% pour les s\u00e9jours \u00e0 l&#039;h\u00f4tel, 33% pour la location de voitures et 26% pour le covoiturage et les taxis.&nbsp;<\/span><span data-ccp-props=\"{&quot;201341983&quot;:0,&quot;335559739&quot;:160,&quot;335559740&quot;:259}\">&nbsp;<\/span><\/li>\n<\/ul>\n<ul>\n<li data-leveltext=\"\uf0b7\" data-font=\"Symbol\" data-listid=\"47\" data-aria-posinset=\"2\" data-aria-level=\"1\"><b><span data-contrast=\"auto\">PRISE EN COMPTE DES VOYAGES DURABLES.<\/span><\/b><span data-contrast=\"auto\"> Les responsables des voyages d&#039;affaires reconnaissent que la durabilit\u00e9 aura un impact sur leur programme de voyages. Les attentes les plus fr\u00e9quemment cit\u00e9es incluent moins de d\u00e9placements par employ\u00e9 dans l&#039;ensemble (54%) et des d\u00e9placements professionnels plus longs et polyvalents (43%) et plus d&#039;options ferroviaires et multimodales (34%). Cependant, la plupart des acheteurs de voyages (61%) ne s&#039;attendent pas \u00e0 ce que leur entreprise restreigne la fr\u00e9quence des vols en classe affaires. <\/span><span data-contrast=\"auto\">Les acheteurs europ\u00e9ens (71%) sont significativement plus susceptibles que leurs homologues nord-am\u00e9ricains (47%) de dire que leurs plans incluront probablement moins de d\u00e9placements par employ\u00e9, et ils sont plus susceptibles (59%) que les acheteurs nord-am\u00e9ricains (36%) de dire que les consid\u00e9rations de durabilit\u00e9 incluront trajets plus longs.<\/span><span data-ccp-props=\"{&quot;201341983&quot;:0,&quot;335559739&quot;:160,&quot;335559740&quot;:259}\">&nbsp;<\/span><\/li>\n<\/ul>\n<ul>\n<li data-leveltext=\"\uf0b7\" data-font=\"Symbol\" data-listid=\"46\" data-aria-posinset=\"1\" data-aria-level=\"1\"><b><span data-contrast=\"auto\">RETROUVER LE POINT POUR LE VOYAGE.<\/span><\/b><span data-contrast=\"auto\"> Alors que les employ\u00e9s reprennent leurs voyages d&#039;affaires, beaucoup ont rencontr\u00e9 des obstacles lors de leur retour dans les airs et sur la route. Les parties prenantes de la GBTA signalent le plus souvent qu&#039;eux-m\u00eames et\/ou leurs coll\u00e8gues ont \u00e9t\u00e9 confus au sujet des restrictions de voyage\/documents de voyage (63%), sont plus anxieux ou stress\u00e9s \u00e0 propos des voyages d&#039;affaires (45%) ou ont eu des difficult\u00e9s \u00e0 naviguer dans les a\u00e9roports et les r\u00e8gles de s\u00e9curit\u00e9 (36%).<\/span><span data-ccp-props=\"{&quot;201341983&quot;:0,&quot;335559739&quot;:160,&quot;335559740&quot;:259}\">&nbsp;<\/span><\/li>\n<\/ul>\n<ul>\n<li data-leveltext=\"\uf0b7\" data-font=\"Symbol\" data-listid=\"46\" data-aria-posinset=\"2\" data-aria-level=\"1\"><b><span data-contrast=\"auto\">MASQUES DANS LES AVIONS\u00a0: QUI DEVRAIT D\u00c9CIDER.<\/span><\/b><span data-contrast=\"auto\"> Le sentiment mondial autour des mandats de masque sur les avions commerciaux varie. Deux parties prenantes de la GBTA sur cinq (41%) affirment que les gouvernements devraient exiger que les passagers portent des masques dans les avions, tandis qu&#039;un tiers (32%) estiment que chaque compagnie a\u00e9rienne devrait \u00eatre autoris\u00e9e \u00e0 d\u00e9cider si les passagers sont tenus de porter des masques. Un sur cinq (20%) pense que les gouvernements devraient interdire les mandats de masque (c&#039;est-\u00e0-dire permettre aux passagers de voler sur n&#039;importe quelle compagnie a\u00e9rienne sans masque).&nbsp;&nbsp;<\/span><span data-ccp-props=\"{&quot;201341983&quot;:0,&quot;335559739&quot;:160,&quot;335559740&quot;:259}\">&nbsp;<\/span><\/li>\n<\/ul>\n<p><b><span data-contrast=\"auto\">M\u00e9thodologie<\/span><\/b><span data-contrast=\"auto\">:<\/span><span data-ccp-props=\"{&quot;134233279&quot;:true,&quot;201341983&quot;:2,&quot;335559739&quot;:160,&quot;335559740&quot;:23}\">&nbsp;<\/span><\/p>\n<p><span data-contrast=\"auto\">GBTA a men\u00e9 ce sondage aupr\u00e8s de ses membres et d&#039;autres professionnels de l&#039;industrie du voyage d&#039;affaires, y compris des acheteurs de voyages et des fournisseurs de voyages \u00e0 travers le monde, du 4 au 13 avril 2022.<\/span> <span data-contrast=\"auto\">520 r\u00e9ponses au total ont \u00e9t\u00e9 re\u00e7ues.<\/span><span data-ccp-props=\"{&quot;134233279&quot;:true,&quot;201341983&quot;:2,&quot;335559739&quot;:160,&quot;335559740&quot;:23}\">&nbsp;<\/span><\/p>\n<p><span data-contrast=\"auto\">V<\/span><span data-contrast=\"none\">voir le complet <\/span><span data-contrast=\"auto\">Avril GBTA <\/span><a href=\"https:\/\/gbta.org\/fr\/Portals\/0\/Documents\/poll\/Apr22\/27 Poll Results 4-21-22.pdf\/?ver=8BpZ4KYNX9HcuGMBO3KbrA==\"><span data-contrast=\"none\">r\u00e9sultats du sondage<\/span><\/a><span data-contrast=\"none\"> et <\/span><a href=\"https:\/\/gbta.org\/fr\/Portals\/0\/Documents\/poll\/Apr22\/Business Travel Recovery Poll Results Deck - April 21 2022.pdf\/?ver=BNpOz5npvwFvC6cXIk4KgA==\"><span data-contrast=\"none\">Points saillants<\/span><\/a><span data-contrast=\"auto\">, aussi bien que <\/span><a href=\"https:\/\/gbta.org\/fr\/research-tools\/covid-19-member-polls\/\"><span data-contrast=\"none\">s\u00e9rie compl\u00e8te<\/span><\/a><span data-contrast=\"auto\"> des sondages GBTA sur la reprise des voyages d&#039;affaires.<\/span><span data-contrast=\"auto\">\u202f\u202f<\/span><span data-ccp-props=\"{&quot;134233279&quot;:true,&quot;201341983&quot;:2,&quot;335559739&quot;:120,&quot;335559740&quot;:23}\">&nbsp;<\/span><\/p>","protected":false},"excerpt":{"rendered":"<p>Alexandria, Virginie \u2013 Les voyages d&#039;affaires progressent, les voyages internationaux reviennent et malgr\u00e9 de nouveaux d\u00e9fis, la reprise de l&#039;industrie est bien ancr\u00e9e. En outre, les politiques relatives aux voyages d&#039;affaires sont en cours de refonte et les employ\u00e9s sont largement dispos\u00e9s \u00e0 voyager pour affaires. Ces r\u00e9sultats sont issus du sondage d\u2019avril sur la reprise des voyages d\u2019affaires, le dernier et le 27e d\u2019une s\u00e9rie\u2026<\/p>","protected":false},"author":25,"featured_media":0,"comment_status":"open","ping_status":"open","sticky":false,"template":"","format":"standard","meta":{"_acf_changed":false,"_seopress_robots_primary_cat":"none","_seopress_titles_title":"","_seopress_titles_desc":"","_seopress_robots_index":"","om_disable_all_campaigns":false,"_relevanssi_hide_post":"","_relevanssi_hide_content":"","_relevanssi_pin_for_all":"","_relevanssi_pin_keywords":"","_relevanssi_unpin_keywords":"","_relevanssi_related_keywords":"","_relevanssi_related_include_ids":"","_relevanssi_related_exclude_ids":"","_relevanssi_related_no_append":"","_relevanssi_related_not_related":"","_relevanssi_related_posts":"1813,1894,5843,2621,1797,1817","_relevanssi_noindex_reason":"","_kad_blocks_custom_css":"","_kad_blocks_head_custom_js":"","_kad_blocks_body_custom_js":"","_kad_blocks_footer_custom_js":"","_kad_post_transparent":"","_kad_post_title":"","_kad_post_layout":"","_kad_post_sidebar_id":"","_kad_post_content_style":"","_kad_post_vertical_padding":"","_kad_post_feature":"","_kad_post_feature_position":"","_kad_post_header":false,"_kad_post_footer":false,"footnotes":"","_links_to":"","_links_to_target":""},"categories":[45,37,280],"tags":[],"class_list":["post-2683","post","type-post","status-publish","format-standard","hentry","category-news-and-press-releases","category-research-and-travel-trends","category-sustainability"],"acf":[],"featured_image_src_large":false,"author_info":{"display_name":"jcampbell","author_link":"https:\/\/gbta.org\/fr\/author\/jcampbell\/"},"comment_info":"","category_info":[{"term_id":45,"name":"News and Press Releases","slug":"news-and-press-releases","term_group":0,"term_taxonomy_id":45,"taxonomy":"category","description":"","parent":0,"count":540,"filter":"raw","cat_ID":45,"category_count":540,"category_description":"","cat_name":"News and Press Releases","category_nicename":"news-and-press-releases","category_parent":0},{"term_id":37,"name":"Research and Travel Trends","slug":"research-and-travel-trends","term_group":0,"term_taxonomy_id":37,"taxonomy":"category","description":"","parent":0,"count":966,"filter":"raw","cat_ID":37,"category_count":966,"category_description":"","cat_name":"Research and Travel Trends","category_nicename":"research-and-travel-trends","category_parent":0},{"term_id":280,"name":"Sustainability","slug":"sustainability","term_group":0,"term_taxonomy_id":280,"taxonomy":"category","description":"","parent":0,"count":130,"filter":"raw","cat_ID":280,"category_count":130,"category_description":"","cat_name":"Sustainability","category_nicename":"sustainability","category_parent":0}],"tag_info":false,"taxonomy_info":{"category":[{"value":45,"label":"News and Press Releases"},{"value":37,"label":"Research and Travel Trends"},{"value":280,"label":"Sustainability"}]},"featured_image_src":null,"featured_image_src_square":null,"mfb_rest_fields":["featured_image_src_large","author_info","comment_info","category_info","tag_info","taxonomy_info","featured_image_src","featured_image_src_square"],"_links":{"self":[{"href":"https:\/\/gbta.org\/fr\/wp-json\/wp\/v2\/posts\/2683","targetHints":{"allow":["GET"]}}],"collection":[{"href":"https:\/\/gbta.org\/fr\/wp-json\/wp\/v2\/posts"}],"about":[{"href":"https:\/\/gbta.org\/fr\/wp-json\/wp\/v2\/types\/post"}],"author":[{"embeddable":true,"href":"https:\/\/gbta.org\/fr\/wp-json\/wp\/v2\/users\/25"}],"replies":[{"embeddable":true,"href":"https:\/\/gbta.org\/fr\/wp-json\/wp\/v2\/comments?post=2683"}],"version-history":[{"count":0,"href":"https:\/\/gbta.org\/fr\/wp-json\/wp\/v2\/posts\/2683\/revisions"}],"wp:attachment":[{"href":"https:\/\/gbta.org\/fr\/wp-json\/wp\/v2\/media?parent=2683"}],"wp:term":[{"taxonomy":"category","embeddable":true,"href":"https:\/\/gbta.org\/fr\/wp-json\/wp\/v2\/categories?post=2683"},{"taxonomy":"post_tag","embeddable":true,"href":"https:\/\/gbta.org\/fr\/wp-json\/wp\/v2\/tags?post=2683"}],"curies":[{"name":"wp","href":"https:\/\/api.w.org\/{rel}","templated":true}]}}