{"id":2696,"date":"2022-05-24T10:01:00","date_gmt":"2022-05-24T14:01:00","guid":{"rendered":"https:\/\/gbta.org\/check-in-with-suzanne-61\/"},"modified":"2022-09-28T15:20:11","modified_gmt":"2022-09-28T19:20:11","slug":"check-in-with-suzanne-61","status":"publish","type":"post","link":"https:\/\/gbta.org\/fr\/check-in-with-suzanne-61\/","title":{"rendered":"Enregistrement avec Suzanne"},"content":{"rendered":"<p>Mes voyages d&#039;affaires pour GBTA me retrouvent en Europe cette semaine pour des efforts tr\u00e8s importants et continus au nom de nos membres afin de me concentrer sur la d\u00e9fense de l&#039;industrie.<\/p>\n<p>\u00c0 Bruxelles, nous rencontrons divers dirigeants l\u00e9gislatifs de l&#039;UE sur la durabilit\u00e9, en particulier autour des opportunit\u00e9s et des d\u00e9fis pour l&#039;aviation, les services automobiles et les voyages d&#039;affaires \u00e0 travers un large \u00e9ventail de l\u00e9gislations europ\u00e9ennes pertinentes.<\/p>\n<p>En nous alignant avec d&#039;autres parties prenantes telles que Airlines for Europe (A4E) et l&#039;Association europ\u00e9enne pour l&#039;\u00e9lectromobilit\u00e9 (AVERE) sur les objectifs de GBTA et notre industrie dans son ensemble, nos discussions porteront sur la fa\u00e7on dont nous trouverons collectivement le bon \u00e9quilibre dans la promotion de la durabilit\u00e9 tout en soutenant la comp\u00e9titivit\u00e9 et la pertinence de l&#039;industrie au profit des voyageurs et des entreprises \u00e0 travers l&#039;Europe.<\/p>\n<p>Je m&#039;engagerai \u00e9galement avec le Cabinet du commissaire europ\u00e9en charg\u00e9 des transports responsable de l&#039;orientation de la l\u00e9gislation europ\u00e9enne sur les transports et des strat\u00e9gies de mobilit\u00e9. \u00c9tant donn\u00e9 que la Commission europ\u00e9enne s&#039;appuie fortement sur des conseils d&#039;experts lors de la r\u00e9daction de la l\u00e9gislation, la contribution de GBTA est essentielle pour garantir que toute r\u00e9glementation europ\u00e9enne sur les voyages soutienne \u00e9galement l&#039;industrie des voyages d&#039;affaires. Nous partagerons les positions des membres de GBTA sur les voyages durables et les mesures prises pour fa\u00e7onner l&#039;industrie afin de sensibiliser et de prendre des d\u00e9cisions au niveau europ\u00e9en.<\/p>\n<p>Et le plaidoyer se poursuit sur la sc\u00e8ne am\u00e9ricaine avec le prochain <a href=\"https:\/\/link.edgepilot.com\/s\/6b5ea56b\/LxgiCc4yy0upqH9Jri19QQ?u=https:\/\/www3.gbta.org\/e\/5572\/y-gbta-legislative-summit-2022\/6ndsq8\/4320772300?h=NqNSYTCbGZnY3ZvbGUtIMOTsFC7qa0sTfoEcy5QjBRM\">Sommet l\u00e9gislatif am\u00e9ricain GBTA<\/a>, du 6 au 8 juin, \u00e0 Washington DC L&#039;ordre du jour du sommet comprend le voyage vers la durabilit\u00e9 de la GBTA, des appels \u00e0 \u00e9liminer les exigences de test pour les voyages \u00e0 destination des \u00c9tats-Unis, le maintien des frais de s\u00e9curit\u00e9 du 11 septembre pour assurer la s\u00e9curit\u00e9 et la mani\u00e8re d&#039;utiliser les m\u00e9dias sociaux pour plaider. Nous avons des participants repr\u00e9sentant pr\u00e8s de la moiti\u00e9 des \u00c9tats am\u00e9ricains - et nous aimerions en avoir plus. Donc s&#039;il vous plait <a href=\"https:\/\/link.edgepilot.com\/s\/6b5ea56b\/LxgiCc4yy0upqH9Jri19QQ?u=https:\/\/www3.gbta.org\/e\/5572\/y-gbta-legislative-summit-2022\/6ndsq8\/4320772300?h=NqNSYTCbGZnY3ZvbGUtIMOTsFC7qa0sTfoEcy5QjBRM\">Rejoignez-nous<\/a> pour ajouter votre voix dans la capitale am\u00e9ricaine.<\/p>\n<p>De plus, rappelez-vous que les nominations sont maintenant accept\u00e9es jusqu&#039;au 2 juin pour l&#039;\u00e9lection du conseil d&#039;administration de GBTA. Si vous \u00eates un membre actif de la GBTA, vous devez utiliser le lien personnalis\u00e9 de &quot;GBTA Elections&quot; dans votre e-mail pour d\u00e9signer quelqu&#039;un ou vous-m\u00eame pour briguer l&#039;un des trois si\u00e8ges ouverts. En tant que communaut\u00e9 dirig\u00e9e par ses membres, nous sommes reconnaissants et inspir\u00e9s par tous ceux qui donnent de leur temps et de leurs talents pour garantir que nous continuons \u00e0 faire avancer GBTA et notre industrie. Si vous n&#039;\u00eates pas actuellement un membre actif, inscrivez-vous maintenant pour pouvoir vous aussi participer \u00e0 ce cycle \u00e9lectoral.<\/p>\n<p>Suzanne<\/p>","protected":false},"excerpt":{"rendered":"<p>Mes voyages d&#039;affaires pour GBTA me retrouvent en Europe cette semaine pour des efforts tr\u00e8s importants et continus au nom de nos membres afin de me concentrer sur la d\u00e9fense de l&#039;industrie. \u00c0 Bruxelles, nous rencontrons divers dirigeants l\u00e9gislatifs de l&#039;UE sur la durabilit\u00e9, en particulier autour des opportunit\u00e9s et des d\u00e9fis pour l&#039;aviation, les services automobiles et les voyages d&#039;affaires \u00e0 travers un\u2026<\/p>","protected":false},"author":25,"featured_media":0,"comment_status":"open","ping_status":"open","sticky":false,"template":"","format":"standard","meta":{"_acf_changed":false,"_seopress_robots_primary_cat":"none","_seopress_titles_title":"","_seopress_titles_desc":"","_seopress_robots_index":"","om_disable_all_campaigns":false,"_relevanssi_hide_post":"","_relevanssi_hide_content":"","_relevanssi_pin_for_all":"","_relevanssi_pin_keywords":"","_relevanssi_unpin_keywords":"","_relevanssi_related_keywords":"","_relevanssi_related_include_ids":"","_relevanssi_related_exclude_ids":"","_relevanssi_related_no_append":"","_relevanssi_related_not_related":"","_relevanssi_related_posts":"2477,1439,2017,1620,1171,2480","_relevanssi_noindex_reason":"","_kad_blocks_custom_css":"","_kad_blocks_head_custom_js":"","_kad_blocks_body_custom_js":"","_kad_blocks_footer_custom_js":"","_kad_post_transparent":"","_kad_post_title":"","_kad_post_layout":"","_kad_post_sidebar_id":"","_kad_post_content_style":"","_kad_post_vertical_padding":"","_kad_post_feature":"","_kad_post_feature_position":"","_kad_post_header":false,"_kad_post_footer":false,"footnotes":"","_links_to":"","_links_to_target":""},"categories":[114,105,1307,280],"tags":[1450],"class_list":["post-2696","post","type-post","status-publish","format-standard","hentry","category-airlines-and-aviation","category-europe-and-uk","category-government-relations","category-sustainability","tag-check-in-with-suzanne"],"acf":[],"featured_image_src_large":false,"author_info":{"display_name":"jcampbell","author_link":"https:\/\/gbta.org\/fr\/author\/jcampbell\/"},"comment_info":"","category_info":[{"term_id":114,"name":"Airlines and Aviation","slug":"airlines-and-aviation","term_group":0,"term_taxonomy_id":114,"taxonomy":"category","description":"","parent":0,"count":355,"filter":"raw","cat_ID":114,"category_count":355,"category_description":"","cat_name":"Airlines and Aviation","category_nicename":"airlines-and-aviation","category_parent":0},{"term_id":105,"name":"Europe and UK","slug":"europe-and-uk","term_group":0,"term_taxonomy_id":105,"taxonomy":"category","description":"","parent":0,"count":152,"filter":"raw","cat_ID":105,"category_count":152,"category_description":"","cat_name":"Europe and UK","category_nicename":"europe-and-uk","category_parent":0},{"term_id":1307,"name":"Government Relations","slug":"government-relations","term_group":0,"term_taxonomy_id":1307,"taxonomy":"category","description":"","parent":0,"count":61,"filter":"raw","cat_ID":1307,"category_count":61,"category_description":"","cat_name":"Government Relations","category_nicename":"government-relations","category_parent":0},{"term_id":280,"name":"Sustainability","slug":"sustainability","term_group":0,"term_taxonomy_id":280,"taxonomy":"category","description":"","parent":0,"count":130,"filter":"raw","cat_ID":280,"category_count":130,"category_description":"","cat_name":"Sustainability","category_nicename":"sustainability","category_parent":0}],"tag_info":[{"term_id":1450,"name":"Check-in with Suzanne","slug":"check-in-with-suzanne","term_group":0,"term_taxonomy_id":1450,"taxonomy":"post_tag","description":"","parent":0,"count":47,"filter":"raw"}],"taxonomy_info":{"category":[{"value":114,"label":"Airlines and Aviation"},{"value":105,"label":"Europe and UK"},{"value":1307,"label":"Government Relations"},{"value":280,"label":"Sustainability"}],"post_tag":[{"value":1450,"label":"Check-in with Suzanne"}]},"featured_image_src":null,"featured_image_src_square":null,"mfb_rest_fields":["featured_image_src_large","author_info","comment_info","category_info","tag_info","taxonomy_info","featured_image_src","featured_image_src_square"],"_links":{"self":[{"href":"https:\/\/gbta.org\/fr\/wp-json\/wp\/v2\/posts\/2696","targetHints":{"allow":["GET"]}}],"collection":[{"href":"https:\/\/gbta.org\/fr\/wp-json\/wp\/v2\/posts"}],"about":[{"href":"https:\/\/gbta.org\/fr\/wp-json\/wp\/v2\/types\/post"}],"author":[{"embeddable":true,"href":"https:\/\/gbta.org\/fr\/wp-json\/wp\/v2\/users\/25"}],"replies":[{"embeddable":true,"href":"https:\/\/gbta.org\/fr\/wp-json\/wp\/v2\/comments?post=2696"}],"version-history":[{"count":0,"href":"https:\/\/gbta.org\/fr\/wp-json\/wp\/v2\/posts\/2696\/revisions"}],"wp:attachment":[{"href":"https:\/\/gbta.org\/fr\/wp-json\/wp\/v2\/media?parent=2696"}],"wp:term":[{"taxonomy":"category","embeddable":true,"href":"https:\/\/gbta.org\/fr\/wp-json\/wp\/v2\/categories?post=2696"},{"taxonomy":"post_tag","embeddable":true,"href":"https:\/\/gbta.org\/fr\/wp-json\/wp\/v2\/tags?post=2696"}],"curies":[{"name":"wp","href":"https:\/\/api.w.org\/{rel}","templated":true}]}}