{"id":2713,"date":"2022-07-05T10:01:00","date_gmt":"2022-07-05T14:01:00","guid":{"rendered":"https:\/\/gbta.org\/check-in-with-suzanne-67\/"},"modified":"2022-09-28T14:41:36","modified_gmt":"2022-09-28T18:41:36","slug":"check-in-with-suzanne-67","status":"publish","type":"post","link":"https:\/\/gbta.org\/fr\/check-in-with-suzanne-67\/","title":{"rendered":"Enregistrement avec Suzanne"},"content":{"rendered":"<p><span data-contrast=\"auto\">Alors que le calendrier se dirige vers juillet, pour GBTA, cela signifie une acc\u00e9l\u00e9ration de l&#039;\u00e9lan alors que nous - et beaucoup d&#039;entre vous - continuons sur la route vers la convention GBTA 2022 \u00e0 San Diego, du 14 au 17 ao\u00fbt.&nbsp;&nbsp;<\/span><span data-ccp-props=\"{&quot;134233117&quot;:false,&quot;134233118&quot;:false,&quot;201341983&quot;:0,&quot;335559738&quot;:0,&quot;335559739&quot;:0,&quot;335559740&quot;:240}\">&nbsp;<\/span><\/p>\n<p><span data-ccp-props=\"{&quot;134233117&quot;:false,&quot;134233118&quot;:false,&quot;201341983&quot;:0,&quot;335559738&quot;:0,&quot;335559739&quot;:0,&quot;335559740&quot;:240}\">&nbsp;<\/span><\/p>\n<p><span data-contrast=\"auto\">Alors qu&#039;il reste encore plusieurs semaines, plus de 800 acheteurs de voyages se sont d\u00e9j\u00e0 inscrits \u00e0 la Convention. C&#039;est en p\u00e9riode de d\u00e9fis et de changements que se rassembler fait une telle diff\u00e9rence dans la fa\u00e7on dont nous pouvons avoir un impact sur notre pr\u00e9sent et notre avenir. Fait int\u00e9ressant, nous constatons une augmentation des inscriptions de participants de petites et moyennes entreprises, en plus des grandes entreprises. Ajoutez \u00e0 cela le m\u00e9lange de grands fournisseurs traditionnels et de nouveaux fournisseurs qui parrainent et exposent - ainsi que notre tout premier <\/span><a href=\"https:\/\/convention.gbta.org\/Program\/Sustainability-Pavilion\"><span data-contrast=\"none\">Pavillon de la durabilit\u00e9<\/span><\/a><span data-contrast=\"auto\"> - et c&#039;est une recette parfaite pour des relations d&#039;affaires in\u00e9gal\u00e9es, des discussions entre pairs et des opportunit\u00e9s d&#039;apprentissage. (Nous sommes l\u00e0 pour vous aider si vous avez besoin de <\/span><a href=\"https:\/\/convention.gbta.org\/Resources\/Convince-Your-Boss\"><span data-contrast=\"none\">convaincre votre patron<\/span><\/a><span data-contrast=\"auto\">.) Profiter de <\/span><a href=\"https:\/\/convention.gbta.org\/Registration\/Registration\"><span data-contrast=\"none\">inscription \u00e0 prix r\u00e9duit<\/span><\/a><span data-contrast=\"auto\"> avant l&#039;augmentation des tarifs le 20 juillet \u00e0 23 h 59 HE.<\/span><span data-ccp-props=\"{&quot;134233117&quot;:false,&quot;134233118&quot;:false,&quot;201341983&quot;:0,&quot;335559738&quot;:0,&quot;335559739&quot;:0,&quot;335559740&quot;:240}\">&nbsp;<\/span><\/p>\n<p><span data-ccp-props=\"{&quot;134233117&quot;:false,&quot;134233118&quot;:false,&quot;201341983&quot;:0,&quot;335559738&quot;:0,&quot;335559739&quot;:0,&quot;335559740&quot;:240}\">&nbsp;<\/span><\/p>\n<p><span data-contrast=\"auto\">Et aujourd&#039;hui \u00e0 Paris, GBTA accueille l&#039;un de nos \u00e9v\u00e9nements r\u00e9gionaux \u00e0 succ\u00e8s : <\/span><a href=\"https:\/\/gbta.org\/fr\/membership-communities\/regions\/france3\/masterclass-2022-france-gbta\/\"><span data-contrast=\"none\">GBTA France Masterclass 2022<\/span><\/a><span data-contrast=\"auto\">. Les acheteurs et fournisseurs experts des secteurs du voyage et du MICE se mettront au travail aujourd&#039;hui tout en \u00e9coutant, en apprenant et en dialoguant avec les conf\u00e9renciers, les partenaires et les exposants. Cet \u00e9v\u00e9nement phare annuel pour GBTA France est un \u00ab\u00a0h\u00e9ros m\u00e9connu\u00a0\u00bb dans la fa\u00e7on dont il prend la gestion des voyages vraiment \u00ab\u00a0locale\u00a0\u00bb - offrant des perspectives mondiales tout en r\u00e9pondant aux exigences r\u00e9gionales uniques importantes pour les participants.&nbsp;<\/span><span data-ccp-props=\"{&quot;201341983&quot;:0,&quot;335559739&quot;:160,&quot;335559740&quot;:259}\">&nbsp;<\/span><\/p>\n<p><span data-contrast=\"auto\">Masterclass 2022 repr\u00e9sente \u00e9galement une nouvelle \u00e9tape dans la fa\u00e7on dont GBTA \u00e9volue vers une organisation plus verte. Servant de mod\u00e8le pour cet \u00e9v\u00e9nement et les futurs \u00e9v\u00e9nements GBTA, nous sommes heureux de partager que la Masterclass 2022 a obtenu la certification Silver LEAD (qui signifie <\/span><span data-contrast=\"auto\">Label Ev\u00e9nements \u00e0 Ambition Durable)<\/span><span data-contrast=\"auto\">. <\/span><span data-contrast=\"none\">C&#039;est le premier label qui \u00e9value les r\u00e9sultats d&#039;un \u00e9v\u00e9nement en termes d&#039;\u00e9co-responsabilit\u00e9<\/span><span data-contrast=\"auto\">. Cr\u00e9\u00e9 par une soci\u00e9t\u00e9 mondiale d&#039;essais, d&#039;inspection et de certification, <\/span><a href=\"https:\/\/www.sgs.com\/en\"><span data-contrast=\"none\">SGS<\/span><\/a><span data-contrast=\"auto\">, et <\/span><a href=\"https:\/\/www.green-evenements.com\/en\/homepage\/\"><span data-contrast=\"none\">\u00c9v\u00e9nements verts<\/span><\/a><span data-contrast=\"auto\"> qui offre un soutien, leur <\/span><a href=\"https:\/\/www.green-evenements.com\/en\/homepage\/\"><span data-contrast=\"none\">CONDUIRE<\/span><\/a> <span data-contrast=\"auto\">la certification des \u00e9v\u00e9nements durables est bas\u00e9e sur 12 crit\u00e8res d&#039;excellence \u00e0 travers les dimensions, y compris le z\u00e9ro d\u00e9chet, le z\u00e9ro carbone net \/ bas carbone et l&#039;impact social positif.<\/span><span data-ccp-props=\"{&quot;201341983&quot;:0,&quot;335559739&quot;:160,&quot;335559740&quot;:259}\">&nbsp;<\/span><\/p>\n<p><span data-contrast=\"auto\">Voici plus de changement, de progr\u00e8s et de cr\u00e9ation d&#039;un avenir meilleur pour notre industrie.<\/span><span data-ccp-props=\"{&quot;201341983&quot;:0,&quot;335559739&quot;:160,&quot;335559740&quot;:259}\">&nbsp;<\/span><\/p>\n<p><span data-contrast=\"auto\">Suzanne<\/span><span data-ccp-props=\"{&quot;201341983&quot;:0,&quot;335559739&quot;:160,&quot;335559740&quot;:259}\">&nbsp;<\/span><\/p>\n<p><u>Nouvelles \u00e0 savoir\u00a0:<\/u><\/p>\n<p><strong>L&#039;UE lance un appel \u00e0 propositions pour de nouveaux services ferroviaires longue distance<\/strong><\/p>\n<p><a href=\"https:\/\/www.businesstravelnewseurope.com\/Ground-Transport\/EU-invites-proposals-for-new-long-distance-train-services\">La Commission europ\u00e9enne lance un appel \u00e0 propositions pour de nouveaux projets transfrontaliers<\/a>, services ferroviaires longue distance sur tout le continent. L&#039;initiative s&#039;inscrit dans le cadre du plan d&#039;action ferroviaire de la commission visant \u00e0 stimuler les services ferroviaires voyageurs longue distance et transfrontaliers en Europe, qui a \u00e9t\u00e9 lanc\u00e9 pour la premi\u00e8re fois fin 2021. L&#039;invitation \u00e0 soumettre des plans pilotes pour ces services ferroviaires ont \u00e9t\u00e9 inaugur\u00e9s la semaine derni\u00e8re lors des Connection Europe Days organis\u00e9s \u00e0 Lyon.<\/p>\n<p><strong>Le gouvernement britannique \u00ab acc\u00e9l\u00e8re \u00bb les contr\u00f4les de s\u00e9curit\u00e9 a\u00e9rienne pour att\u00e9nuer les perturbations<\/strong><\/p>\n<p><a href=\"https:\/\/www.businesstravelnewseurope.com\/Air-Travel\/UK-government-accelerates-aviation-security-checks-to-ease-disruption\">Le gouvernement britannique a &quot;acc\u00e9l\u00e9r\u00e9&quot; le temps n\u00e9cessaire au nouveau personnel de l&#039;aviation pour passer les contr\u00f4les de s\u00e9curit\u00e9<\/a> dans le cadre de ses efforts pour att\u00e9nuer les perturbations dans les a\u00e9roports cet \u00e9t\u00e9. L&#039;effort visant \u00e0 acc\u00e9l\u00e9rer les processus de contr\u00f4le de s\u00e9curit\u00e9 est un \u00e9l\u00e9ment cl\u00e9 du plan en 22 points du gouvernement publi\u00e9 la semaine derni\u00e8re pour faire face aux perturbations de l&#039;aviation. Les compagnies a\u00e9riennes et les a\u00e9roports ont bl\u00e2m\u00e9 le temps n\u00e9cessaire aux nouveaux employ\u00e9s pour passer les contr\u00f4les de s\u00e9curit\u00e9 comme l&#039;un des principaux probl\u00e8mes du secteur<strong>.<\/strong><\/p>\n<p><strong>Le rebond des voyages d&#039;affaires a peut-\u00eatre atteint un plateau, les fournisseurs ont toujours un pouvoir de tarification<\/strong><\/p>\n<p><a href=\"https:\/\/www.thecompanydime.com\/business-travel-demand-rebound\/\">La demande de voyages reste forte, mais il y a des signes de ralentissement dans les voyages d&#039;affaires<\/a>. N\u00e9anmoins, les acheteurs ne doivent pas s&#039;attendre \u00e0 ce que les prix des voyages se fassent sentir de si t\u00f4t, car l&#039;offre et la demande restent d\u00e9traqu\u00e9es. Selon American Express Company, apr\u00e8s que les voyages int\u00e9rieurs des consommateurs am\u00e9ricains ont d\u00e9pass\u00e9 leur niveau d&#039;avant la pand\u00e9mie au premier trimestre de cette ann\u00e9e, les consommateurs internationaux et d&#039;autres segments \u2013 \u00e0 l&#039;exception des clients de type Fortune 100 \u2013 sont \u00e9galement revenus \u00e0 un rythme pr\u00e9-Covid. a d\u00e9clar\u00e9 le directeur financier d&#039;Amex, Jeff Campbell.<\/p>\n<p><strong>&nbsp;<\/strong><\/p>\n<p><u>Nouvelles et rappels GBTA\u00a0:<\/u><\/p>\n<p><strong>R\u00e9union d&#039;affaires annuelle GBTA et forum des candidats<\/strong><\/p>\n<p><a href=\"https:\/\/gbta.org\/fr\/EventCalendar\/EventRegistrationStep1\/?eventcd=19DL0722\">GBTA tiendra sa r\u00e9union d&#039;affaires annuelle virtuelle et son forum des candidats<\/a>. C&#039;est votre chance d&#039;avoir un aper\u00e7u des activit\u00e9s importantes de GBTA et surtout d&#039;entendre directement les candidats qui se pr\u00e9sentent pour trois si\u00e8ges disponibles au conseil d&#039;administration. Les sujets de la r\u00e9union comprendront le rapport annuel et le forum des candidats\/\u00e9lections du conseil d&#039;administration de la GBTA. Tu peux <a href=\"https:\/\/gbta.org\/fr\/elections-2022\/\">voir les candidats ici<\/a>.<\/p>\n<p><strong>Congr\u00e8s GBTA 2022<\/strong><\/p>\n<p>Nous revenons aux voyages d&#039;affaires et aux affaires. <a href=\"https:\/\/gbta.org\/fr\/calendar\/all-events\/eventid\/1234\/e\/gbta-convention-2022-14-aug-2022\/\">Congr\u00e8s GBTA 2022<\/a> r\u00e9unira les meilleurs des meilleurs de l&#039;industrie et au-del\u00e0 pour se reconnecter, r\u00e9-imaginer et recr\u00e9er l&#039;avenir du voyage d&#039;affaires.<\/p>","protected":false},"excerpt":{"rendered":"<p>Alors que le calendrier se dirige vers juillet, pour GBTA, cela signifie une acc\u00e9l\u00e9ration de l&#039;\u00e9lan alors que nous - et beaucoup d&#039;entre vous - continuons sur la route vers la GBTA Convention 2022 \u00e0 San Diego, du 14 au 17 ao\u00fbt. Alors qu&#039;il reste encore plusieurs semaines, plus de 800 acheteurs de voyages se sont d\u00e9j\u00e0 inscrits \u00e0 la Convention. C&#039;est en p\u00e9riode de d\u00e9fi et de changement\u2026<\/p>","protected":false},"author":25,"featured_media":0,"comment_status":"open","ping_status":"open","sticky":false,"template":"","format":"standard","meta":{"_acf_changed":false,"_seopress_robots_primary_cat":"none","_seopress_titles_title":"","_seopress_titles_desc":"","_seopress_robots_index":"","om_disable_all_campaigns":false,"_relevanssi_hide_post":"","_relevanssi_hide_content":"","_relevanssi_pin_for_all":"","_relevanssi_pin_keywords":"","_relevanssi_unpin_keywords":"","_relevanssi_related_keywords":"","_relevanssi_related_include_ids":"","_relevanssi_related_exclude_ids":"","_relevanssi_related_no_append":"","_relevanssi_related_not_related":"","_relevanssi_related_posts":"2477,1439,2017,1620,1171,2480","_relevanssi_noindex_reason":"","_kad_blocks_custom_css":"","_kad_blocks_head_custom_js":"","_kad_blocks_body_custom_js":"","_kad_blocks_footer_custom_js":"","_kad_post_transparent":"","_kad_post_title":"","_kad_post_layout":"","_kad_post_sidebar_id":"","_kad_post_content_style":"","_kad_post_vertical_padding":"","_kad_post_feature":"","_kad_post_feature_position":"","_kad_post_header":false,"_kad_post_footer":false,"footnotes":"","_links_to":"","_links_to_target":""},"categories":[105,1152,280],"tags":[1450],"class_list":["post-2713","post","type-post","status-publish","format-standard","hentry","category-europe-and-uk","category-meetings-and-events","category-sustainability","tag-check-in-with-suzanne"],"acf":[],"featured_image_src_large":false,"author_info":{"display_name":"jcampbell","author_link":"https:\/\/gbta.org\/fr\/author\/jcampbell\/"},"comment_info":"","category_info":[{"term_id":105,"name":"Europe and UK","slug":"europe-and-uk","term_group":0,"term_taxonomy_id":105,"taxonomy":"category","description":"","parent":0,"count":153,"filter":"raw","cat_ID":105,"category_count":153,"category_description":"","cat_name":"Europe and UK","category_nicename":"europe-and-uk","category_parent":0},{"term_id":1152,"name":"Meetings and Events","slug":"meetings-and-events","term_group":0,"term_taxonomy_id":1152,"taxonomy":"category","description":"","parent":0,"count":56,"filter":"raw","cat_ID":1152,"category_count":56,"category_description":"","cat_name":"Meetings and Events","category_nicename":"meetings-and-events","category_parent":0},{"term_id":280,"name":"Sustainability","slug":"sustainability","term_group":0,"term_taxonomy_id":280,"taxonomy":"category","description":"","parent":0,"count":130,"filter":"raw","cat_ID":280,"category_count":130,"category_description":"","cat_name":"Sustainability","category_nicename":"sustainability","category_parent":0}],"tag_info":[{"term_id":1450,"name":"Check-in with Suzanne","slug":"check-in-with-suzanne","term_group":0,"term_taxonomy_id":1450,"taxonomy":"post_tag","description":"","parent":0,"count":47,"filter":"raw"}],"taxonomy_info":{"category":[{"value":105,"label":"Europe and UK"},{"value":1152,"label":"Meetings and Events"},{"value":280,"label":"Sustainability"}],"post_tag":[{"value":1450,"label":"Check-in with Suzanne"}]},"featured_image_src":null,"featured_image_src_square":null,"mfb_rest_fields":["featured_image_src_large","author_info","comment_info","category_info","tag_info","taxonomy_info","featured_image_src","featured_image_src_square"],"_links":{"self":[{"href":"https:\/\/gbta.org\/fr\/wp-json\/wp\/v2\/posts\/2713","targetHints":{"allow":["GET"]}}],"collection":[{"href":"https:\/\/gbta.org\/fr\/wp-json\/wp\/v2\/posts"}],"about":[{"href":"https:\/\/gbta.org\/fr\/wp-json\/wp\/v2\/types\/post"}],"author":[{"embeddable":true,"href":"https:\/\/gbta.org\/fr\/wp-json\/wp\/v2\/users\/25"}],"replies":[{"embeddable":true,"href":"https:\/\/gbta.org\/fr\/wp-json\/wp\/v2\/comments?post=2713"}],"version-history":[{"count":0,"href":"https:\/\/gbta.org\/fr\/wp-json\/wp\/v2\/posts\/2713\/revisions"}],"wp:attachment":[{"href":"https:\/\/gbta.org\/fr\/wp-json\/wp\/v2\/media?parent=2713"}],"wp:term":[{"taxonomy":"category","embeddable":true,"href":"https:\/\/gbta.org\/fr\/wp-json\/wp\/v2\/categories?post=2713"},{"taxonomy":"post_tag","embeddable":true,"href":"https:\/\/gbta.org\/fr\/wp-json\/wp\/v2\/tags?post=2713"}],"curies":[{"name":"wp","href":"https:\/\/api.w.org\/{rel}","templated":true}]}}