{"id":31781,"date":"2026-04-29T04:08:41","date_gmt":"2026-04-29T08:08:41","guid":{"rendered":"https:\/\/gbta.org\/?p=31781"},"modified":"2026-04-29T04:08:43","modified_gmt":"2026-04-29T08:08:43","slug":"gbta-welcomes-new-eu-measurement-framework-for-transport-emissions","status":"publish","type":"post","link":"https:\/\/gbta.org\/fr\/gbta-welcomes-new-eu-measurement-framework-for-transport-emissions\/","title":{"rendered":"GBTA Welcomes\u00a0New EU\u00a0Measurement Framework for Transport Emissions\u00a0"},"content":{"rendered":"<p><strong>Brussels, Belgium (29 April&nbsp;2026)&nbsp;<\/strong>\u2212The Global Business Travel Association (GBTA) welcomes the final approval of the&nbsp;<a href=\"https:\/\/nam10.safelinks.protection.outlook.com\/?url=https%3A%2F%2Fwww.europarl.europa.eu%2Fthinktank%2Ffr%2Fdocument%2FEPRS_BRI(2023)757562&amp;data=05%7C02%7Cfhastings%40gbta.org%7C0eeee9f3800a474aeb2308dea5b49096%7C82808dbdcd83410b9a2d335b549ec8bd%7C0%7C0%7C639130392113450664%7CUnknown%7CTWFpbGZsb3d8eyJFbXB0eU1hcGkiOnRydWUsIlYiOiIwLjAuMDAwMCIsIlAiOiJXaW4zMiIsIkFOIjoiTWFpbCIsIldUIjoyfQ%3D%3D%7C0%7C%7C%7C&amp;sdata=UWkVuVRSTkGJG0dAKdiM2hdnEtUwe%2Fii3fal4TIOkfE%3D&amp;reserved=0\" target=\"_blank\" rel=\"noreferrer noopener\">CountEmissionsEU&nbsp;Regulation<\/a>&nbsp;by the European Parliament yesterday. This new law&nbsp;establishes&nbsp;a consistent and&nbsp;accurate&nbsp;methodology&nbsp;for&nbsp;calculating&nbsp;emissions from transport services,&nbsp;including air and ground&nbsp;transport. This&nbsp;initiative is critical for business travellers,&nbsp;as it will help them make more sustainable choices by&nbsp;enabling&nbsp;them&nbsp;to&nbsp;compare the carbon footprint of their trips across providers and modes of transport.&nbsp;&nbsp;<\/p>\n\n\n\n<p>The necessity for a standardised, international approach to calculating greenhouse gas (GHG) emissions from travel, is underscored by findings from GBTA\u2019s&nbsp;<a href=\"https:\/\/nam10.safelinks.protection.outlook.com\/?url=https%3A%2F%2Fgbtafoundation.org%2Fplanet%2Fsustainability%2Fgbta-sustainability-acceleration-challenge%2F&amp;data=05%7C02%7Cfhastings%40gbta.org%7C0eeee9f3800a474aeb2308dea5b49096%7C82808dbdcd83410b9a2d335b549ec8bd%7C0%7C0%7C639130392113505370%7CUnknown%7CTWFpbGZsb3d8eyJFbXB0eU1hcGkiOnRydWUsIlYiOiIwLjAuMDAwMCIsIlAiOiJXaW4zMiIsIkFOIjoiTWFpbCIsIldUIjoyfQ%3D%3D%7C0%7C%7C%7C&amp;sdata=S63ZRldX2styXZ8UyX9s6Dbf%2BMz9o9VdDVsLqWydCvs%3D&amp;reserved=0\" target=\"_blank\" rel=\"noreferrer noopener\">D\u00e9fi d&#039;acc\u00e9l\u00e9ration de la durabilit\u00e9<\/a>, which reveals that&nbsp;70% of&nbsp;companies are tracking carbon emissions from their employee travel programmes*.&nbsp;The&nbsp;data also shows that&nbsp;60% of companies have sustainability&nbsp;features in their corporate booking platforms, including displaying emissions for each&nbsp;business&nbsp;trip.&nbsp;While progress has been made, many organisations still rely&nbsp;on multiple, often inconsistent methods to collect and calculate emissions data.&nbsp;&nbsp;<\/p>\n\n\n\n<p>This fragmentation increases complexity and makes it difficult to form a clear, comparable picture of business travel emissions. By establishing a single harmonised methodology, CountEmissionsEU will help put organisations on an even footing, ensuring emissions are measured consistently across the industry and enabling meaningful comparison, transparency, and accountability.&nbsp;<\/p>\n\n\n\n<p>GBTA&nbsp;welcomes the fact that the&nbsp;Regulation does not create&nbsp;additional&nbsp;reporting obligations and that the Commission has committed to providing a free, public calculation tool for SMEs,&nbsp;to&nbsp;ease implementation. This will prove&nbsp;very helpful&nbsp;for smaller companies that may struggle to calculate their travel emissions.&nbsp;<\/p>\n\n\n\n<p>In addition, as business travel is a global sector in nature, GBTA calls for the EU to work with its global partners to achieve a global standard for transport emissions accounting.&nbsp;&nbsp;Global harmonisation would make it easier for business travellers to track and compare emissions from different travel options across the world. This would also prevent regional fragmentation that would be harmful for businesses.&nbsp;<\/p>\n\n\n\n<p><strong>GBTA CEO Suzanne Neufang said:&nbsp;<\/strong><br>&nbsp;<br>\u201cGBTA&nbsp;welcomes the adoption of the&nbsp;CountEmissionsEU&nbsp;Regulation,&nbsp;which&nbsp;will enhance the&nbsp;business travel sector\u2019s&nbsp;ability&nbsp;to&nbsp;move&nbsp;towards greener practices. We&nbsp;are hopeful that the Regulation will&nbsp;serve as a first step towards a global&nbsp;methodology&nbsp;for transport emissions accounting.&nbsp;<\/p>\n\n\n\n<p>\u201cAs an industry, business travel has been at the forefront of driving sustainable mobility, a topic which will be centre stage at our&nbsp;forthcoming&nbsp;<a href=\"https:\/\/nam10.safelinks.protection.outlook.com\/?url=https%3A%2F%2Feuropeconference.gbta.org%2Fsustainability-summit%2F&amp;data=05%7C02%7Cfhastings%40gbta.org%7C0eeee9f3800a474aeb2308dea5b49096%7C82808dbdcd83410b9a2d335b549ec8bd%7C0%7C0%7C639130392113544849%7CUnknown%7CTWFpbGZsb3d8eyJFbXB0eU1hcGkiOnRydWUsIlYiOiIwLjAuMDAwMCIsIlAiOiJXaW4zMiIsIkFOIjoiTWFpbCIsIldUIjoyfQ%3D%3D%7C0%7C%7C%7C&amp;sdata=Wd9BzJi1ZZAC9bhVF8tkJewzmfdVtapLCJvMIurc0dI%3D&amp;reserved=0\" target=\"_blank\" rel=\"noreferrer noopener\">Sommet sur la durabilit\u00e9<\/a>&nbsp;in Vienna later this year.\u201d&nbsp;<\/p>\n\n\n\n\n\n<p>*Based on the results of the&nbsp;<a href=\"https:\/\/nam10.safelinks.protection.outlook.com\/?url=https%3A%2F%2Fgbta.org%2Fcorporations-stay-the-course-on-sustainable-business-travel-but-struggle-to-progress-in-high-impact-areas-according-to-global-benchmark%2F&amp;data=05%7C02%7Cfhastings%40gbta.org%7C0eeee9f3800a474aeb2308dea5b49096%7C82808dbdcd83410b9a2d335b549ec8bd%7C0%7C0%7C639130392113577184%7CUnknown%7CTWFpbGZsb3d8eyJFbXB0eU1hcGkiOnRydWUsIlYiOiIwLjAuMDAwMCIsIlAiOiJXaW4zMiIsIkFOIjoiTWFpbCIsIldUIjoyfQ%3D%3D%7C0%7C%7C%7C&amp;sdata=zF%2FDgifGmY%2Bl1z%2BSZagi45kBihDtRReUvGCOKLr5p%2BM%3D&amp;reserved=0\" target=\"_blank\" rel=\"noreferrer noopener\">2025 global benchmark<\/a>&nbsp;<\/p>","protected":false},"excerpt":{"rendered":"<p>Brussels, Belgium (29 April&nbsp;2026)&nbsp;\u2212The Global Business Travel Association (GBTA) welcomes the final approval of the&nbsp;CountEmissionsEU&nbsp;Regulation&nbsp;by the European Parliament yesterday. This new law&nbsp;establishes&nbsp;a consistent and&nbsp;accurate&nbsp;methodology&nbsp;for&nbsp;calculating&nbsp;emissions from transport services,&nbsp;including air and ground&nbsp;transport. This&nbsp;initiative is critical for business travellers,&nbsp;as it will help them make more sustainable choices by&nbsp;enabling&nbsp;them&nbsp;to&nbsp;compare the carbon footprint of their trips across providers and modes&#8230;<\/p>","protected":false},"author":85,"featured_media":0,"comment_status":"closed","ping_status":"closed","sticky":false,"template":"","format":"standard","meta":{"_acf_changed":false,"_seopress_robots_primary_cat":"none","_seopress_titles_title":"","_seopress_titles_desc":"","_seopress_robots_index":"","om_disable_all_campaigns":false,"_relevanssi_hide_post":"","_relevanssi_hide_content":"","_relevanssi_pin_for_all":"","_relevanssi_pin_keywords":"","_relevanssi_unpin_keywords":"","_relevanssi_related_keywords":"","_relevanssi_related_include_ids":"","_relevanssi_related_exclude_ids":"","_relevanssi_related_no_append":"","_relevanssi_related_not_related":"","_relevanssi_related_posts":"2234,2393,1365,1838,1672,1005","_relevanssi_noindex_reason":"","_kad_blocks_custom_css":"","_kad_blocks_head_custom_js":"","_kad_blocks_body_custom_js":"","_kad_blocks_footer_custom_js":"","_kad_post_transparent":"","_kad_post_title":"","_kad_post_layout":"","_kad_post_sidebar_id":"","_kad_post_content_style":"","_kad_post_vertical_padding":"","_kad_post_feature":"","_kad_post_feature_position":"","_kad_post_header":false,"_kad_post_footer":false,"footnotes":"","_links_to":"","_links_to_target":""},"categories":[105,45,1520],"tags":[48,587,603,1250,49,233],"class_list":["post-31781","post","type-post","status-publish","format-standard","hentry","category-europe-and-uk","category-news-and-press-releases","category-press-release","tag-business-travel","tag-eu","tag-european-parliament","tag-european-union","tag-gbta","tag-news"],"acf":[],"featured_image_src_large":false,"author_info":{"display_name":"Fintan Hastings","author_link":"https:\/\/gbta.org\/fr\/author\/fhastings\/"},"comment_info":"","category_info":[{"term_id":105,"name":"Europe and UK","slug":"europe-and-uk","term_group":0,"term_taxonomy_id":105,"taxonomy":"category","description":"","parent":0,"count":153,"filter":"raw","cat_ID":105,"category_count":153,"category_description":"","cat_name":"Europe and UK","category_nicename":"europe-and-uk","category_parent":0},{"term_id":45,"name":"News and Press Releases","slug":"news-and-press-releases","term_group":0,"term_taxonomy_id":45,"taxonomy":"category","description":"","parent":0,"count":541,"filter":"raw","cat_ID":45,"category_count":541,"category_description":"","cat_name":"News and Press Releases","category_nicename":"news-and-press-releases","category_parent":0},{"term_id":1520,"name":"Press Release","slug":"press-release","term_group":0,"term_taxonomy_id":1520,"taxonomy":"category","description":"","parent":1516,"count":22,"filter":"raw","cat_ID":1520,"category_count":22,"category_description":"","cat_name":"Press Release","category_nicename":"press-release","category_parent":1516}],"tag_info":[{"term_id":48,"name":"business travel","slug":"business-travel","term_group":0,"term_taxonomy_id":48,"taxonomy":"post_tag","description":"","parent":0,"count":417,"filter":"raw"},{"term_id":587,"name":"EU","slug":"eu","term_group":0,"term_taxonomy_id":587,"taxonomy":"post_tag","description":"","parent":0,"count":19,"filter":"raw"},{"term_id":603,"name":"European Parliament","slug":"european-parliament","term_group":0,"term_taxonomy_id":603,"taxonomy":"post_tag","description":"","parent":0,"count":3,"filter":"raw"},{"term_id":1250,"name":"European Union","slug":"european-union","term_group":0,"term_taxonomy_id":1250,"taxonomy":"post_tag","description":"","parent":0,"count":3,"filter":"raw"},{"term_id":49,"name":"GBTA","slug":"gbta","term_group":0,"term_taxonomy_id":49,"taxonomy":"post_tag","description":"","parent":0,"count":261,"filter":"raw"},{"term_id":233,"name":"news","slug":"news","term_group":0,"term_taxonomy_id":233,"taxonomy":"post_tag","description":"","parent":0,"count":308,"filter":"raw"}],"taxonomy_info":{"category":[{"value":105,"label":"Europe and UK"},{"value":45,"label":"News and Press Releases"},{"value":1520,"label":"Press Release"}],"post_tag":[{"value":48,"label":"business travel"},{"value":587,"label":"EU"},{"value":603,"label":"European Parliament"},{"value":1250,"label":"European Union"},{"value":49,"label":"GBTA"},{"value":233,"label":"news"}]},"featured_image_src":null,"featured_image_src_square":null,"mfb_rest_fields":["featured_image_src_large","author_info","comment_info","category_info","tag_info","taxonomy_info","featured_image_src","featured_image_src_square"],"_links":{"self":[{"href":"https:\/\/gbta.org\/fr\/wp-json\/wp\/v2\/posts\/31781","targetHints":{"allow":["GET"]}}],"collection":[{"href":"https:\/\/gbta.org\/fr\/wp-json\/wp\/v2\/posts"}],"about":[{"href":"https:\/\/gbta.org\/fr\/wp-json\/wp\/v2\/types\/post"}],"author":[{"embeddable":true,"href":"https:\/\/gbta.org\/fr\/wp-json\/wp\/v2\/users\/85"}],"replies":[{"embeddable":true,"href":"https:\/\/gbta.org\/fr\/wp-json\/wp\/v2\/comments?post=31781"}],"version-history":[{"count":1,"href":"https:\/\/gbta.org\/fr\/wp-json\/wp\/v2\/posts\/31781\/revisions"}],"predecessor-version":[{"id":31784,"href":"https:\/\/gbta.org\/fr\/wp-json\/wp\/v2\/posts\/31781\/revisions\/31784"}],"wp:attachment":[{"href":"https:\/\/gbta.org\/fr\/wp-json\/wp\/v2\/media?parent=31781"}],"wp:term":[{"taxonomy":"category","embeddable":true,"href":"https:\/\/gbta.org\/fr\/wp-json\/wp\/v2\/categories?post=31781"},{"taxonomy":"post_tag","embeddable":true,"href":"https:\/\/gbta.org\/fr\/wp-json\/wp\/v2\/tags?post=31781"}],"curies":[{"name":"wp","href":"https:\/\/api.w.org\/{rel}","templated":true}]}}