{"id":4408,"date":"2022-07-27T12:51:00","date_gmt":"2022-07-27T16:51:00","guid":{"rendered":"https:\/\/gbta.org\/?p=4408"},"modified":"2024-01-30T11:08:53","modified_gmt":"2024-01-30T16:08:53","slug":"gbta-foundation-relaunches-to-advance-people-and-planet-initiatives-for-the-business-travel-industry","status":"publish","type":"post","link":"https:\/\/gbta.org\/fr\/gbta-foundation-relaunches-to-advance-people-and-planet-initiatives-for-the-business-travel-industry\/","title":{"rendered":"La Fondation GBTA se relance pour faire avancer les initiatives People and Planet pour l&#039;industrie du voyage d&#039;affaires"},"content":{"rendered":"<p><strong>Alexandrie, Virginie&nbsp;<\/strong>\u2013 Aider l&#039;industrie mondiale du voyage d&#039;affaires \u00e0 cr\u00e9er un impact positif et un avenir meilleur pour les gens et la plan\u00e8te est la mission derri\u00e8re le&nbsp;<a href=\"https:\/\/gbta.org\/fr\/\">Association mondiale des voyages d&#039;affaires<\/a>relance de sa branche caritative, la&nbsp;<a href=\"https:\/\/gbta.org\/fr\/gbta-foundation\/\">Fondation GBTA<\/a>. La Fondation GBTA se concentrera sur la strat\u00e9gie et l&#039;ex\u00e9cution des programmes mondiaux de durabilit\u00e9 de GBTA, en soutenant les initiatives li\u00e9es \u00e0 l&#039;action climatique, ainsi que la diversit\u00e9, l&#039;\u00e9quit\u00e9 et l&#039;inclusion (DEI) et d&#039;autres sujets li\u00e9s aux talents via l&#039;\u00e9ducation, la recherche et le plaidoyer.<\/p>\n\n\n\n<p>\u00ab Nous sommes ravis de r\u00e9tablir la Fondation GBTA dans un cadre pr\u00e9cis de \u00ab personnes et plan\u00e8te \u00bb \u00bb, a d\u00e9clar\u00e9 Suzanne Neufang, PDG de GBTA. \u00ab C&#039;est un moment important dans les 54 ans d&#039;histoire de GBTA, alors que nous renouvelons notre engagement \u00e0 cr\u00e9er un impact positif durable. La Fondation GBTA, ainsi que son conseil d&#039;administration nouvellement nomm\u00e9, s&#039;attacheront \u00e0 avoir un impact positif dans notre industrie et au-del\u00e0.<\/p>\n\n\n\n<p>Paul Abbott, PDG d&#039;American Express Global Business Travel, sera pr\u00e9sident du conseil d&#039;administration de la Fondation GBTA pour les deux prochaines ann\u00e9es. &quot;Je suis tr\u00e8s heureux de diriger la Fondation GBTA en cette p\u00e9riode critique - pour ouvrir la voie au progr\u00e8s via des programmes et des initiatives ambitieux ax\u00e9s sur la durabilit\u00e9&quot;, a-t-il d\u00e9clar\u00e9.<\/p>\n\n\n\n<p>Le nouveau GBTA&nbsp;<a href=\"https:\/\/gbta.org\/fr\/sustainability\/\">Programme de durabilit\u00e9<\/a>&nbsp;lanc\u00e9e fin 2021 pour construire un avenir plus vert pour les voyages d&#039;affaires et contribuer \u00e0 r\u00e9duire son impact sur le climat, sera d\u00e9sormais g\u00e9r\u00e9e par la Fondation, tout comme les programmes existants de GBTA li\u00e9s aux personnes,&nbsp;<a href=\"https:\/\/gbta.org\/fr\/membership-communities\/winit\/\">WINiT par GBTA<\/a>&nbsp;et&nbsp;<a href=\"https:\/\/gbta.org\/fr\/membership-communities\/membership\/ladders-mentoring\/\">\u00c9chelles GBTA<\/a>.<\/p>\n\n\n\n<p>Nomm\u00e9 par le conseil d&#039;administration de GBTA, le conseil de fondation aidera \u00e0 garantir que les ambitions sont suffisamment grandes pour relever les d\u00e9fis de durabilit\u00e9 environnementale et humaine, et \u00e0 \u00e9lever le travail de GBTA dans la recherche, le plaidoyer et l&#039;apprentissage des praticiens - pour atteindre ceux au-del\u00e0 de l&#039;industrie .<\/p>\n\n\n\n<p>Des dirigeants de l&#039;ensemble de l&#039;industrie mondiale du voyage ayant des int\u00e9r\u00eats et des forces distincts dans les principaux domaines ESG (environnement, social et gouvernance) si\u00e8geront au conseil d&#039;administration de la Fondation pour des mandats \u00e9chelonn\u00e9s d&#039;un \u00e0 deux ans\u00a0:<\/p>\n\n\n\n<ul class=\"wp-block-list\">\n<li><strong>Paul Abbott<\/strong>, PDG, American Express GBT (mandat de deux ans)<\/li>\n\n\n\n<li><strong>Leslie Andrews<\/strong>, directeur de la cat\u00e9gorie voyages mondiaux, JLL (mandat de deux ans)<\/li>\n\n\n\n<li><strong>Erica Gordon<\/strong>, Senior Vice President, Global Head of Public Affairs and ESG, Hilton (mandat d&#039;un an)<\/li>\n\n\n\n<li><strong>Scott Kirby<\/strong>, PDG, United Airlines (mandat de deux ans)<\/li>\n\n\n\n<li><strong>Darragh Ormsby<\/strong>, Global Travel Manager, Google (mandat d&#039;un an)<\/li>\n\n\n\n<li><strong>Tyronne Stoudemire<\/strong>, vice-pr\u00e9sident principal, diversit\u00e9 mondiale, \u00e9quit\u00e9 et inclusion, Hyatt (mandat d&#039;un an)<\/li>\n\n\n\n<li><strong>Caroline Strachan<\/strong>, associ\u00e9 directeur, Chemin Festif (mandat de deux ans)<\/li>\n\n\n\n<li><strong>Denise Truso<\/strong>, pr\u00e9sident du conseil d&#039;administration de GBTA (conform\u00e9ment aux statuts de la Fondation)<\/li>\n\n\n\n<li><strong>Suzanne Neufang<\/strong>, PDG, GBTA (conform\u00e9ment aux statuts de la Fondation)<\/li>\n\n\n\n<li><strong>Delphine Millet<\/strong>, directeur g\u00e9n\u00e9ral, Fondation GBTA (membre d&#039;office)<\/li>\n<\/ul>\n\n\n\n<p>Le conseil d&#039;administration a tenu sa premi\u00e8re r\u00e9union ce mois-ci et donne la priorit\u00e9 \u00e0 la gouvernance de la Fondation, fournit des conseils sur les efforts existants du programme People and Planet de GBTA et d\u00e9termine les domaines strat\u00e9giques d&#039;int\u00e9r\u00eat et les priorit\u00e9s dans les initiatives de durabilit\u00e9 environnementale et humaine pour 2023.<\/p>\n\n\n\n<p>Delphine Millot, embauch\u00e9e par GBTA en janvier 2022, administrera la Fondation en tant que Directrice G\u00e9n\u00e9rale et Senior Vice President-Sustainability. Selon Millot, &quot;Il s&#039;agit d&#039;une opportunit\u00e9 importante pour GBTA de cr\u00e9er un impact durable via la recherche, l&#039;\u00e9ducation et d&#039;autres programmes pertinents qui non seulement profitent \u00e0 notre industrie, mais rapprochent le grand public et les d\u00e9cideurs politiques de nous sur ces sujets pertinents.&quot;<\/p>\n\n\n\n<p>La Fondation GBTA a \u00e9t\u00e9 initialement cr\u00e9\u00e9e en 1989 en tant que branche caritative am\u00e9ricaine 501c3 de GBTA. Jusqu&#039;au d\u00e9but de 2018, date \u00e0 laquelle elle a \u00e9t\u00e9 interrompue, la Fondation GBTA \u00e9tait le centre de toute l&#039;\u00e9ducation et de la recherche GBTA. Les domaines de l&#039;\u00e9ducation et de la recherche de GBTA ont ensuite \u00e9t\u00e9 d\u00e9plac\u00e9s vers le bras de salon 501c6 de l&#039;organisation centrale GBTA o\u00f9 ils continueront de r\u00e9sider lorsqu&#039;ils ne sont pas li\u00e9s \u00e0 l&#039;objectif \u00abdurabilit\u00e9 des personnes + plan\u00e8te\u00bb de la Fondation.<\/p>\n\n\n\n<p>Pour plus d&#039;informations sur la Fondation GBTA, visitez&nbsp;<a href=\"https:\/\/gbta.org\/fr\/gbta-foundation\/\">https:\/\/gbta.org\/gbta-foundation<\/a>&nbsp;ou email&nbsp;<a href=\"mailto:sustainability@gbta.org\">durabilit\u00e9@gbta.org.<\/a><\/p>","protected":false},"excerpt":{"rendered":"<p>Alexandria, Virginie \u2013 Aider l&#039;industrie mondiale du voyage d&#039;affaires \u00e0 cr\u00e9er un impact positif et un avenir meilleur pour les personnes et la plan\u00e8te est la mission qui se cache derri\u00e8re la relance par la Global Business TravelAssociation de sa branche caritative, la Fondation GBTA. La Fondation GBTA se concentrera sur la strat\u00e9gie et l&#039;ex\u00e9cution des programmes mondiaux de d\u00e9veloppement durable de la GBTA, en soutenant les initiatives li\u00e9es au climat\u2026<\/p>","protected":false},"author":14,"featured_media":0,"comment_status":"closed","ping_status":"closed","sticky":false,"template":"","format":"standard","meta":{"_acf_changed":false,"_seopress_robots_primary_cat":"none","_seopress_titles_title":"","_seopress_titles_desc":"The Foundation\u2019s newly appointed Board of global travel industry leaders will provide governance on climate action, DEI and workforce development initiatives","_seopress_robots_index":"","om_disable_all_campaigns":false,"_relevanssi_hide_post":"","_relevanssi_hide_content":"","_relevanssi_pin_for_all":"","_relevanssi_pin_keywords":"","_relevanssi_unpin_keywords":"","_relevanssi_related_keywords":"","_relevanssi_related_include_ids":"","_relevanssi_related_exclude_ids":"","_relevanssi_related_no_append":"","_relevanssi_related_not_related":"","_relevanssi_related_posts":"1,415,661,662,664,666","_relevanssi_noindex_reason":"","_kad_blocks_custom_css":"","_kad_blocks_head_custom_js":"","_kad_blocks_body_custom_js":"","_kad_blocks_footer_custom_js":"","_kad_post_transparent":"","_kad_post_title":"","_kad_post_layout":"","_kad_post_sidebar_id":"","_kad_post_content_style":"","_kad_post_vertical_padding":"","_kad_post_feature":"","_kad_post_feature_position":"","_kad_post_header":false,"_kad_post_footer":false,"footnotes":"","_links_to":"","_links_to_target":""},"categories":[1401,1516,1518,45,1520,280,1519,1439,1517],"tags":[1470,165,1331],"class_list":["post-4408","post","type-post","status-publish","format-standard","hentry","category-diversity-equity-inclusion","category-foundation","category-ladders","category-news-and-press-releases","category-press-release","category-sustainability","category-sustainability-foundation","category-winit","category-winit-foundation","tag-dei","tag-gbta-foundation","tag-winit"],"acf":[],"featured_image_src_large":false,"author_info":{"display_name":"","author_link":"https:\/\/gbta.org\/fr\/author\/"},"comment_info":"","category_info":[{"term_id":1401,"name":"Diversity, Equity &amp; Inclusion","slug":"diversity-equity-inclusion","term_group":0,"term_taxonomy_id":1401,"taxonomy":"category","description":"","parent":0,"count":40,"filter":"raw","cat_ID":1401,"category_count":40,"category_description":"","cat_name":"Diversity, Equity &amp; Inclusion","category_nicename":"diversity-equity-inclusion","category_parent":0},{"term_id":1516,"name":"Foundation","slug":"foundation","term_group":0,"term_taxonomy_id":1516,"taxonomy":"category","description":"","parent":0,"count":52,"filter":"raw","cat_ID":1516,"category_count":52,"category_description":"","cat_name":"Foundation","category_nicename":"foundation","category_parent":0},{"term_id":1518,"name":"Ladders","slug":"ladders","term_group":0,"term_taxonomy_id":1518,"taxonomy":"category","description":"","parent":1516,"count":6,"filter":"raw","cat_ID":1518,"category_count":6,"category_description":"","cat_name":"Ladders","category_nicename":"ladders","category_parent":1516},{"term_id":45,"name":"News and Press Releases","slug":"news-and-press-releases","term_group":0,"term_taxonomy_id":45,"taxonomy":"category","description":"","parent":0,"count":540,"filter":"raw","cat_ID":45,"category_count":540,"category_description":"","cat_name":"News and Press Releases","category_nicename":"news-and-press-releases","category_parent":0},{"term_id":1520,"name":"Press Release","slug":"press-release","term_group":0,"term_taxonomy_id":1520,"taxonomy":"category","description":"","parent":1516,"count":21,"filter":"raw","cat_ID":1520,"category_count":21,"category_description":"","cat_name":"Press Release","category_nicename":"press-release","category_parent":1516},{"term_id":280,"name":"Sustainability","slug":"sustainability","term_group":0,"term_taxonomy_id":280,"taxonomy":"category","description":"","parent":0,"count":130,"filter":"raw","cat_ID":280,"category_count":130,"category_description":"","cat_name":"Sustainability","category_nicename":"sustainability","category_parent":0},{"term_id":1519,"name":"Sustainability","slug":"sustainability-foundation","term_group":0,"term_taxonomy_id":1519,"taxonomy":"category","description":"","parent":1516,"count":29,"filter":"raw","cat_ID":1519,"category_count":29,"category_description":"","cat_name":"Sustainability","category_nicename":"sustainability-foundation","category_parent":1516},{"term_id":1439,"name":"WINiT","slug":"winit","term_group":0,"term_taxonomy_id":1439,"taxonomy":"category","description":"","parent":0,"count":26,"filter":"raw","cat_ID":1439,"category_count":26,"category_description":"","cat_name":"WINiT","category_nicename":"winit","category_parent":0},{"term_id":1517,"name":"WINiT","slug":"winit-foundation","term_group":0,"term_taxonomy_id":1517,"taxonomy":"category","description":"","parent":1516,"count":16,"filter":"raw","cat_ID":1517,"category_count":16,"category_description":"","cat_name":"WINiT","category_nicename":"winit-foundation","category_parent":1516}],"tag_info":[{"term_id":1470,"name":"DEI","slug":"dei","term_group":0,"term_taxonomy_id":1470,"taxonomy":"post_tag","description":"","parent":0,"count":2,"filter":"raw"},{"term_id":165,"name":"GBTA Foundation","slug":"gbta-foundation","term_group":0,"term_taxonomy_id":165,"taxonomy":"post_tag","description":"","parent":0,"count":122,"filter":"raw"},{"term_id":1331,"name":"WINiT","slug":"winit","term_group":0,"term_taxonomy_id":1331,"taxonomy":"post_tag","description":"","parent":0,"count":24,"filter":"raw"}],"taxonomy_info":{"category":[{"value":1401,"label":"Diversity, Equity &amp; Inclusion"},{"value":1516,"label":"Foundation"},{"value":1518,"label":"Ladders"},{"value":45,"label":"News and Press Releases"},{"value":1520,"label":"Press Release"},{"value":280,"label":"Sustainability"},{"value":1519,"label":"Sustainability"},{"value":1439,"label":"WINiT"},{"value":1517,"label":"WINiT"}],"post_tag":[{"value":1470,"label":"DEI"},{"value":165,"label":"GBTA Foundation"},{"value":1331,"label":"WINiT"}]},"featured_image_src":null,"featured_image_src_square":null,"mfb_rest_fields":["featured_image_src_large","author_info","comment_info","category_info","tag_info","taxonomy_info","featured_image_src","featured_image_src_square"],"_links":{"self":[{"href":"https:\/\/gbta.org\/fr\/wp-json\/wp\/v2\/posts\/4408","targetHints":{"allow":["GET"]}}],"collection":[{"href":"https:\/\/gbta.org\/fr\/wp-json\/wp\/v2\/posts"}],"about":[{"href":"https:\/\/gbta.org\/fr\/wp-json\/wp\/v2\/types\/post"}],"author":[{"embeddable":true,"href":"https:\/\/gbta.org\/fr\/wp-json\/wp\/v2\/users\/14"}],"replies":[{"embeddable":true,"href":"https:\/\/gbta.org\/fr\/wp-json\/wp\/v2\/comments?post=4408"}],"version-history":[{"count":0,"href":"https:\/\/gbta.org\/fr\/wp-json\/wp\/v2\/posts\/4408\/revisions"}],"wp:attachment":[{"href":"https:\/\/gbta.org\/fr\/wp-json\/wp\/v2\/media?parent=4408"}],"wp:term":[{"taxonomy":"category","embeddable":true,"href":"https:\/\/gbta.org\/fr\/wp-json\/wp\/v2\/categories?post=4408"},{"taxonomy":"post_tag","embeddable":true,"href":"https:\/\/gbta.org\/fr\/wp-json\/wp\/v2\/tags?post=4408"}],"curies":[{"name":"wp","href":"https:\/\/api.w.org\/{rel}","templated":true}]}}