{"id":7821,"date":"2022-10-25T06:00:00","date_gmt":"2022-10-25T10:00:00","guid":{"rendered":"https:\/\/gbta.org\/?p=7821"},"modified":"2022-10-25T05:45:43","modified_gmt":"2022-10-25T09:45:43","slug":"check-in-with-suzanne-81","status":"publish","type":"post","link":"https:\/\/gbta.org\/fr\/check-in-with-suzanne-81\/","title":{"rendered":"Enregistrement avec Suzanne"},"content":{"rendered":"<style>.wp-block-kadence-advancedheading.kt-adv-heading_37a558-31, .wp-block-kadence-advancedheading.kt-adv-heading_37a558-31[data-kb-block=\"kb-adv-heading_37a558-31\"]{font-style:normal;}.wp-block-kadence-advancedheading.kt-adv-heading_37a558-31 mark.kt-highlight, .wp-block-kadence-advancedheading.kt-adv-heading_37a558-31[data-kb-block=\"kb-adv-heading_37a558-31\"] mark.kt-highlight{font-style:normal;color:#f76a0c;-webkit-box-decoration-break:clone;box-decoration-break:clone;padding-top:0px;padding-right:0px;padding-bottom:0px;padding-left:0px;}<\/style>\n<h2 class=\"kt-adv-heading_37a558-31 wp-block-kadence-advancedheading\" data-kb-block=\"kb-adv-heading_37a558-31\"><strong>Mettre les mots en action pour des voyages d&#039;affaires durables<\/strong>\u00a0<\/h2>\n\n\n\n<p>Nous sommes tous partis pour Bruxelles ! La demande est forte pour nos <a href=\"https:\/\/europeconference.gbta.org\/other-events\/gbta-sustainability-summit\/\" target=\"_blank\" rel=\"noreferrer noopener\">Sommet sur la durabilit\u00e9<\/a> le 8 novembre. Et pour le <a href=\"https:\/\/europeconference.gbta.org\/\" target=\"_blank\" rel=\"noreferrer noopener\">Conf\u00e9rence europ\u00e9enne<\/a> Du 8 au 10 novembre, avec des participants de plus de 24 pays d\u00e9j\u00e0 inscrits \u2013 cela repr\u00e9sente deux fois plus d&#039;acheteurs inscrits maintenant que lors de notre \u00e9v\u00e9nement \u00e0 Berlin fin f\u00e9vrier de cette ann\u00e9e\u2026 C&#039;est un autre signe que les conf\u00e9rences en personne reprennent \u00e0 un rythme sain. et cette collaboration en personne stimule la demande \u00e0 satisfaire. Nous esp\u00e9rons vous y voir encore plus nombreux\u2026 S&#039;inscrire <a href=\"https:\/\/europeconference.gbta.org\/registration\/\" target=\"_blank\" rel=\"noreferrer noopener\">ici<\/a>.&nbsp;<\/p>\n\n\n\n<p>L&#039;un des points forts du sommet est la s\u00e9ance de r\u00e9flexion interactive au cours de laquelle les participants fourniront des id\u00e9es et des contributions au plan d&#039;action climatique de l&#039;industrie de la GBTA, qui d\u00e9finira des voies concr\u00e8tes permettant \u00e0 notre industrie d&#039;apporter un changement positif. Nous sommes une industrie qui se transforme pour l&#039;avenir de notre secteur, de nos collaborateurs et de la plan\u00e8te. Faites partie du processus \u00e0 Bruxelles alors que nous planifions le parcours du secteur mondial des voyages d&#039;affaires vers une r\u00e9duction des \u00e9missions de 50% d&#039;ici 2030 et l&#039;atteinte de z\u00e9ro \u00e9mission nette d&#039;ici 2050.&nbsp;<\/p>\n\n\n\n<p>Des conversations importantes sur la r\u00e9duction des \u00e9missions et l\u2019atteinte de z\u00e9ro \u00e9mission nette ont lieu dans l\u2019ensemble de notre industrie \u2013 le communiqu\u00e9 d\u2019United Airlines. <a href=\"https:\/\/www.united.com\/ual\/en\/us\/fly\/company\/global-citizenship\/environment\/ecoskies-alliance.html\" target=\"_blank\" rel=\"noreferrer noopener\">Alliance Eco-Ciel<\/a> La r\u00e9union qui a eu lieu la semaine derni\u00e8re n&#039;est qu&#039;un exemple parmi tant d&#039;autres. Notre industrie acc\u00e9l\u00e8re sa planification et ses actions pour avoir un impact tangible sur les objectifs d&#039;action climatique. Pour y parvenir, nous devrons continuer \u00e0 exp\u00e9rimenter, continuer \u00e0 collaborer, pour trouver la meilleure voie \u00e0 suivre.&nbsp;<br>&nbsp;<br>GBTA continue \u00e9galement de prendre des mesures pour garantir que notre objectif collectif soit entendu en mati\u00e8re de durabilit\u00e9. La GBTA a r\u00e9cemment publi\u00e9 un document de position <a href=\"https:\/\/gbta.org\/fr\/gbta-supports-countemissionseu-initiative-for-harmonised-framework-to-measure-greenhouse-gas-emissions\/\" target=\"_blank\" rel=\"noreferrer noopener\">justificatif<\/a> l&#039;initiative de la Commission europ\u00e9enne visant \u00e0 proposer un cadre harmonis\u00e9 pour le calcul et la d\u00e9claration des \u00e9missions de gaz \u00e0 effet de serre du secteur des transports, appel\u00e9 <a href=\"https:\/\/ec.europa.eu\/info\/law\/better-regulation\/have-your-say\/initiatives\/13217-Count-your-transport-emissions-CountEmissions-EU_en\" target=\"_blank\" rel=\"noreferrer noopener\">CountEmissionsUE<\/a>. Alors que nos membres font de la r\u00e9duction de l&#039;empreinte carbone de leurs voyages d&#039;affaires un <a href=\"https:\/\/gbta.org\/fr\/global-business-travels-landmark-sustainability-study-reveals-what-it-will-take-to-get-to-a-greener-future\/\" target=\"_blank\" rel=\"noreferrer noopener\">priorit\u00e9<\/a>, \u00eatre capable de suivre, mesurer et comparer de mani\u00e8re coh\u00e9rente les donn\u00e9es sur les \u00e9missions sera essentiel pour atteindre nos objectifs.&nbsp;<br>\u202f&nbsp;<br>Suzanne&nbsp;<\/p>\n\n\n<h4 class=\"wp-block-heading\" id=\"news-to-know\">Nouvelles \u00e0 savoir\u00a0:<\/h4>\n\n\n<p><strong>Les Am\u00e9ricains sont d\u00e9termin\u00e9s \u00e0 voyager, malgr\u00e9 les pr\u00e9occupations inflationnistes<\/strong><\/p>\n\n\n\n<p><a href=\"https:\/\/www.travelagewest.com\/Industry-Insight\/Business-Features\/travel-insights-2022-asta-research?utm_source=NTGbox&amp;utm_medium=web&amp;utm_campaign=widget\">Les recherches de l&#039;ASTA indiquent que 401\u00a0TP3T de voyageurs d\u00e9pensent plus en voyages cette ann\u00e9e qu&#039;avant la pand\u00e9mie,<\/a> devan\u00e7ant l&#039;augmentation des d\u00e9penses consacr\u00e9es aux voitures (36%), \u00e0 l&#039;am\u00e9lioration de l&#039;habitat (32%), aux divertissements (31%) ou \u00e0 l&#039;\u00e9lectronique et \u00e0 la technologie (28%). Ce chiffre est encore plus \u00e9lev\u00e9 pour 2023, lorsque 75% des personnes interrog\u00e9es pr\u00e9voient de d\u00e9penser autant ou plus en voyages. <em>(L&#039;\u00e8re du voyage vers l&#039;Ouest)<\/em><\/p>\n\n\n\n<p><strong>L&#039;industrie du voyage exhorte Sunak \u00e0 assurer \u00ab la stabilit\u00e9 et la confiance \u00bb<\/strong><\/p>\n\n\n\n<p><a href=\"https:\/\/www.businesstravelnewseurope.com\/Management\/Travel-industry-urges-Sunak-to-provide-stability-and-confidence-\">Le dernier Premier ministre britannique, Rishi Sunak, a \u00e9t\u00e9 invit\u00e9 par les agences de voyages \u00e0 apporter \u00ab stabilit\u00e9, clart\u00e9 et confiance \u00bb aux entreprises du secteur.<\/a> apr\u00e8s des semaines de crise \u00e9conomique. L&#039;ancien chancelier Sunak succ\u00e8de au poste de Premier ministre de Liz Truss, qui d\u00e9missionne apr\u00e8s six semaines d\u00e9sastreuses \u00e0 la t\u00eate du pays. Sunak avait d\u00e9j\u00e0 perdu face \u00e0 Truss lors de la campagne \u00e0 la direction du Parti conservateur de cet \u00e9t\u00e9 pour remplacer Boris Johnson. <em>(BTN Europe)<\/em><\/p>\n\n\n\n<p><strong>Cinq raisons pour lesquelles les voyages d&#039;affaires a\u00e9riens ont chang\u00e9 de fa\u00e7on permanente<\/strong><\/p>\n\n\n\n<p><a href=\"https:\/\/www.forbes.com\/sites\/benbaldanza\/2022\/10\/07\/five-reasons-why-airline-business-travel-has-permanently-changed\/?sh=1c07a7ce7416\">Les voyages d\u2019affaires des compagnies a\u00e9riennes sont l\u2019\u00e9l\u00e9ment vital des plus grandes compagnies a\u00e9riennes am\u00e9ricaines et mondiales.<\/a> Lorsqu&#039;une entreprise paie la facture, les questions d&#039;horaire, de traitement \u00e0 l&#039;a\u00e9roport et en cabine, du programme de fid\u00e9lisation, etc., sont les plus importantes pour les voyageurs. En cons\u00e9quence, les voyageurs d\u2019affaires ont toujours pay\u00e9 des tarifs trois \u00e0 quatre fois plus \u00e9lev\u00e9s que les voyageurs d\u2019agr\u00e9ment, et parfois bien plus que cela. Toutes les grandes compagnies a\u00e9riennes am\u00e9ricaines ont b\u00e2ti leur activit\u00e9 pour attirer et retenir ce type de voyageurs. Cela affecte leur flotte, leurs horaires, la configuration des si\u00e8ges, l&#039;immobilier a\u00e9roportuaire, l&#039;organisation de la gestion, la strat\u00e9gie de distribution, les politiques d&#039;entreprise et presque tout ce que fait la compagnie a\u00e9rienne.<\/p>\n\n\n\n<p><strong>L&#039;industrie du voyage en Asie-Pacifique pourrait \u00eatre la premi\u00e8re \u00e0 se redresser d&#039;ici 2023<\/strong><\/p>\n\n\n\n<p><a href=\"https:\/\/www.cnbc.com\/2022\/10\/17\/when-will-asias-travel-industry-recover-maybe-as-soon-as-2023.html\">Un nouveau rapport indique que l&#039;industrie du voyage en Asie-Pacifique pourrait \u00eatre la seule au monde \u00e0 se redresser d&#039;ici 2023.<\/a>. Le rapport \u00ab Travel &amp; Tourism Economic Impact \u00bb de cette ann\u00e9e \u2013 une publication annuelle du World Travel &amp; Tourism Council, bas\u00e9 \u00e0 Londres \u2013 montre que, par rapport aux niveaux d&#039;avant la pand\u00e9mie, les revenus du tourisme en 2020 ont chut\u00e9 davantage en Asie-Pacifique (59%) que partout ailleurs. autre. Les efforts de relance dans la r\u00e9gion ont \u00e9t\u00e9 limit\u00e9s en 2021, la plupart des pays maintenant des restrictions strictes aux fronti\u00e8res. La contribution des revenus touristiques au produit int\u00e9rieur brut r\u00e9gional a augment\u00e9 d&#039;environ 16%, soit moins que les 28% en Europe et les 23% en Am\u00e9rique du Nord. <em>(CNBC)<\/em><\/p>\n\n\n<h4 class=\"wp-block-heading\" id=\"gbta-news-and-reminders\">Nouvelles et rappels GBTA\u00a0:<\/h4>\n\n\n<p><strong>Conf\u00e9rence GBTA 2022 \u2013 Bruxelles en partenariat avec VDR<\/strong><\/p>\n\n\n\n<p><a href=\"https:\/\/europeconference.gbta.org\/Registration\/?_ga=2.132225486.1731087071.1666015111-700578155.1638546971\">Conf\u00e9rence GBTA 2022 \u2013 Bruxelles en partenariat avec VDR<\/a> Du 8 au 10 novembre se tiendra la plus grande conf\u00e9rence europ\u00e9enne destin\u00e9e aux professionnels de la gestion des voyages d&#039;affaires et des r\u00e9unions. Il est important, plus que jamais, que nous nous r\u00e9unissions pour concevoir et \u00e9laborer de nouvelles strat\u00e9gies visant \u00e0 prot\u00e9ger notre industrie. Le c\u0153ur de la croissance de notre industrie r\u00e9side dans la valeur de nos relations. Que vous soyez Acheteur ou Fournisseur, c&#039;est en innovant ensemble qui fera avancer notre industrie. Participez \u00e0 la conf\u00e9rence GBTA 2022 \u2013 Bruxelles en partenariat avec VDR et vous reviendrez dans votre organisation arm\u00e9 de nouvelles connaissances, d&#039;expertise et de meilleures pratiques percutantes pour avancer avec succ\u00e8s alors que nous continuons \u00e0 pousser et \u00e0 nous pr\u00e9parer \u00e0 un retour en force des voyages d&#039;affaires.<\/p>\n\n\n\n<p><strong>Sommet GBTA sur la durabilit\u00e9<\/strong><\/p>\n\n\n\n<p>GBTA organisera son tout premier <a href=\"https:\/\/web-eur.cvent.com\/event\/f8f7c2e2-6c5a-4e7b-9fee-984cc212d093\/regPage:064844b0-0e3a-428f-aba1-2698f5fc9732\">Sommet mondial sur la durabilit\u00e9<\/a> le 8 novembre 2022 \u00e0 Bruxelles, autour du th\u00e8me &quot;Driver Action on the Race to Net Zero&quot;. Cet \u00e9v\u00e9nement d&#039;une journ\u00e9e de haut niveau rassemblera des experts, des industriels et des dirigeants politiques pour pr\u00e9senter des solutions concr\u00e8tes pour d\u00e9carboner les voyages d&#039;affaires, conform\u00e9ment aux objectifs climatiques de Paris \u2013 et parall\u00e8lement au 27e Sommet des Nations Unies sur le climat (COP 27), qui se d\u00e9roulera lieu en Egypte du 7 au 18 novembre.<\/p>\n\n\n\n<p><strong>PATA \u2013 Sommet des voyages GBTA APAC 2022<\/strong><\/p>\n\n\n\n<p>La Pacific Asia Travel Association (PATA), en partenariat avec la Global Business Travel Association (GBTA), organisera sa premi\u00e8re \u00e9dition <a href=\"https:\/\/web.cvent.com\/event\/280e5be0-5a58-4285-9e62-b3fbd3dc05e2\/regProcessStep1\">Sommet des voyages PATA et GBTA APAC<\/a> au nouveau Queen Sirikit National Convention Center (QSNCC) ultramoderne \u00e0 Bangkok, en Tha\u00eflande, du 8 au 9 d\u00e9cembre 2022.<\/p>\n\n\n\n<p><\/p>","protected":false},"excerpt":{"rendered":"<p>Mettre les mots en action pour des voyages d&#039;affaires durables Nous sommes tous en faveur de Bruxelles ! La demande est forte pour notre Sommet sur le d\u00e9veloppement durable le 8 novembre. Et pour la Conf\u00e9rence europ\u00e9enne du 8 au 10 novembre, avec des participants de plus de 24 pays d\u00e9j\u00e0 inscrits \u2013 cela repr\u00e9sente deux fois plus d&#039;acheteurs inscrits que de participants \u00e0 notre \u00e9v\u00e9nement de Berlin\u2026<\/p>","protected":false},"author":17,"featured_media":0,"comment_status":"closed","ping_status":"closed","sticky":false,"template":"","format":"standard","meta":{"_acf_changed":false,"_seopress_robots_primary_cat":"none","_seopress_titles_title":"","_seopress_titles_desc":"","_seopress_robots_index":"","om_disable_all_campaigns":false,"_relevanssi_hide_post":"","_relevanssi_hide_content":"","_relevanssi_pin_for_all":"","_relevanssi_pin_keywords":"","_relevanssi_unpin_keywords":"","_relevanssi_related_keywords":"","_relevanssi_related_include_ids":"","_relevanssi_related_exclude_ids":"","_relevanssi_related_no_append":"","_relevanssi_related_not_related":"","_relevanssi_related_posts":"1,415,661,662,664,666","_relevanssi_noindex_reason":"","_kad_blocks_custom_css":"","_kad_blocks_head_custom_js":"","_kad_blocks_body_custom_js":"","_kad_blocks_footer_custom_js":"","_kad_post_transparent":"","_kad_post_title":"","_kad_post_layout":"","_kad_post_sidebar_id":"","_kad_post_content_style":"","_kad_post_vertical_padding":"","_kad_post_feature":"","_kad_post_feature_position":"","_kad_post_header":false,"_kad_post_footer":false,"footnotes":"","_links_to":"","_links_to_target":""},"categories":[280],"tags":[1450],"class_list":["post-7821","post","type-post","status-publish","format-standard","hentry","category-sustainability","tag-check-in-with-suzanne"],"acf":[],"featured_image_src_large":false,"author_info":{"display_name":"","author_link":"https:\/\/gbta.org\/fr\/author\/"},"comment_info":"","category_info":[{"term_id":280,"name":"Sustainability","slug":"sustainability","term_group":0,"term_taxonomy_id":280,"taxonomy":"category","description":"","parent":0,"count":130,"filter":"raw","cat_ID":280,"category_count":130,"category_description":"","cat_name":"Sustainability","category_nicename":"sustainability","category_parent":0}],"tag_info":[{"term_id":1450,"name":"Check-in with Suzanne","slug":"check-in-with-suzanne","term_group":0,"term_taxonomy_id":1450,"taxonomy":"post_tag","description":"","parent":0,"count":47,"filter":"raw"}],"taxonomy_info":{"category":[{"value":280,"label":"Sustainability"}],"post_tag":[{"value":1450,"label":"Check-in with Suzanne"}]},"featured_image_src":null,"featured_image_src_square":null,"mfb_rest_fields":["featured_image_src_large","author_info","comment_info","category_info","tag_info","taxonomy_info","featured_image_src","featured_image_src_square"],"_links":{"self":[{"href":"https:\/\/gbta.org\/fr\/wp-json\/wp\/v2\/posts\/7821","targetHints":{"allow":["GET"]}}],"collection":[{"href":"https:\/\/gbta.org\/fr\/wp-json\/wp\/v2\/posts"}],"about":[{"href":"https:\/\/gbta.org\/fr\/wp-json\/wp\/v2\/types\/post"}],"author":[{"embeddable":true,"href":"https:\/\/gbta.org\/fr\/wp-json\/wp\/v2\/users\/17"}],"replies":[{"embeddable":true,"href":"https:\/\/gbta.org\/fr\/wp-json\/wp\/v2\/comments?post=7821"}],"version-history":[{"count":0,"href":"https:\/\/gbta.org\/fr\/wp-json\/wp\/v2\/posts\/7821\/revisions"}],"wp:attachment":[{"href":"https:\/\/gbta.org\/fr\/wp-json\/wp\/v2\/media?parent=7821"}],"wp:term":[{"taxonomy":"category","embeddable":true,"href":"https:\/\/gbta.org\/fr\/wp-json\/wp\/v2\/categories?post=7821"},{"taxonomy":"post_tag","embeddable":true,"href":"https:\/\/gbta.org\/fr\/wp-json\/wp\/v2\/tags?post=7821"}],"curies":[{"name":"wp","href":"https:\/\/api.w.org\/{rel}","templated":true}]}}