{"id":7996,"date":"2022-11-10T01:44:45","date_gmt":"2022-11-10T06:44:45","guid":{"rendered":"https:\/\/gbta.org\/?p=7996"},"modified":"2022-11-10T01:44:49","modified_gmt":"2022-11-10T06:44:49","slug":"fcm-expands-european-footprint-into-spain","status":"publish","type":"post","link":"https:\/\/gbta.org\/fr\/fcm-expands-european-footprint-into-spain\/","title":{"rendered":"FCM \u00c9LARGIT L&#039;EMPREINTE EUROP\u00c9ENNE EN ESPAGNE\u00a0"},"content":{"rendered":"<p><strong><em>Ouverture d&#039;un bureau de Barcelone pour r\u00e9pondre aux besoins croissants en mati\u00e8re de voyages d&#039;affaires des clients et prospects&nbsp;<\/em><\/strong><\/p>\n\n\n\n<p><em>10 novembre 2022<\/em> \u2013 Soci\u00e9t\u00e9 mondiale de gestion de voyages <a href=\"http:\/\/www.fcmtravel.com\/\"><strong>FCM<\/strong><\/a><a href=\"http:\/\/www.fcmtravel.com\/\"> <\/a>a annonc\u00e9 aujourd&#039;hui qu&#039;elle renforce ses capacit\u00e9s de service dans toute l&#039;Espagne gr\u00e2ce \u00e0 l&#039;ouverture d&#039;un nouveau bureau de Barcelone d\u00e9tenu et exploit\u00e9 par FCM et dot\u00e9 d&#039;une \u00e9quipe d\u00e9di\u00e9e de consultants experts.&nbsp;<\/p>\n\n\n\n<p>Pr\u00e9c\u00e9demment soutenu par des partenariats avec des agences locales, l&#039;introduction d&#039;une strat\u00e9gie de commercialisation directe signifie que le portefeuille de grands clients nationaux et multinationaux de l&#039;entreprise b\u00e9n\u00e9ficiera directement d&#039;investissements suppl\u00e9mentaires, de nouvelles solutions et de technologies con\u00e7ues sp\u00e9cifiquement pour ce march\u00e9 cl\u00e9.&nbsp;&nbsp;<\/p>\n\n\n\n<p>Selon Marcus Eklund, directeur g\u00e9n\u00e9ral mondial de FCM, la d\u00e9cision d&#039;investir en Espagne a \u00e9t\u00e9 motiv\u00e9e par l&#039;\u00e9volution des exigences des clients, tout en reconnaissant les opportunit\u00e9s de d\u00e9veloppement commercial consid\u00e9rables offertes par le sixi\u00e8me pays le plus peupl\u00e9 d&#039;Europe.<\/p>\n\n\n\n<p>&quot;Nous sommes ravis de consolider notre pr\u00e9sence ib\u00e9rique et de ma\u00eetriser pleinement l&#039;exp\u00e9rience client des clients locaux ainsi que des entreprises mondiales ayant des op\u00e9rations en Espagne&quot;, a d\u00e9clar\u00e9 Eklund. \u00ab\u00a0En passant \u00e0 une strat\u00e9gie de vente directe au march\u00e9, nous pouvons fournir un service de gestion de voyages enti\u00e8rement flexible et personnalis\u00e9 tout en renfor\u00e7ant notre capacit\u00e9 \u00e0 identifier et \u00e0 combler les lacunes du march\u00e9.\u00a0\u00bb&nbsp;&nbsp;&nbsp;<\/p>\n\n\n\n<p>Avec des consultants en voyages bas\u00e9s \u00e0 Madrid et Barcelone, FCM g\u00e8re localement un portefeuille de plus de 50 clients dans des secteurs d&#039;activit\u00e9 tels que les produits de grande consommation, les produits pharmaceutiques, la banque et l&#039;industrie manufacturi\u00e8re, avec plusieurs nouveaux comptes ouverts au cours du seul mois dernier.&nbsp;<\/p>\n\n\n\n<p>La soci\u00e9t\u00e9 organise \u00e9galement des voyages sur le terrain pour plusieurs entreprises mondiales ayant des int\u00e9r\u00eats commerciaux dans toute l&#039;Espagne, telles que BASF, AXA, Parexel et Procter &amp; Gamble, pour n&#039;en nommer que quelques-unes.&nbsp;<\/p>\n\n\n\n<p>L&#039;\u00e9quipe bas\u00e9e \u00e0 Barcelone est dirig\u00e9e par Solenn Le Brazidec, une v\u00e9t\u00e9ran de 20 ans de l&#039;industrie du voyage, qui supervise les activit\u00e9s de FCM en France, en Suisse et maintenant en Espagne, et a \u00e9t\u00e9 charg\u00e9e de d\u00e9velopper des relations strat\u00e9giques avec les fournisseurs locaux et, \u00e0 terme, d&#039;\u00e9largir la client\u00e8le de FCM. &nbsp;<\/p>\n\n\n\n<p>\u00ab Nous sommes ravis d&#039;\u00e9tendre notre pr\u00e9sence dans le pays avec l&#039;ouverture du tout nouveau bureau de FCM et d&#039;offrir \u00e0 nos clients et prospects un niveau de service plus approfondi \u00bb, a d\u00e9clar\u00e9 Le Brazidec.&nbsp;<\/p>\n\n\n\n<p>Gr\u00e2ce \u00e0 cet alignement plus profond \u00e0 l&#039;\u00e9chelle de la r\u00e9gion, FCM vise \u00e0 accro\u00eetre davantage la standardisation de ses processus, ainsi que la qualit\u00e9 de ses services gr\u00e2ce \u00e0 une plus grande coh\u00e9rence globale, de meilleurs services, une meilleure gestion des donn\u00e9es et un meilleur suivi des SLA (Service Level Agreements).<\/p>\n\n\n\n<p>Le Brazidec a ajout\u00e9 : \u00ab Cette int\u00e9gration dans les syst\u00e8mes mondiaux de FCM signifie que nous serons en mesure de fournir aux clients une v\u00e9ritable exp\u00e9rience FCM de bout en bout. Je suis vraiment heureux que FCM<\/p>\n\n\n\n<p>L&#039;Espagne peut d\u00e9sormais jouer un r\u00f4le plus important en soutenant les clients des multinationales sur ce march\u00e9, au sein<\/p>\n\n\n\n<p>Europe et dans le monde. \u00bb&nbsp;<\/p>\n\n\n\n<p>Ce nouveau bureau s&#039;appuie sur la pr\u00e9sence existante de FCM en Espagne, o\u00f9 la soci\u00e9t\u00e9 exploite d\u00e9j\u00e0 FCM Lab, une plateforme mondiale d&#039;experts en technologie d\u00e9di\u00e9e au d\u00e9veloppement, au test et \u00e0 la fourniture de nouvelles solutions technologiques de voyage.&nbsp;<\/p>\n\n\n<h4 class=\"wp-block-heading\" id=\"about-fcm\">\u00c0 propos de la FCM<\/h4>\n\n\n<p>FCM est l&#039;une des plus grandes soci\u00e9t\u00e9s de gestion de voyages au monde, avec une pr\u00e9sence 24h\/24 et 7j\/7 dans plus de 100 pays. En tant que partenaire de voyage de confiance pour des milliers d&#039;organisations nationales et multinationales, y compris de nombreuses marques grand public, soci\u00e9t\u00e9s Fortune et FTSE 100, la plateforme technologique agile et flexible de FCM anticipe et r\u00e9pond aux besoins des clients soutenue par des \u00e9quipes d&#039;experts qui fournissent une connaissance locale approfondie et un devoir de diligence. dans le cadre d\u2019une exp\u00e9rience de voyage d\u2019affaires personnalis\u00e9e ultime. En tant que division phare des voyages d&#039;affaires du Flight Centre Travel Group, cot\u00e9 \u00e0 l&#039;ASX, FCM est en mesure de n\u00e9gocier et de fournir l&#039;acc\u00e8s au plus vaste r\u00e9seau de tarifs a\u00e9riens, d&#039;h\u00f4tels et de transports terrestres pour des solutions uniques et au meilleur rapport qualit\u00e9-prix. La soci\u00e9t\u00e9 a r\u00e9cemment lanc\u00e9 sa nouvelle plate-forme omnicanale offrant une exp\u00e9rience utilisateur personnalis\u00e9e de bout en bout, la premi\u00e8re du genre, qui sera disponible pour les nouveaux clients en 2022. D\u00e9couvrez l&#039;alternative sur <a href=\"http:\/\/www.fcmtravel.com\/\">www.fcmtravel.com<\/a><a href=\"http:\/\/www.fcmtravel.com\/\"><\/a><\/p>","protected":false},"excerpt":{"rendered":"<p>Ouverture d&#039;un bureau de Barcelone pour r\u00e9pondre aux besoins croissants des clients et prospects en mati\u00e8re de voyages d&#039;affaires 10 novembre 2022 \u2013 La soci\u00e9t\u00e9 mondiale de gestion de voyages FCM a annonc\u00e9 aujourd&#039;hui qu&#039;elle renforce ses capacit\u00e9s de service dans toute l&#039;Espagne gr\u00e2ce \u00e0 l&#039;ouverture d&#039;un nouveau bureau de Barcelone d\u00e9tenu et exploit\u00e9 par FCM et dot\u00e9 d&#039;une \u00e9quipe d\u00e9di\u00e9e. de consultants experts. Auparavant assist\u00e9 par une agence locale\u2026<\/p>","protected":false},"author":14,"featured_media":0,"comment_status":"closed","ping_status":"closed","sticky":false,"template":"","format":"standard","meta":{"_acf_changed":false,"_seopress_robots_primary_cat":"none","_seopress_titles_title":"","_seopress_titles_desc":"","_seopress_robots_index":"","om_disable_all_campaigns":false,"_relevanssi_hide_post":"","_relevanssi_hide_content":"","_relevanssi_pin_for_all":"","_relevanssi_pin_keywords":"","_relevanssi_unpin_keywords":"","_relevanssi_related_keywords":"","_relevanssi_related_include_ids":"","_relevanssi_related_exclude_ids":"","_relevanssi_related_no_append":"","_relevanssi_related_not_related":"","_relevanssi_related_posts":"1,415,661,662,664,666","_relevanssi_noindex_reason":"","_kad_blocks_custom_css":"","_kad_blocks_head_custom_js":"","_kad_blocks_body_custom_js":"","_kad_blocks_footer_custom_js":"","_kad_post_transparent":"","_kad_post_title":"","_kad_post_layout":"","_kad_post_sidebar_id":"","_kad_post_content_style":"","_kad_post_vertical_padding":"","_kad_post_feature":"","_kad_post_feature_position":"","_kad_post_header":false,"_kad_post_footer":false,"footnotes":"","_links_to":"","_links_to_target":""},"categories":[45],"tags":[],"class_list":["post-7996","post","type-post","status-publish","format-standard","hentry","category-news-and-press-releases"],"acf":[],"featured_image_src_large":false,"author_info":{"display_name":"","author_link":"https:\/\/gbta.org\/fr\/author\/"},"comment_info":"","category_info":[{"term_id":45,"name":"News and Press Releases","slug":"news-and-press-releases","term_group":0,"term_taxonomy_id":45,"taxonomy":"category","description":"","parent":0,"count":541,"filter":"raw","cat_ID":45,"category_count":541,"category_description":"","cat_name":"News and Press Releases","category_nicename":"news-and-press-releases","category_parent":0}],"tag_info":false,"taxonomy_info":{"category":[{"value":45,"label":"News and Press Releases"}]},"featured_image_src":null,"featured_image_src_square":null,"mfb_rest_fields":["featured_image_src_large","author_info","comment_info","category_info","tag_info","taxonomy_info","featured_image_src","featured_image_src_square"],"_links":{"self":[{"href":"https:\/\/gbta.org\/fr\/wp-json\/wp\/v2\/posts\/7996","targetHints":{"allow":["GET"]}}],"collection":[{"href":"https:\/\/gbta.org\/fr\/wp-json\/wp\/v2\/posts"}],"about":[{"href":"https:\/\/gbta.org\/fr\/wp-json\/wp\/v2\/types\/post"}],"author":[{"embeddable":true,"href":"https:\/\/gbta.org\/fr\/wp-json\/wp\/v2\/users\/14"}],"replies":[{"embeddable":true,"href":"https:\/\/gbta.org\/fr\/wp-json\/wp\/v2\/comments?post=7996"}],"version-history":[{"count":0,"href":"https:\/\/gbta.org\/fr\/wp-json\/wp\/v2\/posts\/7996\/revisions"}],"wp:attachment":[{"href":"https:\/\/gbta.org\/fr\/wp-json\/wp\/v2\/media?parent=7996"}],"wp:term":[{"taxonomy":"category","embeddable":true,"href":"https:\/\/gbta.org\/fr\/wp-json\/wp\/v2\/categories?post=7996"},{"taxonomy":"post_tag","embeddable":true,"href":"https:\/\/gbta.org\/fr\/wp-json\/wp\/v2\/tags?post=7996"}],"curies":[{"name":"wp","href":"https:\/\/api.w.org\/{rel}","templated":true}]}}