{"id":889,"date":"2022-07-20T09:37:45","date_gmt":"2022-07-20T13:37:45","guid":{"rendered":"https:\/\/gbta.org\/italy-an-economic-struggle-hurts-business-travel\/"},"modified":"2022-08-11T11:33:07","modified_gmt":"2022-08-11T15:33:07","slug":"italy-an-economic-struggle-hurts-business-travel","status":"publish","type":"post","link":"https:\/\/gbta.org\/fr\/italy-an-economic-struggle-hurts-business-travel\/","title":{"rendered":"Italie : une lutte \u00e9conomique nuit aux voyages d&#039;affaires"},"content":{"rendered":"<p>Les mauvaises perspectives \u00e9conomiques continuent de peser sur le march\u00e9 italien des voyages d&#039;affaires selon le<a title=\"Pr\u00e9visions pour l&#039;Europe de l&#039;Ouest\" href=\"http:\/\/www.prnewswire.com\/news-releases\/gbta-foundation-forecasts-western-europe-business-travel-spend-to-grow-in-2014-and-2015-282547611.html\" target=\"_blank\" rel=\"noopener\"> pr\u00e9visions r\u00e9centes sur les voyages d&#039;affaires de la Fondation GBTA en Europe de l&#039;Ouest.<\/a> Le travail et les march\u00e9s italiens manquent toujours des r\u00e9formes structurelles et politiques n\u00e9cessaires pour remettre l&#039;\u00e9conomie sur pied.<\/p>\n<p>Les d\u00e9penses en voyages d&#039;affaires en Italie n&#039;ont augment\u00e9 que de 1,3 % en 2014 pour atteindre $31 milliards USD. Alors que la direction des voyages d&#039;affaires devrait rester positive en 2015 pour l&#039;Italie, il s&#039;agit du march\u00e9 \u00e0 la croissance la plus lente dans nos pr\u00e9visions pour l&#039;Europe de l&#039;Ouest avec une croissance projet\u00e9e de seulement 1 %. Les perspectives ne sont que l\u00e9g\u00e8rement meilleures pour 2016, car les d\u00e9penses li\u00e9es aux voyages d&#039;affaires devraient progresser de 1,8 %.<\/p>\n<p><a href=\"http:\/\/blog.gbta.org\/wp-content\/uploads\/2015\/06\/Italypci1_WesternEurope2015H1.jpg\"><img loading=\"lazy\" decoding=\"async\" class=\"aligncenter size-medium wp-image-950\" src=\"http:\/\/blog.gbta.org\/wp-content\/uploads\/2015\/06\/Italypci1_WesternEurope2015H1-300x173.jpg\" alt=\"Italypci1_WesternEurope2015H1\" width=\"300\" height=\"173\" \/><\/a><\/p>\n<p>Consultez \u00e9galement les <a title=\"5 points cl\u00e9s \u00e0 retenir des pr\u00e9visions de GBTA sur les voyages d&#039;affaires en Europe occidentale\" href=\"http:\/\/blog.gbta.org\/2015\/06\/15\/5-key-takeaways-from-gbtas-western-europe-business-travel-forecast\/\" target=\"_blank\" rel=\"noopener\">5 points cl\u00e9s \u00e0 retenir de l&#039;ensemble des pr\u00e9visions pour l&#039;Europe occidentale<\/a>.<\/p>","protected":false},"excerpt":{"rendered":"<p>Les mauvaises perspectives \u00e9conomiques continuent de peser sur le march\u00e9 italien des voyages d&#039;affaires, selon les r\u00e9centes pr\u00e9visions de voyages d&#039;affaires en Europe occidentale de la GBTA Foundation. Le travail et les march\u00e9s italiens manquent toujours des r\u00e9formes structurelles et politiques n\u00e9cessaires pour remettre l&#039;\u00e9conomie sur pied. Les d\u00e9penses en voyages d&#039;affaires en Italie n&#039;ont augment\u00e9 que de 1,3\u2026<\/p>","protected":false},"author":25,"featured_media":0,"comment_status":"open","ping_status":"open","sticky":false,"template":"","format":"standard","meta":{"_acf_changed":false,"_seopress_robots_primary_cat":"","_seopress_titles_title":"","_seopress_titles_desc":"","_seopress_robots_index":"","om_disable_all_campaigns":false,"_relevanssi_hide_post":"","_relevanssi_hide_content":"","_relevanssi_pin_for_all":"","_relevanssi_pin_keywords":"","_relevanssi_unpin_keywords":"","_relevanssi_related_keywords":"","_relevanssi_related_include_ids":"","_relevanssi_related_exclude_ids":"","_relevanssi_related_no_append":"","_relevanssi_related_not_related":"","_relevanssi_related_posts":"","_relevanssi_noindex_reason":"","_kad_blocks_custom_css":"","_kad_blocks_head_custom_js":"","_kad_blocks_body_custom_js":"","_kad_blocks_footer_custom_js":"","_kad_post_transparent":"","_kad_post_title":"","_kad_post_layout":"","_kad_post_sidebar_id":"","_kad_post_content_style":"","_kad_post_vertical_padding":"","_kad_post_feature":"","_kad_post_feature_position":"","_kad_post_header":false,"_kad_post_footer":false,"footnotes":"","_links_to":"","_links_to_target":""},"categories":[37],"tags":[48,103,95,165,152,229,155],"class_list":["post-889","post","type-post","status-publish","format-standard","hentry","category-research-and-travel-trends","tag-business-travel","tag-economy","tag-forecast","tag-gbta-foundation","tag-italy","tag-struggle","tag-western-europe"],"acf":[],"featured_image_src_large":false,"author_info":{"display_name":"jcampbell","author_link":"https:\/\/gbta.org\/fr\/author\/jcampbell\/"},"comment_info":"","category_info":[{"term_id":37,"name":"Research and Travel Trends","slug":"research-and-travel-trends","term_group":0,"term_taxonomy_id":37,"taxonomy":"category","description":"","parent":0,"count":966,"filter":"raw","cat_ID":37,"category_count":966,"category_description":"","cat_name":"Research and Travel Trends","category_nicename":"research-and-travel-trends","category_parent":0}],"tag_info":[{"term_id":48,"name":"business travel","slug":"business-travel","term_group":0,"term_taxonomy_id":48,"taxonomy":"post_tag","description":"","parent":0,"count":416,"filter":"raw"},{"term_id":103,"name":"economy","slug":"economy","term_group":0,"term_taxonomy_id":103,"taxonomy":"post_tag","description":"","parent":0,"count":81,"filter":"raw"},{"term_id":95,"name":"forecast","slug":"forecast","term_group":0,"term_taxonomy_id":95,"taxonomy":"post_tag","description":"","parent":0,"count":55,"filter":"raw"},{"term_id":165,"name":"GBTA Foundation","slug":"gbta-foundation","term_group":0,"term_taxonomy_id":165,"taxonomy":"post_tag","description":"","parent":0,"count":122,"filter":"raw"},{"term_id":152,"name":"Italy","slug":"italy","term_group":0,"term_taxonomy_id":152,"taxonomy":"post_tag","description":"","parent":0,"count":5,"filter":"raw"},{"term_id":229,"name":"struggle","slug":"struggle","term_group":0,"term_taxonomy_id":229,"taxonomy":"post_tag","description":"","parent":0,"count":2,"filter":"raw"},{"term_id":155,"name":"Western Europe","slug":"western-europe","term_group":0,"term_taxonomy_id":155,"taxonomy":"post_tag","description":"","parent":0,"count":10,"filter":"raw"}],"taxonomy_info":{"category":[{"value":37,"label":"Research and Travel Trends"}],"post_tag":[{"value":48,"label":"business travel"},{"value":103,"label":"economy"},{"value":95,"label":"forecast"},{"value":165,"label":"GBTA Foundation"},{"value":152,"label":"Italy"},{"value":229,"label":"struggle"},{"value":155,"label":"Western Europe"}]},"featured_image_src":null,"featured_image_src_square":null,"mfb_rest_fields":["featured_image_src_large","author_info","comment_info","category_info","tag_info","taxonomy_info","featured_image_src","featured_image_src_square"],"_links":{"self":[{"href":"https:\/\/gbta.org\/fr\/wp-json\/wp\/v2\/posts\/889","targetHints":{"allow":["GET"]}}],"collection":[{"href":"https:\/\/gbta.org\/fr\/wp-json\/wp\/v2\/posts"}],"about":[{"href":"https:\/\/gbta.org\/fr\/wp-json\/wp\/v2\/types\/post"}],"author":[{"embeddable":true,"href":"https:\/\/gbta.org\/fr\/wp-json\/wp\/v2\/users\/25"}],"replies":[{"embeddable":true,"href":"https:\/\/gbta.org\/fr\/wp-json\/wp\/v2\/comments?post=889"}],"version-history":[{"count":0,"href":"https:\/\/gbta.org\/fr\/wp-json\/wp\/v2\/posts\/889\/revisions"}],"wp:attachment":[{"href":"https:\/\/gbta.org\/fr\/wp-json\/wp\/v2\/media?parent=889"}],"wp:term":[{"taxonomy":"category","embeddable":true,"href":"https:\/\/gbta.org\/fr\/wp-json\/wp\/v2\/categories?post=889"},{"taxonomy":"post_tag","embeddable":true,"href":"https:\/\/gbta.org\/fr\/wp-json\/wp\/v2\/tags?post=889"}],"curies":[{"name":"wp","href":"https:\/\/api.w.org\/{rel}","templated":true}]}}