{"id":9195,"date":"2023-02-15T07:00:00","date_gmt":"2023-02-15T12:00:00","guid":{"rendered":"https:\/\/gbta.org\/?p=9195"},"modified":"2024-03-01T11:54:39","modified_gmt":"2024-03-01T16:54:39","slug":"gbta-winit-elects-new-advisory-leaders-launches-international-womens-day-event","status":"publish","type":"post","link":"https:\/\/gbta.org\/fr\/gbta-winit-elects-new-advisory-leaders-launches-international-womens-day-event\/","title":{"rendered":"<strong>GBTA WINiT \u00e9lit de nouveaux dirigeants consultatifs et lance l&#039;\u00e9v\u00e9nement de la Journ\u00e9e internationale de la femme<\/strong>&nbsp;"},"content":{"rendered":"<p><a href=\"https:\/\/www.internationalwomensday.com\/\" target=\"_blank\" rel=\"noreferrer noopener\">Journ\u00e9e internationale de la femme<\/a>le 8 mars est une \u00ab journ\u00e9e mondiale c\u00e9l\u00e9brant les r\u00e9alisations sociales, \u00e9conomiques, culturelles et politiques des femmes \u00bb. Cette journ\u00e9e marque \u00e9galement un appel \u00e0 l&#039;action pour acc\u00e9l\u00e9rer l&#039;\u00e9galit\u00e9 des femmes. Marquez votre calendrier pour rejoindre GBTA WINiT pour un \u00e9v\u00e9nement virtuel en direct : \u00ab<strong>C\u00e9l\u00e9brons nos voix \u00e0 l&#039;occasion de la Journ\u00e9e internationale de la femme. Une journ\u00e9e pour #EmbraceEquity\u00a0\u00bb<\/strong> (<a href=\"https:\/\/gbta.org\/fr\/event\/celebrating-our-voices-on-international-womens-day-a-day-to-embraceequity\/\" target=\"_blank\" rel=\"noreferrer noopener\">Inscrivez-vous ici<\/a>)&nbsp;<br>&nbsp;<br>L\u2019\u00e9v\u00e9nement WINiT est gratuit et ouvert \u00e0 tous. Rejoignez cette c\u00e9l\u00e9bration des voix et des r\u00e9alisations des femmes dans le cadre de cet engagement mondial et de cette action collective pour faire progresser l&#039;\u00e9galit\u00e9 des femmes. &nbsp;<br>&nbsp;<br>GBTA WINiT accueille \u00e9galement deux nouveaux leaders \u00e9lus de l&#039;industrie au sein de son conseil consultatif strat\u00e9gique\u00a0: <strong>Patricia Huska<\/strong>, directeur des ressources humaines chez American Express GBT et <strong>Laura Smith<\/strong>, vice-pr\u00e9sident ex\u00e9cutif des ventes mondiales et de l&#039;exp\u00e9rience client chez Hertz Corporation.&nbsp;<br>&nbsp;<br>Patricia et Laura ont toutes deux fait partie du conseil consultatif de WINiT et ont \u00e9t\u00e9 des dirigeantes actives du comit\u00e9. Ils partageront le poste r\u00e9cemment occup\u00e9 par Beth Kinerk, qui quitte son poste pour se concentrer sur son nouveau r\u00f4le de vice-pr\u00e9sidente du GBTA Allied Leadership Council. &nbsp;<br>&nbsp;<br>Comme GBTA <a href=\"https:\/\/gbtafoundation.org\/winit\/\" target=\"_blank\" rel=\"noreferrer noopener\">Gagne le<\/a> se d\u00e9place dans le <a href=\"https:\/\/gbtafoundation.org\/\" target=\"_blank\" rel=\"noreferrer noopener\">Fondation GBTA<\/a> en tant que programme de sa mission \u00ab\u00a0People and Planet\u00a0\u00bb, les dirigeants de WINiT s&#039;engagent \u00e0 acc\u00e9l\u00e9rer l&#039;avancement de toutes les femmes et \u00e0 jeter les bases d&#039;un lieu de travail diversifi\u00e9, \u00e9quitable et inclusif, en continuant \u00e0 progresser vers l&#039;\u00e9quit\u00e9 entre les sexes dans l&#039;industrie du voyage d&#039;affaires. .&nbsp; &nbsp;<br>&nbsp;<br>Beth Kinerk a d\u00e9clar\u00e9 : \u00ab \u00c0 ma famille WINiT, merci de m&#039;avoir permis d&#039;occuper le poste de vice-pr\u00e9sidente. Bien que je quitte mon poste de vice-pr\u00e9sident de WINiT afin de me concentrer sur mon nouveau r\u00f4le de vice-pr\u00e9sident de l&#039;Allied Leadership Council (ALC), je poursuivrai mon engagement en si\u00e9geant au conseil consultatif de WINiT. Mon plaidoyer et ma passion pour notre cause collective de sensibilisation et d\u2019inclusion restent plus forts que jamais.&nbsp;<br>&nbsp;<br>Je tiens \u00e0 remercier Mick Lee et Dorothy Dowling de m&#039;avoir offert ce privil\u00e8ge d&#039;occuper le poste de vice-pr\u00e9sident. Votre inspiration et votre amiti\u00e9 sont quelque chose que je ch\u00e9ris toujours. Je tiens \u00e9galement \u00e0 remercier Laura Smith et Patty Huska d&#039;avoir assum\u00e9 la responsabilit\u00e9 de diriger et de d\u00e9velopper WINiT. Nous sommes entre de bonnes mains et comp\u00e9tentes avec vous deux.&nbsp;&nbsp;<\/p>\n\n\n\n<p>Michelle \u00ab Mick \u00bb Lee a d\u00e9clar\u00e9 : \u00ab En ao\u00fbt 2022, j&#039;ai inform\u00e9 le conseil d&#039;administration de WINiT qu&#039;il \u00e9tait important que nous commencions le processus de planification de la succession au sein de l&#039;\u00e9quipe de direction de WINiT. &nbsp;<br>&nbsp;<br>Beth est une partisane, une d\u00e9fenseure et une conseill\u00e8re de WINiT depuis 2015. Je suis incroyablement reconnaissante pour l&#039;impact qu&#039;elle a eu sur l&#039;organisation et sur moi personnellement, et c&#039;est merveilleux que nous puissions b\u00e9n\u00e9ficier de sa pr\u00e9sence continue sur le Conseil.&nbsp;<\/p>\n\n\n\n<p>La r\u00e9cente nomination de Beth \u00e0 l&#039;ALC a donn\u00e9 l&#039;occasion \u00e0 deux de nos membres exp\u00e9riment\u00e9s et exp\u00e9riment\u00e9s du conseil d&#039;administration d&#039;\u00eatre nomm\u00e9s aux postes de co-vice-pr\u00e9sidente \u2013 Laura et Patti. Je pense qu&#039;ils feront des partenaires exceptionnels et Dorothy Dowling, notre conseill\u00e8re principale, et j&#039;ai h\u00e2te de travailler avec eux. Cette nouvelle structure garantira une transition en douceur et, \u00e0 terme, l&#039;\u00e9volution continue du leadership de WINiT.&nbsp;<\/p>","protected":false},"excerpt":{"rendered":"<p>La Journ\u00e9e internationale de la femme, le 8 mars, est une \u00ab journ\u00e9e mondiale c\u00e9l\u00e9brant les r\u00e9alisations sociales, \u00e9conomiques, culturelles et politiques des femmes. Cette journ\u00e9e marque \u00e9galement un appel \u00e0 l&#039;action pour acc\u00e9l\u00e9rer l&#039;\u00e9galit\u00e9 des femmes. Marquez votre calendrier pour rejoindre GBTA WINiT pour un \u00e9v\u00e9nement virtuel en direct : \u00ab C\u00e9l\u00e9brons nos voix \u00e0 l&#039;occasion de la Journ\u00e9e internationale de la femme. Une journ\u00e9e pour #EmbraceEquity \u00bb(inscrivez-vous\u2026<\/p>","protected":false},"author":14,"featured_media":0,"comment_status":"closed","ping_status":"closed","sticky":false,"template":"","format":"standard","meta":{"_acf_changed":false,"_seopress_robots_primary_cat":"none","_seopress_titles_title":"","_seopress_titles_desc":"","_seopress_robots_index":"","om_disable_all_campaigns":false,"_relevanssi_hide_post":"","_relevanssi_hide_content":"","_relevanssi_pin_for_all":"","_relevanssi_pin_keywords":"","_relevanssi_unpin_keywords":"","_relevanssi_related_keywords":"","_relevanssi_related_include_ids":"","_relevanssi_related_exclude_ids":"","_relevanssi_related_no_append":"","_relevanssi_related_not_related":"","_relevanssi_related_posts":"1,415,662,664,666,667","_relevanssi_noindex_reason":"","_kad_blocks_custom_css":"","_kad_blocks_head_custom_js":"","_kad_blocks_body_custom_js":"","_kad_blocks_footer_custom_js":"","_kad_post_transparent":"","_kad_post_title":"","_kad_post_layout":"","_kad_post_sidebar_id":"","_kad_post_content_style":"","_kad_post_vertical_padding":"","_kad_post_feature":"","_kad_post_feature_position":"","_kad_post_header":false,"_kad_post_footer":false,"footnotes":"","_links_to":"","_links_to_target":""},"categories":[1401,1516,1152,1439],"tags":[],"class_list":["post-9195","post","type-post","status-publish","format-standard","hentry","category-diversity-equity-inclusion","category-foundation","category-meetings-and-events","category-winit"],"acf":[],"featured_image_src_large":false,"author_info":{"display_name":"","author_link":"https:\/\/gbta.org\/fr\/author\/"},"comment_info":"","category_info":[{"term_id":1401,"name":"Diversity, Equity &amp; Inclusion","slug":"diversity-equity-inclusion","term_group":0,"term_taxonomy_id":1401,"taxonomy":"category","description":"","parent":0,"count":40,"filter":"raw","cat_ID":1401,"category_count":40,"category_description":"","cat_name":"Diversity, Equity &amp; Inclusion","category_nicename":"diversity-equity-inclusion","category_parent":0},{"term_id":1516,"name":"Foundation","slug":"foundation","term_group":0,"term_taxonomy_id":1516,"taxonomy":"category","description":"","parent":0,"count":52,"filter":"raw","cat_ID":1516,"category_count":52,"category_description":"","cat_name":"Foundation","category_nicename":"foundation","category_parent":0},{"term_id":1152,"name":"Meetings and Events","slug":"meetings-and-events","term_group":0,"term_taxonomy_id":1152,"taxonomy":"category","description":"","parent":0,"count":56,"filter":"raw","cat_ID":1152,"category_count":56,"category_description":"","cat_name":"Meetings and Events","category_nicename":"meetings-and-events","category_parent":0},{"term_id":1439,"name":"WINiT","slug":"winit","term_group":0,"term_taxonomy_id":1439,"taxonomy":"category","description":"","parent":0,"count":26,"filter":"raw","cat_ID":1439,"category_count":26,"category_description":"","cat_name":"WINiT","category_nicename":"winit","category_parent":0}],"tag_info":false,"taxonomy_info":{"category":[{"value":1401,"label":"Diversity, Equity &amp; Inclusion"},{"value":1516,"label":"Foundation"},{"value":1152,"label":"Meetings and Events"},{"value":1439,"label":"WINiT"}]},"featured_image_src":null,"featured_image_src_square":null,"mfb_rest_fields":["featured_image_src_large","author_info","comment_info","category_info","tag_info","taxonomy_info","featured_image_src","featured_image_src_square"],"_links":{"self":[{"href":"https:\/\/gbta.org\/fr\/wp-json\/wp\/v2\/posts\/9195","targetHints":{"allow":["GET"]}}],"collection":[{"href":"https:\/\/gbta.org\/fr\/wp-json\/wp\/v2\/posts"}],"about":[{"href":"https:\/\/gbta.org\/fr\/wp-json\/wp\/v2\/types\/post"}],"author":[{"embeddable":true,"href":"https:\/\/gbta.org\/fr\/wp-json\/wp\/v2\/users\/14"}],"replies":[{"embeddable":true,"href":"https:\/\/gbta.org\/fr\/wp-json\/wp\/v2\/comments?post=9195"}],"version-history":[{"count":0,"href":"https:\/\/gbta.org\/fr\/wp-json\/wp\/v2\/posts\/9195\/revisions"}],"wp:attachment":[{"href":"https:\/\/gbta.org\/fr\/wp-json\/wp\/v2\/media?parent=9195"}],"wp:term":[{"taxonomy":"category","embeddable":true,"href":"https:\/\/gbta.org\/fr\/wp-json\/wp\/v2\/categories?post=9195"},{"taxonomy":"post_tag","embeddable":true,"href":"https:\/\/gbta.org\/fr\/wp-json\/wp\/v2\/tags?post=9195"}],"curies":[{"name":"wp","href":"https:\/\/api.w.org\/{rel}","templated":true}]}}