{"id":9246,"date":"2023-02-21T01:29:42","date_gmt":"2023-02-21T06:29:42","guid":{"rendered":"https:\/\/gbta.org\/?p=9246"},"modified":"2023-03-22T10:50:58","modified_gmt":"2023-03-22T14:50:58","slug":"advocacys-critical-role-in-driving-the-advancement-of-business-travel","status":"publish","type":"post","link":"https:\/\/gbta.org\/fr\/advocacys-critical-role-in-driving-the-advancement-of-business-travel\/","title":{"rendered":"Le r\u00f4le essentiel du plaidoyer dans la promotion des voyages d&#039;affaires"},"content":{"rendered":"<p>Lorsqu&#039;il s&#039;agit de plaidoyer de la GBTA en faveur des voyages d&#039;affaires mondiaux, il s&#039;agit d&#039;une mission qui dure toute l&#039;ann\u00e9e. En 2022, les initiatives de la GBTA allaient du plaidoyer en faveur de la lev\u00e9e des restrictions aux fronti\u00e8res et des protocoles de test alors que la pand\u00e9mie se stabilisait, \u00e0 l&#039;expansion de la production de carburant d&#039;aviation durable (SAF), en passant par l&#039;avancement des dispositions critiques en mati\u00e8re de budg\u00e9tisation et de ressources dans les projets de loi. Nos efforts visaient \u00e0 am\u00e9liorer les voyages d\u2019affaires mais \u00e9galement \u00e0 am\u00e9liorer l\u2019exp\u00e9rience de voyage pour tous.\u00a0<\/p>\n\n\n\n<p>En 2023, nous continuerons de donner la priorit\u00e9 \u00e0 l\u2019action climatique, \u00e0 une infrastructure robuste et \u00e0 la circulation s\u00fbre et efficace des voyageurs. Dans le cadre de notre strat\u00e9gie mondiale, GBTA plaide au niveau r\u00e9gional pour les probl\u00e8mes prioritaires par la communaut\u00e9 locale des voyages d&#039;affaires. Pour nous aider dans nos efforts, nous travaillons avec des partenaires en affaires gouvernementales, Grayling Public Affairs, bas\u00e9 \u00e0 Bruxelles, Invictus \u00e0 Ottawa et Cornerstone \u00e0 Washington, DC. GBTA surveille \u00e9galement activement les probl\u00e8mes \u00e0 travers le monde, notamment en Asie, au Royaume-Uni et en Am\u00e9rique latine, mais nous J&#039;ai besoin que tu sois nos yeux et nos oreilles. \u00a0<\/p>\n\n\n<div class=\"wp-block-image\">\n<figure class=\"aligncenter size-large is-resized\"><img loading=\"lazy\" decoding=\"async\" src=\"https:\/\/gbta.org\/wp-content\/uploads\/Advocacy-Focus-Areas-chart-1-1024x603.jpg\" alt=\"advocacy focus areas chart 1\" class=\"wp-image-9250\" width=\"768\" height=\"452\" srcset=\"https:\/\/gbta.org\/wp-content\/uploads\/Advocacy-Focus-Areas-chart-1-1024x603.jpg 1024w, https:\/\/gbta.org\/wp-content\/uploads\/Advocacy-Focus-Areas-chart-1-300x177.jpg 300w, https:\/\/gbta.org\/wp-content\/uploads\/Advocacy-Focus-Areas-chart-1-768x452.jpg 768w, https:\/\/gbta.org\/wp-content\/uploads\/Advocacy-Focus-Areas-chart-1-18x12.jpg 18w, https:\/\/gbta.org\/wp-content\/uploads\/Advocacy-Focus-Areas-chart-1.jpg 1119w\" sizes=\"auto, (max-width: 768px) 100vw, 768px\" \/><\/figure><\/div>\n\n\n<p>Pour que GBTA soit la v\u00e9ritable voix du voyage d\u2019affaires, nous avons besoin de votre soutien. Promouvoir l\u2019importance des r\u00e9unions en face \u00e0 face est \u00e9galement un pilier majeur de notre strat\u00e9gie de plaidoyer. En tant qu\u2019experts en mati\u00e8re de voyages d\u2019affaires, les d\u00e9cideurs politiques ont besoin de vous entendre directement. Contactez Shane Downey de la GBTA (<a rel=\"noreferrer noopener\" href=\"mailto:sdowney@gbta.org\" target=\"_blank\">sdowney@gbta.org<\/a>) si vous souhaitez partager vos id\u00e9es ou conna\u00eetre des probl\u00e8mes pour lesquels GBTA peut vous aider. \u00a0<\/p>\n\n\n\n<p>En mars, la GBTA sera \u00e0 Bruxelles pour rencontrer des d\u00e9cideurs politiques et des membres pour partager nos points de vue sur un cadre de comptage des \u00e9missions de gaz \u00e0 effet de serre ainsi que sur la capacit\u00e9 ferroviaire, le transport a\u00e9rien et l&#039;am\u00e9lioration des r\u00e9servations multimodales. En mai \u00e0 notre <a rel=\"noreferrer noopener\" href=\"https:\/\/gbta.org\/fr\/event\/gbta-canada-conference-2023-toronto\/\" target=\"_blank\">Conf\u00e9rence de Toronto<\/a>, GBTA Canada poursuivra son initiative de 2022 consistant \u00e0 organiser des r\u00e9unions des principales parties prenantes avec le personnel et les \u00e9lus canadiens sur les sujets cl\u00e9s de la GBTA. \u00a0<\/p>\n\n\n\n<p>Du 13 au 15 juin \u00e0 Washington DC, la conf\u00e9rence annuelle de la GBTA <a rel=\"noreferrer noopener\" href=\"https:\/\/gbta.org\/fr\/event\/gbta-legislative-summit-2023\/\" target=\"_blank\">Sommet l\u00e9gislatif<\/a> se d\u00e9roule. Les volontaires am\u00e9ricains tr\u00e8s engag\u00e9s <a rel=\"noreferrer noopener\" href=\"https:\/\/gbta.org\/fr\/professional-development\/content-collaborate\/gbta-committees\/government-relations-committee\/\" target=\"_blank\">Commission des affaires gouvernementales<\/a> aider \u00e0 d\u00e9finir l&#039;agenda am\u00e9ricain de la GBTA en donnant des conseils sur les d\u00e9fis rencontr\u00e9s. Et attendez-vous \u00e0 plus de d\u00e9tails \u00e0 venir sur le US Chapter Challenge, qui rehausse le profil des voyages d&#039;affaires et du plaidoyer populaire pour les questions au niveau du district du Congr\u00e8s.\u00a0<\/p>\n\n\n\n<p>Le 13 juin, la GBTA tiendra \u00e9galement sa deuxi\u00e8me \u00e9dition du GBTA <a rel=\"noreferrer noopener\" href=\"https:\/\/gbta.org\/fr\/event\/gbta-sustainability-in-business-travel-summit\/\" target=\"_blank\">Sommet sur la durabilit\u00e9<\/a> \u00e0 Washington, DC Organis\u00e9 \u00e0 Bruxelles l&#039;ann\u00e9e derni\u00e8re, cet \u00e9v\u00e9nement de haut niveau d&#039;une journ\u00e9e rassemble des experts, des dirigeants de l&#039;industrie et des politiques pour d\u00e9finir des actions concr\u00e8tes visant \u00e0 g\u00e9rer l&#039;impact environnemental des voyages d&#039;affaires. Cette ann\u00e9e, les \u00e9v\u00e9nements du sommet l\u00e9gislatif et du sommet sur le d\u00e9veloppement durable se tiendront dans la m\u00eame ville, de par leur conception, afin de permettre des d\u00e9placements hautement productifs et polyvalents. L&#039;inscription est maintenant <a rel=\"noreferrer noopener\" href=\"https:\/\/gbta.org\/fr\/gbta-sustainability-summit-building-a-greener-future-for-business-travel-june-2023\/\" target=\"_blank\">ouvert<\/a> pour les deux, alors ne manquez pas cette occasion.\u00a0<br>\u00a0<br>Suzanne\u00a0<\/p>","protected":false},"excerpt":{"rendered":"<p>Lorsqu&#039;il s&#039;agit de plaidoyer de la GBTA en faveur des voyages d&#039;affaires mondiaux, il s&#039;agit d&#039;une mission qui dure toute l&#039;ann\u00e9e. En 2022, les initiatives de la GBTA allaient du plaidoyer en faveur de la lev\u00e9e des restrictions aux fronti\u00e8res et des protocoles de test alors que la pand\u00e9mie se stabilisait, \u00e0 l&#039;expansion de la production de carburant d&#039;aviation durable (SAF), en passant par l&#039;avancement des dispositions critiques en mati\u00e8re de budg\u00e9tisation et de ressources dans les projets de loi. Nos efforts \u00e9taient orient\u00e9s vers\u2026<\/p>","protected":false},"author":14,"featured_media":0,"comment_status":"closed","ping_status":"closed","sticky":false,"template":"","format":"standard","meta":{"_acf_changed":false,"_seopress_robots_primary_cat":"none","_seopress_titles_title":"","_seopress_titles_desc":"","_seopress_robots_index":"","om_disable_all_campaigns":false,"_relevanssi_hide_post":"","_relevanssi_hide_content":"","_relevanssi_pin_for_all":"","_relevanssi_pin_keywords":"","_relevanssi_unpin_keywords":"","_relevanssi_related_keywords":"","_relevanssi_related_include_ids":"","_relevanssi_related_exclude_ids":"","_relevanssi_related_no_append":"","_relevanssi_related_not_related":"","_relevanssi_related_posts":"1,415,662,664,666,667","_relevanssi_noindex_reason":"","_kad_blocks_custom_css":"","_kad_blocks_head_custom_js":"","_kad_blocks_body_custom_js":"","_kad_blocks_footer_custom_js":"","_kad_post_transparent":"","_kad_post_title":"","_kad_post_layout":"","_kad_post_sidebar_id":"","_kad_post_content_style":"","_kad_post_vertical_padding":"","_kad_post_feature":"","_kad_post_feature_position":"","_kad_post_header":false,"_kad_post_footer":false,"footnotes":"","_links_to":"","_links_to_target":""},"categories":[1490],"tags":[],"class_list":["post-9246","post","type-post","status-publish","format-standard","hentry","category-check-in-with-suzanne"],"acf":[],"featured_image_src_large":false,"author_info":{"display_name":"","author_link":"https:\/\/gbta.org\/fr\/author\/"},"comment_info":"","category_info":[{"term_id":1490,"name":"Check-in with Suzanne","slug":"check-in-with-suzanne","term_group":0,"term_taxonomy_id":1490,"taxonomy":"category","description":"","parent":0,"count":5,"filter":"raw","cat_ID":1490,"category_count":5,"category_description":"","cat_name":"Check-in with Suzanne","category_nicename":"check-in-with-suzanne","category_parent":0}],"tag_info":false,"taxonomy_info":{"category":[{"value":1490,"label":"Check-in with Suzanne"}]},"featured_image_src":null,"featured_image_src_square":null,"mfb_rest_fields":["featured_image_src_large","author_info","comment_info","category_info","tag_info","taxonomy_info","featured_image_src","featured_image_src_square"],"_links":{"self":[{"href":"https:\/\/gbta.org\/fr\/wp-json\/wp\/v2\/posts\/9246","targetHints":{"allow":["GET"]}}],"collection":[{"href":"https:\/\/gbta.org\/fr\/wp-json\/wp\/v2\/posts"}],"about":[{"href":"https:\/\/gbta.org\/fr\/wp-json\/wp\/v2\/types\/post"}],"author":[{"embeddable":true,"href":"https:\/\/gbta.org\/fr\/wp-json\/wp\/v2\/users\/14"}],"replies":[{"embeddable":true,"href":"https:\/\/gbta.org\/fr\/wp-json\/wp\/v2\/comments?post=9246"}],"version-history":[{"count":0,"href":"https:\/\/gbta.org\/fr\/wp-json\/wp\/v2\/posts\/9246\/revisions"}],"wp:attachment":[{"href":"https:\/\/gbta.org\/fr\/wp-json\/wp\/v2\/media?parent=9246"}],"wp:term":[{"taxonomy":"category","embeddable":true,"href":"https:\/\/gbta.org\/fr\/wp-json\/wp\/v2\/categories?post=9246"},{"taxonomy":"post_tag","embeddable":true,"href":"https:\/\/gbta.org\/fr\/wp-json\/wp\/v2\/tags?post=9246"}],"curies":[{"name":"wp","href":"https:\/\/api.w.org\/{rel}","templated":true}]}}