{"id":9446,"date":"2023-03-08T03:40:05","date_gmt":"2023-03-08T08:40:05","guid":{"rendered":"https:\/\/gbta.org\/?p=9446"},"modified":"2023-03-08T03:40:11","modified_gmt":"2023-03-08T08:40:11","slug":"on-the-road-to-connect-learn-and-be-inspired","status":"publish","type":"post","link":"https:\/\/gbta.org\/fr\/on-the-road-to-connect-learn-and-be-inspired\/","title":{"rendered":"En route pour se connecter, apprendre et \u00eatre inspir\u00e9"},"content":{"rendered":"<div class=\"wp-block-image\">\n<figure class=\"alignleft size-full\"><img loading=\"lazy\" decoding=\"async\" width=\"480\" height=\"368\" src=\"https:\/\/gbta.org\/wp-content\/uploads\/suzzane-check-in.jpg\" alt=\"suzzane check in\" class=\"wp-image-9449\" srcset=\"https:\/\/gbta.org\/wp-content\/uploads\/suzzane-check-in.jpg 480w, https:\/\/gbta.org\/wp-content\/uploads\/suzzane-check-in-300x230.jpg 300w, https:\/\/gbta.org\/wp-content\/uploads\/suzzane-check-in-16x12.jpg 16w\" sizes=\"auto, (max-width: 480px) 100vw, 480px\" \/><\/figure><\/div>\n\n\n<p>Voyager pour affaires, c&#039;est avant tout se connecter \u2013 et c&#039;est un mois marathon pour moi au nom de la GBTA et de nos \u00e9lecteurs. J&#039;ai d\u00e9but\u00e9 la semaine derni\u00e8re \u00e0 Marbella, en Espagne, avec une pr\u00e9sentation liminaire au Lufthansa City Center General. <a rel=\"noreferrer noopener\" href=\"https:\/\/lufthansa-city-center.com\/en\/press-release\/lufthansa-city-centers-annual-meeting-invites-450-participants-to-marbella\/\" target=\"_blank\">Assembl\u00e9e<\/a>, marquant la premi\u00e8re conf\u00e9rence annuelle internationale en personne du LCC en 40 mois. C&#039;\u00e9tait stimulant d&#039;\u00eatre l\u00e0 et de partager les id\u00e9es de GBTA sur la croissance durable de l&#039;industrie et l&#039;\u00e9volution des besoins des voyageurs d&#039;affaires.\u00a0<br>\u00a0<br>Cette semaine, j&#039;ai h\u00e2te de rencontrer davantage d&#039;entre vous \u00e0 Berlin pour le <a rel=\"noreferrer noopener\" href=\"https:\/\/www.itb.com\/en\/press\/press-releases\/news_5440.html\" target=\"_blank\">Convention ITB<\/a>. Dans mon 9 mars<sup>e<\/sup> pr\u00e9sentation \u2013 \u00ab Les voyages d\u2019affaires sont de retour. Alors, o\u00f9 allons-nous partir d&#039;ici&quot;? \u2013 Je partagerai les perspectives bas\u00e9es sur les donn\u00e9es et les tendances de GBTA pour les voyages d&#039;affaires mondiaux. Pendant notre s\u00e9jour \u00e0 Berlin, nous rencontrerons \u00e9galement d&#039;importants sponsors de l&#039;industrie et partenaires du programme de d\u00e9veloppement durable.\u00a0<\/p>\n\n\n\n<p>Ensuite, direction Singapour pour les r\u00e9unions de planification du march\u00e9 APAC et pour pr\u00e9parer notre conf\u00e9rence d&#039;automne. De l\u00e0, j&#039;animerai \u00e0 Stockholm une session de la conf\u00e9rence Nordic Spring (21 et 22 mars), puis je me rendrai \u00e0 Vienne pour prononcer un discours lors d&#039;une r\u00e9union de l&#039;Association autrichienne des voyages d&#039;affaires (23 mars). Avant de retourner \u00e0 New York, je rencontrerai les associations partenaires de GBTA en Europe. Ces r\u00e9unions sont de pr\u00e9cieuses occasions de se connecter et d\u2019entendre encore plus de voix et de points de vue de la GBTA.&nbsp;<br>&nbsp;<br>J&#039;ai emball\u00e9 autant que possible ce mois-ci, y compris en passant des week-ends en Allemagne avec ma famille entre les voyages pour le rendre aussi durable que possible. Ma valise n&#039;a pas connu autant de stress depuis 2019 !&nbsp;<br>&nbsp;<br>L\u2019\u00e9quipe GBTA est \u00e9galement occup\u00e9e \u00e0 cr\u00e9er des opportunit\u00e9s de connexions percutantes ce mois-ci. Les voix dynamiques des femmes de l\u2019ensemble de notre industrie sont au centre d\u2019un programme propuls\u00e9 par GBTA WINiT. <a href=\"https:\/\/gbta.org\/fr\/event\/celebrating-our-voices-on-international-womens-day-a-day-to-embraceequity\/\" target=\"_blank\" rel=\"noreferrer noopener\">webinaire gratuit<\/a> le 8 mars<sup>e<\/sup> dans le cadre de la Journ\u00e9e internationale de la femme. Rejoignez la conversation alors que nous #EmbraceEquity, c\u00e9l\u00e9brons les r\u00e9alisations des femmes et explorons les moyens de nous rassembler pour conduire le changement. Et la conf\u00e9rence de Mexico de la GBTA<strong> <\/strong>aura lieu la semaine prochaine \u00e0 Mexico. Il est encore temps de s&#039;inscrire <a href=\"https:\/\/gbta.org\/fr\/event\/conferencia-gbta-2023-ciudad-de-mexico\/\" target=\"_blank\" rel=\"noreferrer noopener\">ici<\/a>.&nbsp;<br>&nbsp;<br>Au plaisir de vous voir sur la route,&nbsp;<br>Suzanne&nbsp;<\/p>","protected":false},"excerpt":{"rendered":"<p>Voyager pour affaires, c&#039;est avant tout se connecter \u2013 et c&#039;est un mois marathon pour moi au nom de la GBTA et de nos \u00e9lecteurs. J&#039;ai d\u00e9but\u00e9 la semaine derni\u00e8re \u00e0 Marbella, en Espagne, avec une pr\u00e9sentation liminaire \u00e0 l&#039;Assembl\u00e9e g\u00e9n\u00e9rale du Lufthansa City Center, marquant la premi\u00e8re conf\u00e9rence annuelle internationale en personne de LCC en 40 mois. C\u2019\u00e9tait \u00e9nergisant\u2026<\/p>","protected":false},"author":14,"featured_media":0,"comment_status":"closed","ping_status":"closed","sticky":false,"template":"","format":"standard","meta":{"_acf_changed":false,"_seopress_robots_primary_cat":"none","_seopress_titles_title":"","_seopress_titles_desc":"","_seopress_robots_index":"","om_disable_all_campaigns":false,"_relevanssi_hide_post":"","_relevanssi_hide_content":"","_relevanssi_pin_for_all":"","_relevanssi_pin_keywords":"","_relevanssi_unpin_keywords":"","_relevanssi_related_keywords":"","_relevanssi_related_include_ids":"","_relevanssi_related_exclude_ids":"","_relevanssi_related_no_append":"","_relevanssi_related_not_related":"","_relevanssi_related_posts":"1,415,662,664,666,667","_relevanssi_noindex_reason":"","_kad_blocks_custom_css":"","_kad_blocks_head_custom_js":"","_kad_blocks_body_custom_js":"","_kad_blocks_footer_custom_js":"","_kad_post_transparent":"","_kad_post_title":"","_kad_post_layout":"","_kad_post_sidebar_id":"","_kad_post_content_style":"","_kad_post_vertical_padding":"","_kad_post_feature":"","_kad_post_feature_position":"","_kad_post_header":false,"_kad_post_footer":false,"footnotes":"","_links_to":"","_links_to_target":""},"categories":[1490],"tags":[],"class_list":["post-9446","post","type-post","status-publish","format-standard","hentry","category-check-in-with-suzanne"],"acf":[],"featured_image_src_large":false,"author_info":{"display_name":"","author_link":"https:\/\/gbta.org\/fr\/author\/"},"comment_info":"","category_info":[{"term_id":1490,"name":"Check-in with Suzanne","slug":"check-in-with-suzanne","term_group":0,"term_taxonomy_id":1490,"taxonomy":"category","description":"","parent":0,"count":5,"filter":"raw","cat_ID":1490,"category_count":5,"category_description":"","cat_name":"Check-in with Suzanne","category_nicename":"check-in-with-suzanne","category_parent":0}],"tag_info":false,"taxonomy_info":{"category":[{"value":1490,"label":"Check-in with Suzanne"}]},"featured_image_src":null,"featured_image_src_square":null,"mfb_rest_fields":["featured_image_src_large","author_info","comment_info","category_info","tag_info","taxonomy_info","featured_image_src","featured_image_src_square"],"_links":{"self":[{"href":"https:\/\/gbta.org\/fr\/wp-json\/wp\/v2\/posts\/9446","targetHints":{"allow":["GET"]}}],"collection":[{"href":"https:\/\/gbta.org\/fr\/wp-json\/wp\/v2\/posts"}],"about":[{"href":"https:\/\/gbta.org\/fr\/wp-json\/wp\/v2\/types\/post"}],"author":[{"embeddable":true,"href":"https:\/\/gbta.org\/fr\/wp-json\/wp\/v2\/users\/14"}],"replies":[{"embeddable":true,"href":"https:\/\/gbta.org\/fr\/wp-json\/wp\/v2\/comments?post=9446"}],"version-history":[{"count":0,"href":"https:\/\/gbta.org\/fr\/wp-json\/wp\/v2\/posts\/9446\/revisions"}],"wp:attachment":[{"href":"https:\/\/gbta.org\/fr\/wp-json\/wp\/v2\/media?parent=9446"}],"wp:term":[{"taxonomy":"category","embeddable":true,"href":"https:\/\/gbta.org\/fr\/wp-json\/wp\/v2\/categories?post=9446"},{"taxonomy":"post_tag","embeddable":true,"href":"https:\/\/gbta.org\/fr\/wp-json\/wp\/v2\/tags?post=9446"}],"curies":[{"name":"wp","href":"https:\/\/api.w.org\/{rel}","templated":true}]}}