{"id":1071,"date":"2022-07-20T09:40:40","date_gmt":"2022-07-20T13:40:40","guid":{"rendered":"https:\/\/gbta.org\/statement-information-on-brussels-attacks\/"},"modified":"2022-08-11T11:33:22","modified_gmt":"2022-08-11T15:33:22","slug":"statement-information-on-brussels-attacks","status":"publish","type":"post","link":"https:\/\/gbta.org\/pt\/statement-information-on-brussels-attacks\/","title":{"rendered":"Declara\u00e7\u00e3o e informa\u00e7\u00f5es sobre os ataques de Bruxelas"},"content":{"rendered":"<p>*Atualizado em 28 de mar\u00e7o \u00e0s 10h20 ET*<\/p>\n<p>Hoje, a GBTA emitiu a seguinte cita\u00e7\u00e3o do presidente da GBTA, Christle Johnson:<\/p>\n<p>\u201cA GBTA est\u00e1 profundamente triste com as not\u00edcias dos ataques terroristas esta manh\u00e3 em Bruxelas\u201d, disse Christle Johnson, presidente da GBTA. \u201cDezenas de pessoas inocentes foram mortas num ataque que foi mais do que apenas um ataque a um aeroporto e a um sistema de metro, mas um ataque a todos n\u00f3s e ao nosso modo de vida. Em nome da GBTA, quero expressar as minhas mais profundas condol\u00eancias ao povo de Bruxelas e \u00e0s pessoas diretamente afetadas por estes ataques. Hoje estamos ao lado do povo de Bruxelas.\u201d<\/p>\n<p>Abaixo encontre as informa\u00e7\u00f5es e recursos mais recentes sobre os ataques:<\/p>\n<p><strong>Noticias gerais:<\/strong><\/p>\n<p>Como verificar a fam\u00edlia e os amigos: <a href=\"https:\/\/www.facebook.com\/safetycheck\/brusselsexplosions-march2016\/?search_type=safe\" target=\"_blank\" rel=\"noopener\">O Facebook est\u00e1 oferecendo um servi\u00e7o \u201cEstou seguro\u201d<\/a>. A linha de emerg\u00eancia criada na B\u00e9lgica \u00e9: +32 02753 7300<\/p>\n<p><a href=\"http:\/\/www.usatoday.com\/story\/news\/world\/2016\/03\/28\/brussels-terror-arrests\/82333656\/\" target=\"_blank\" rel=\"noopener\">Mais 3 enfrentam acusa\u00e7\u00f5es de terrorismo em Bruxelas; n\u00famero de mortos aumenta<\/a> - EUA hoje<\/p>\n<p><a href=\"http:\/\/www.bloomberg.com\/news\/articles\/2016-03-27\/brussels-airline-decamps-after-terrorist-bomb-wrecks-main-hub\" target=\"_blank\" rel=\"noopener\">Companhia a\u00e9rea de Bruxelas sai ap\u00f3s bomba terrorista destruir o principal hub<\/a> -Bloomberg<\/p>\n<p><a href=\"http:\/\/www.nytimes.com\/2016\/03\/28\/world\/europe\/brussels-attack-paris-italy-arrest.html\" target=\"_blank\" rel=\"noopener\">As tens\u00f5es explodem em Bruxelas e a pol\u00edcia de 4 pa\u00edses faz pris\u00f5es<\/a> - O jornal New York Times<\/p>\n<p><a href=\"http:\/\/www.nbcnews.com\/storyline\/brussels-attacks\/brussels-attacks-naim-al-hamed-reportedly-5th-suspect-n545286\" target=\"_blank\" rel=\"noopener\">Ataques em Bruxelas: Naim al-Hamed \u00e9 supostamente o quinto suspeito<\/a> -Not\u00edcias NBC<\/p>\n<p><a href=\"http:\/\/abcnews.go.com\/International\/brussels-manhunt-recent-arrests\/story?id=37920731\" target=\"_blank\" rel=\"noopener\">Reides policiais em andamento na B\u00e9lgica enquanto continua a ca\u00e7a aos suspeitos de ataques em Bruxelas<\/a> - ABC noticias<\/p>\n<p><a href=\"http:\/\/www.usatoday.com\/story\/travel\/flights\/todayinthesky\/2016\/03\/24\/brussels-air-restarts-some-flights-alternative-airports-belgium\/82208330\/\" target=\"_blank\" rel=\"noopener\">Bruxelas Air reinicia alguns voos de aeroportos alternativos na B\u00e9lgica <\/a>- EUA hoje<\/p>\n<p><a href=\"http:\/\/www.theguardian.com\/world\/2016\/mar\/24\/brussels-bombings-eu-ministers-meet-as-border-controls-criticised\" target=\"_blank\" rel=\"noopener\">Atentados bombistas em Bruxelas: Ministros da UE reunir-se-\u00e3o<\/a> - O guardi\u00e3o<\/p>\n<p><a href=\"http:\/\/www.cnn.com\/2016\/03\/24\/europe\/brussels-investigation\/\" target=\"_blank\" rel=\"noopener\">Ataque em Bruxelas: homem procurado em atentado no metr\u00f4<\/a> -CNN<\/p>\n<p><a href=\"http:\/\/www.usatoday.com\/story\/travel\/flights\/todayinthesky\/2016\/03\/23\/fliers-see-bigger-security-presence-us-airports\/82170866\/\" target=\"_blank\" rel=\"noopener\">Folhetos veem maior presen\u00e7a de seguran\u00e7a nos aeroportos dos EUA<\/a> - EUA hoje<\/p>\n<p><a href=\"https:\/\/www.washingtonpost.com\/business\/economy\/stepped-up-security-is-becoming-a-cost-of-doing-business-in-an-age-of-terrorism\/2016\/03\/22\/cb587196-f04c-11e5-a61f-e9c95c06edca_story.html\" target=\"_blank\" rel=\"noopener\">O refor\u00e7o da seguran\u00e7a est\u00e1 a tornar-se um custo para fazer neg\u00f3cios numa era de terrorismo<\/a> \u2013 Washington Post<\/p>\n<p><a href=\"http:\/\/www.nytimes.com\/2016\/03\/24\/world\/europe\/brussels-attack.html?_r=0\" target=\"_blank\" rel=\"noopener\">2 irm\u00e3os como atacantes de Bruxelas; Terceiro suspeito \u00e9 procurado<\/a> - O jornal New York Times<\/p>\n<p><a href=\"http:\/\/www.theguardian.com\/world\/2016\/mar\/23\/brussels-bombings-first-victims-named-as-stories-of-survival-emerge\" target=\"_blank\" rel=\"noopener\">Primeiras v\u00edtimas dos atentados em Bruxelas s\u00e3o nomeadas \u00e0 medida que surgem hist\u00f3rias de sobreviv\u00eancia<\/a> - O guardi\u00e3o<\/p>\n<p><a href=\"http:\/\/www.usatoday.com\/story\/news\/world\/2016\/03\/22\/explosions-rock-brussels-airport\/82107254\/\" target=\"_blank\" rel=\"noopener\">ISIL reivindica responsabilidade pelo ataque em Bruxelas que matou dezenas<\/a> - EUA hoje<\/p>\n<p><a href=\"http:\/\/www.lemonde.fr\/europe\/live\/2016\/03\/22\/en-direct-double-explosion-a-l-aeroport-principal-de-bruxelles_4887504_3214.html\" target=\"_blank\" rel=\"noopener\">Ao vivo: pelo menos 31 mortos em atentados a bomba em trens de Bruxelas<\/a> - O mundo<\/p>\n<p><a href=\"https:\/\/www.yahoo.com\/news\/brussels-airport-remain-closed-wednesday-ceo-163028344.html\" target=\"_blank\" rel=\"noopener\">Aeroporto de Bruxelas permanecer\u00e1 fechado na quarta-feira<\/a> \u2013 Yahoo Not\u00edcias<\/p>\n<p><a href=\"http:\/\/www.politico.eu\/article\/several-killed-in-two-explosions-at-brussels-zaventem-airport\/\" target=\"_blank\" rel=\"noopener\">Ataques terroristas atingem Bruxelas<\/a> \u2013 Pol\u00edtico<\/p>\n<p><a href=\"http:\/\/www.politico.eu\/article\/brussels-airport-explosions-live-blog\/\" target=\"_blank\" rel=\"noopener\">Ataques em Bruxelas: blog ao vivo<\/a> \u2013 Pol\u00edtica Europa<\/p>\n<p><a href=\"http:\/\/www.cnn.com\/2016\/03\/22\/europe\/brussels-explosions\/index.html\">Terror em Bruxelas: 34 mortos em explos\u00f5es no aeroporto e esta\u00e7\u00e3o de metr\u00f4<\/a> -CNN<\/p>\n<p><a href=\"http:\/\/www.bbc.com\/news\/uk-35870700\" target=\"_blank\" rel=\"noopener\">Explos\u00f5es em Bruxelas: David Cameron condena ataques \u201cselvagens\u201d<\/a> -BBC<\/p>\n<p><a href=\"http:\/\/www.travelmole.com\/news_feature.php?news_id=2021308&amp;c=setreg&amp;region=2\" target=\"_blank\" rel=\"noopener\">Aumenta o n\u00famero de mortos nas explos\u00f5es em Bruxelas<\/a> \u2013 Toupeira de viagem<\/p>\n<p><a href=\"http:\/\/www.lexpress.fr\/actualite\/monde\/europe\/en-direct-explosions-a-l-aeroport-de-zaventem-a-bruxelles_1775567.html\" target=\"_blank\" rel=\"noopener\">Ao vivo: Atentados a bomba em Bruxelas: pelo menos 8 franceses feridos<\/a> \u2013 L\u2019Express<\/p>\n<p><a href=\"http:\/\/www.cleveland.com\/business\/index.ssf\/2016\/03\/brussels_attack_ohio_business.html\" target=\"_blank\" rel=\"noopener\">Ataque em Bruxelas: Rea\u00e7\u00e3o de empres\u00e1rios de Ohio<\/a> \u2013 O Revendedor Cleveland Plain<\/p>\n<p><strong>Declara\u00e7\u00f5es:<\/strong><\/p>\n<p><a href=\"https:\/\/www.dhs.gov\/news\/2016\/03\/22\/statement-secretary-jeh-c-johnson-attacks-today-brussels-belgium\" target=\"_blank\" rel=\"noopener\">Declara\u00e7\u00e3o do secret\u00e1rio Jeh C. Johnson sobre os ataques de hoje em Bruxelas, B\u00e9lgica<\/a><\/p>\n<p><a href=\"http:\/\/www.cnn.com\/videos\/world\/2016\/03\/22\/brussels-explosions-belgium-prime-minister-presser.cnn\/video\/playlists\/deadly-explosions-rock-brussels\/\" target=\"_blank\" rel=\"noopener\">Primeiro-ministro belga apela \u00e0 solidariedade<\/a><\/p>\n<p><a href=\"http:\/\/www.consilium.europa.eu\/en\/press\/press-releases\/2016\/03\/22-tusk-statement-bombings\/\" target=\"_blank\" rel=\"noopener\">Declara\u00e7\u00e3o do Presidente do Conselho Europeu, Donald Tusk, ap\u00f3s os ataques terroristas em Bruxelas<\/a><\/p>\n<p><a href=\"http:\/\/wbj.pl\/president-duda-offers-condolences-to-families-of-brussels-attacks-victims\/\" target=\"_blank\" rel=\"noopener\">Presidente Duda oferece condol\u00eancias \u00e0s fam\u00edlias das v\u00edtimas dos ataques em Bruxelas<\/a><\/p>\n<p><a href=\"http:\/\/www.cnn.com\/2016\/03\/22\/politics\/obama-belgium-terror-attacks-cuba\/index.html\" target=\"_blank\" rel=\"noopener\">Obama sobre ataques terroristas: &#039;Somos solid\u00e1rios&#039; com a B\u00e9lgica<\/a><\/p>\n<p><strong>Maior seguran\u00e7a:<\/strong><\/p>\n<p><a href=\"http:\/\/www.nbcnews.com\/storyline\/brussels-attacks\/u-s-officials-travelers-alert-after-brussels-blasts-n543331\" target=\"_blank\" rel=\"noopener\">Autoridades dos EUA e viajantes em alerta ap\u00f3s explos\u00f5es em Bruxelas<\/a> -Not\u00edcias NBC<\/p>\n<p><a href=\"http:\/\/www.foxnews.com\/us\/2016\/03\/22\/major-us-airports-transit-systems-ramp-up-security-after-brussels-attacks.html\" target=\"_blank\" rel=\"noopener\">Principais aeroportos dos EUA e sistemas de tr\u00e2nsito aumentam a seguran\u00e7a ap\u00f3s ataques em Bruxelas<\/a> - Not\u00edcias da raposa<\/p>\n<p><a href=\"http:\/\/www.travelmole.com\/news_feature.php?news_id=2021318&amp;c=setreg&amp;region=2\" target=\"_blank\" rel=\"noopener\">Aeroporto de Londres refor\u00e7a seguran\u00e7a<\/a> \u2013 Toupeira de viagem<\/p>\n<p><a href=\"http:\/\/www.globalpost.com\/article\/6749659\/2016\/03\/22\/new-york-steps-security-after-brussels-attacks\" target=\"_blank\" rel=\"noopener\">NY e Washington aumentam seguran\u00e7a ap\u00f3s ataques em Bruxelas<\/a> \u2013 Ag\u00eancia France-Presse Global Post<\/p>\n<p><a href=\"http:\/\/www.nbcnewyork.com\/news\/local\/NYPD-to-Increase-Security-in-Response-to-Brussels-Attack-373044421.html\" target=\"_blank\" rel=\"noopener\">NYPD aumenta seguran\u00e7a em resposta ao ataque de Bruxelas<\/a> \u2013 NBC Nova York<\/p>\n<p><a href=\"http:\/\/patch.com\/district-columbia\/georgetown\/dc-metro-increases-security-after-brussels-terrorist-attack-0\" target=\"_blank\" rel=\"noopener\">DC Metro aumenta seguran\u00e7a ap\u00f3s ataque terrorista em Bruxelas<\/a> \u2013 Remendo de Georgetown<\/p>\n<p><a href=\"http:\/\/www.wesh.com\/news\/mco-expect-increased-security-at-airport-in-response-to-brussels-attacks\/38632516\" target=\"_blank\" rel=\"noopener\">MCO: Espere maior seguran\u00e7a no aeroporto em resposta aos ataques de Bruxelas<\/a> \u2013 WESH.com Orlando<\/p>\n<p><strong>Recursos do Dever de Cuidado:<\/strong><\/p>\n<p><a href=\"http:\/\/travel.state.gov\/content\/passports\/en\/alertswarnings\/europe-travel-alert.html\" target=\"_blank\" rel=\"noopener\">Alerta de viagens pela Europa<\/a> \u2013 Departamento de Estado dos EUA<\/p>\n<p><a href=\"http:\/\/belgium.usembassy.gov\/security_messages.html\" target=\"_blank\" rel=\"noopener\">Mensagem de seguran\u00e7a<\/a> \u2013 Embaixada dos EUA em Bruxelas, B\u00e9lgica<\/p>\n<p><a href=\"http:\/\/www.diplomatie.gouv.fr\/fr\/conseils-aux-voyageurs\/conseils-par-pays\/belgique\/\" target=\"_blank\" rel=\"noopener\">Conselhos de seguran\u00e7a para viajantes <\/a>\u2013 Governo franc\u00eas<\/p>\n<p><a href=\"https:\/\/gbta.org\/pt\/SiteCollectionDocuments\/NewsReleases\/GBTA-Keeping BusinessTravelersSafeinanUncertainTimeFINAL.pdf\/\" target=\"_blank\" rel=\"noopener\">Mantendo os viajantes de neg\u00f3cios seguros em um tempo incerto<\/a> \u2013 Estudo de caso dos ataques em Paris<\/p>\n<p><a href=\"http:\/\/blog.gbta.org\/2015\/12\/22\/preparing-for-crisis-in-todays-risky-world\/\" target=\"_blank\" rel=\"noopener\">Preparando-se para a crise no mundo arriscado de hoje<\/a> \u2013 Recapitula\u00e7\u00e3o do Webinar do Comit\u00ea de Risco GBTA<\/p>\n<p><a href=\"http:\/\/blog.gbta.org\/2014\/12\/22\/10-duty-of-care-tips-from-gbtas-risk-committee\/\" target=\"_blank\" rel=\"noopener\">10 dicas de dever de cuidado do Comit\u00ea de Risco do GBTA<\/a> \u2013Blog GBTA<\/p>\n<p><strong>Recursos adicionais do GBTA (voc\u00ea precisar\u00e1 fazer login no GBTA Hub para acessar esses documentos e webinars.)<\/strong><\/p>\n<p><strong>Documentos<br \/>\n<\/strong><a href=\"https:\/\/hub.gbta.org\/groups\/reviews\/item\/20\/11\/1517\" target=\"_blank\" rel=\"noopener\">Diretrizes de seguran\u00e7a para viagens nacionais e estrangeiras<br \/>\n<\/a><a href=\"https:\/\/hub.gbta.org\/groups\/reviews\/item\/20\/11\/1423\" target=\"_blank\" rel=\"noopener\">Estrat\u00e9gias de gerenciamento de riscos em viagens \u2014 Como selecionar um parceiro TRM para o seu programa<br \/>\n<\/a><a href=\"https:\/\/hub.gbta.org\/groups\/reviews\/item\/20\/11\/758\" target=\"_blank\" rel=\"noopener\">Gerenciamento de risco de viagem<br \/>\n<\/a><a href=\"https:\/\/hub.gbta.org\/groups\/reviews\/item\/20\/11\/842\" target=\"_blank\" rel=\"noopener\">Incorporando o gerenciamento de riscos de eventos e reuni\u00f5es em seu programa de hotel<br \/>\n<\/a><a href=\"https:\/\/hub.gbta.org\/groups\/reviews\/item\/20\/11\/1797\" target=\"_blank\" rel=\"noopener\">Solicita\u00e7\u00e3o de proposta de servi\u00e7os de seguran\u00e7a<br \/>\n<\/a><a href=\"https:\/\/hub.gbta.org\/groups\/reviews\/item\/20\/11\/1083\" target=\"_blank\" rel=\"noopener\">\u201cC&#039;est La Vie?\u201d: Um guia passo a passo para construir um programa de gerenciamento de riscos em viagens<br \/>\n<\/a><a href=\"https:\/\/hub.gbta.org\/groups\/reviews\/item\/20\/11\/888\" target=\"_blank\" rel=\"noopener\">Solu\u00e7\u00f5es de rastreamento de viajantes e gerenciamento de riscos<\/a><\/p>\n<p><strong>Webinars<br \/>\n<\/strong><a href=\"https:\/\/hub.gbta.org\/groups\/reviews\/item\/20\/11\/2283\" target=\"_blank\" rel=\"noopener\">Um grama de preven\u00e7\u00e3o: planejamento de apoio para viajantes e expatriados globais<\/a><strong><br \/>\n<\/strong><a href=\"https:\/\/hub.gbta.org\/groups\/reviews\/item\/20\/11\/1937\" target=\"_blank\" rel=\"noopener\">Introdu\u00e7\u00e3o ao gerenciamento de riscos em viagens<br \/>\n<\/a><a href=\"https:\/\/hub.gbta.org\/groups\/reviews\/item\/20\/11\/2171\" target=\"_blank\" rel=\"noopener\">Mitigando os riscos das viagens internacionais para mulheres: o que as organiza\u00e7\u00f5es podem fazer<\/a><a href=\"https:\/\/hub.gbta.org\/groups\/reviews\/item\/20\/11\/1937\" target=\"_blank\" rel=\"noopener\"><br \/>\n<\/a><\/p>","protected":false},"excerpt":{"rendered":"<p>*Atualizado em 28 de mar\u00e7o \u00e0s 10h20 ET* Hoje, o GBTA emitiu a seguinte cita\u00e7\u00e3o da presidente do GBTA, Christle Johnson: \u201cO GBTA est\u00e1 profundamente triste com as not\u00edcias dos ataques terroristas desta manh\u00e3 em Bruxelas\u201d, disse Christle Johnson, presidente do GBTA. \u201cD\u00fazias de pessoas inocentes foram mortas em um ataque que foi mais do que apenas um ataque a\u2026<\/p>","protected":false},"author":25,"featured_media":1072,"comment_status":"open","ping_status":"open","sticky":false,"template":"","format":"standard","meta":{"_acf_changed":false,"_seopress_robots_primary_cat":"","_seopress_titles_title":"","_seopress_titles_desc":"","_seopress_robots_index":"","om_disable_all_campaigns":false,"_relevanssi_hide_post":"","_relevanssi_hide_content":"","_relevanssi_pin_for_all":"","_relevanssi_pin_keywords":"","_relevanssi_unpin_keywords":"","_relevanssi_related_keywords":"","_relevanssi_related_include_ids":"","_relevanssi_related_exclude_ids":"","_relevanssi_related_no_append":"","_relevanssi_related_not_related":"","_relevanssi_related_posts":"","_relevanssi_noindex_reason":"","_kad_blocks_custom_css":"","_kad_blocks_head_custom_js":"","_kad_blocks_body_custom_js":"","_kad_blocks_footer_custom_js":"","_kad_post_transparent":"","_kad_post_title":"","_kad_post_layout":"","_kad_post_sidebar_id":"","_kad_post_content_style":"","_kad_post_vertical_padding":"","_kad_post_feature":"","_kad_post_feature_position":"","_kad_post_header":false,"_kad_post_footer":false,"footnotes":"","_links_to":"","_links_to_target":""},"categories":[114,79],"tags":[652,653,587,293,501,121,591,596],"class_list":["post-1071","post","type-post","status-publish","format-standard","has-post-thumbnail","hentry","category-airlines-and-aviation","category-safety-and-security","tag-belgium","tag-brussels","tag-eu","tag-risk","tag-safety","tag-security","tag-terror","tag-terrorist-attacks"],"acf":[],"featured_image_src_large":["https:\/\/gbta.org\/wp-content\/uploads\/Brussels-1024x625.jpg",1024,625,true],"author_info":{"display_name":"jcampbell","author_link":"https:\/\/gbta.org\/pt\/author\/jcampbell\/"},"comment_info":"","category_info":[{"term_id":114,"name":"Airlines and Aviation","slug":"airlines-and-aviation","term_group":0,"term_taxonomy_id":114,"taxonomy":"category","description":"","parent":0,"count":355,"filter":"raw","cat_ID":114,"category_count":355,"category_description":"","cat_name":"Airlines and Aviation","category_nicename":"airlines-and-aviation","category_parent":0},{"term_id":79,"name":"Safety and Security","slug":"safety-and-security","term_group":0,"term_taxonomy_id":79,"taxonomy":"category","description":"","parent":0,"count":237,"filter":"raw","cat_ID":79,"category_count":237,"category_description":"","cat_name":"Safety and Security","category_nicename":"safety-and-security","category_parent":0}],"tag_info":[{"term_id":652,"name":"Belgium","slug":"belgium","term_group":0,"term_taxonomy_id":652,"taxonomy":"post_tag","description":"","parent":0,"count":1,"filter":"raw"},{"term_id":653,"name":"Brussels","slug":"brussels","term_group":0,"term_taxonomy_id":653,"taxonomy":"post_tag","description":"","parent":0,"count":4,"filter":"raw"},{"term_id":587,"name":"EU","slug":"eu","term_group":0,"term_taxonomy_id":587,"taxonomy":"post_tag","description":"","parent":0,"count":19,"filter":"raw"},{"term_id":293,"name":"risk","slug":"risk","term_group":0,"term_taxonomy_id":293,"taxonomy":"post_tag","description":"","parent":0,"count":77,"filter":"raw"},{"term_id":501,"name":"safety","slug":"safety","term_group":0,"term_taxonomy_id":501,"taxonomy":"post_tag","description":"","parent":0,"count":28,"filter":"raw"},{"term_id":121,"name":"security","slug":"security","term_group":0,"term_taxonomy_id":121,"taxonomy":"post_tag","description":"","parent":0,"count":48,"filter":"raw"},{"term_id":591,"name":"terror","slug":"terror","term_group":0,"term_taxonomy_id":591,"taxonomy":"post_tag","description":"","parent":0,"count":5,"filter":"raw"},{"term_id":596,"name":"terrorist attacks","slug":"terrorist-attacks","term_group":0,"term_taxonomy_id":596,"taxonomy":"post_tag","description":"","parent":0,"count":2,"filter":"raw"}],"taxonomy_info":{"category":[{"value":114,"label":"Airlines and Aviation"},{"value":79,"label":"Safety and Security"}],"post_tag":[{"value":652,"label":"Belgium"},{"value":653,"label":"Brussels"},{"value":587,"label":"EU"},{"value":293,"label":"risk"},{"value":501,"label":"safety"},{"value":121,"label":"security"},{"value":591,"label":"terror"},{"value":596,"label":"terrorist attacks"}]},"featured_image_src":"https:\/\/gbta.org\/wp-content\/uploads\/Brussels.jpg","featured_image_src_square":"https:\/\/gbta.org\/wp-content\/uploads\/Brussels.jpg","mfb_rest_fields":["featured_image_src_large","author_info","comment_info","category_info","tag_info","taxonomy_info","featured_image_src","featured_image_src_square"],"_links":{"self":[{"href":"https:\/\/gbta.org\/pt\/wp-json\/wp\/v2\/posts\/1071","targetHints":{"allow":["GET"]}}],"collection":[{"href":"https:\/\/gbta.org\/pt\/wp-json\/wp\/v2\/posts"}],"about":[{"href":"https:\/\/gbta.org\/pt\/wp-json\/wp\/v2\/types\/post"}],"author":[{"embeddable":true,"href":"https:\/\/gbta.org\/pt\/wp-json\/wp\/v2\/users\/25"}],"replies":[{"embeddable":true,"href":"https:\/\/gbta.org\/pt\/wp-json\/wp\/v2\/comments?post=1071"}],"version-history":[{"count":0,"href":"https:\/\/gbta.org\/pt\/wp-json\/wp\/v2\/posts\/1071\/revisions"}],"wp:featuredmedia":[{"embeddable":true,"href":"https:\/\/gbta.org\/pt\/wp-json\/wp\/v2\/media\/1072"}],"wp:attachment":[{"href":"https:\/\/gbta.org\/pt\/wp-json\/wp\/v2\/media?parent=1071"}],"wp:term":[{"taxonomy":"category","embeddable":true,"href":"https:\/\/gbta.org\/pt\/wp-json\/wp\/v2\/categories?post=1071"},{"taxonomy":"post_tag","embeddable":true,"href":"https:\/\/gbta.org\/pt\/wp-json\/wp\/v2\/tags?post=1071"}],"curies":[{"name":"wp","href":"https:\/\/api.w.org\/{rel}","templated":true}]}}