{"id":1113,"date":"2022-07-20T09:41:34","date_gmt":"2022-07-20T13:41:34","guid":{"rendered":"https:\/\/gbta.org\/travel-advocate-rep-cohen-speaks-at-14th-annual-legislative-symposium\/"},"modified":"2022-08-11T11:33:25","modified_gmt":"2022-08-11T15:33:25","slug":"travel-advocate-rep-cohen-speaks-at-14th-annual-legislative-symposium","status":"publish","type":"post","link":"https:\/\/gbta.org\/pt\/travel-advocate-rep-cohen-speaks-at-14th-annual-legislative-symposium\/","title":{"rendered":"Dep. Cohen, advogado de viagens, fala no 14\u00ba Simp\u00f3sio Legislativo Anual"},"content":{"rendered":"<p>O representante Steve Cohen (D-TN) falou para mais de 100 participantes no 14<sup>\u00ba<\/sup> Simp\u00f3sio Legislativo Anual da GBTA, um evento que traz profissionais de viagens de neg\u00f3cios a Washington, DC para se reunirem com legisladores para compartilhar opini\u00f5es sobre quest\u00f5es-chave do setor. O deputado Cohen falou sobre sua luta hist\u00f3rica contra impostos discriminat\u00f3rios sobre aluguel de carros e discutiu seu novo projeto de lei relativo ao tamanho dos assentos das companhias a\u00e9reas que est\u00e1 ganhando for\u00e7a.<\/p>\n<p>O novo projeto de lei aborda quest\u00f5es s\u00e9rias relacionadas \u00e0 rela\u00e7\u00e3o entre o tamanho dos assentos e a seguran\u00e7a da cabine. Em rela\u00e7\u00e3o ao conforto dos passageiros, Cohen fez a multid\u00e3o rir quando disse que a FexEx, com sede em Memphis, trata seus pacotes melhor do que as companhias a\u00e9reas tratam seus clientes. Ele comentou que embora o conforto seja importante, o tamanho dos assentos tamb\u00e9m afeta a seguran\u00e7a. As companhias a\u00e9reas precisam ser capazes de evacuar a aeronave em 90 segundos e o tamanho cada vez menor dos assentos impede esse processo.<\/p>\n<p><img loading=\"lazy\" decoding=\"async\" class=\"aligncenter size-full wp-image-1883\" src=\"http:\/\/blog.gbta.org\/wp-content\/uploads\/2016\/05\/Cohen-Speaking.png\" alt=\"Cohen Speaking\" width=\"610\" height=\"492\" \/><\/p>\n<p>O presidente da GBTA, Christle Johnson, o vice-presidente Mark Ziegler e o diretor executivo Mike McCormick ent\u00e3o <a href=\"https:\/\/gbta.org\/pt\/PressReleases\/Pages\/RLS_051016_Cohen.aspx\/\" target=\"_blank\" rel=\"noopener\">presenteou o Rep. Cohen com o primeiro pr\u00eamio GBTA Navigator<\/a>. A GBTA criou o Pr\u00eamio Navigator para homenagear senadores e deputados que t\u00eam sido fortes defensores dos viajantes de neg\u00f3cios e da ind\u00fastria de viagens de neg\u00f3cios.<\/p>\n<p><img loading=\"lazy\" decoding=\"async\" class=\"aligncenter size-full wp-image-1882\" src=\"http:\/\/blog.gbta.org\/wp-content\/uploads\/2016\/05\/award.png\" alt=\"award\" width=\"803\" height=\"392\" \/><\/p>\n<p>O deputado Cohen tem sido um defensor de longa data e o principal defensor democrata do fim dos impostos discriminat\u00f3rios sobre o aluguer de autom\u00f3veis, que criam um fardo indevido para os viajantes de neg\u00f3cios e raramente s\u00e3o reinvestidos na ind\u00fastria das viagens.<\/p>\n<p>Em conjunto com o pr\u00e9mio Navigator, a GBTA revelou o <a href=\"https:\/\/gbta.org\/pt\/SiteCollectionDocuments\/NewsReleases\/RulesoftheRoad_FINAL.pdf\/\"><em>Regras da estrada<\/em><\/a> para otimizar as viagens de neg\u00f3cios em seus 14<sup>\u00ba<\/sup> Simp\u00f3sio Legislativo anual. A GBTA mobilizou seus membros para criar esta declara\u00e7\u00e3o de reforma de viagens para orientar a ind\u00fastria, l\u00edderes empresariais e formuladores de pol\u00edticas na cria\u00e7\u00e3o de um ecossistema de viagens que promova crescimento, empregos, seguran\u00e7a e efici\u00eancia em todo o mundo.<\/p>\n<p>&nbsp;<\/p>","protected":false},"excerpt":{"rendered":"<p>O representante Steve Cohen (D-TN) falou com mais de 100 participantes no 14\u00ba Simp\u00f3sio Legislativo Anual da GBTA, um evento que traz profissionais de viagens de neg\u00f3cios a Washington, DC para se reunir com legisladores para compartilhar opini\u00f5es sobre as principais quest\u00f5es do setor. O deputado Cohen falou sobre sua luta hist\u00f3rica contra impostos discriminat\u00f3rios sobre carros de aluguel e discutiu seu novo projeto de lei\u2026<\/p>","protected":false},"author":25,"featured_media":1111,"comment_status":"open","ping_status":"open","sticky":false,"template":"","format":"standard","meta":{"_acf_changed":false,"_seopress_robots_primary_cat":"","_seopress_titles_title":"","_seopress_titles_desc":"","_seopress_robots_index":"","om_disable_all_campaigns":false,"_relevanssi_hide_post":"","_relevanssi_hide_content":"","_relevanssi_pin_for_all":"","_relevanssi_pin_keywords":"","_relevanssi_unpin_keywords":"","_relevanssi_related_keywords":"","_relevanssi_related_include_ids":"","_relevanssi_related_exclude_ids":"","_relevanssi_related_no_append":"","_relevanssi_related_not_related":"","_relevanssi_related_posts":"","_relevanssi_noindex_reason":"","_kad_blocks_custom_css":"","_kad_blocks_head_custom_js":"","_kad_blocks_body_custom_js":"","_kad_blocks_footer_custom_js":"","_kad_post_transparent":"","_kad_post_title":"","_kad_post_layout":"","_kad_post_sidebar_id":"","_kad_post_content_style":"","_kad_post_vertical_padding":"","_kad_post_feature":"","_kad_post_feature_position":"","_kad_post_header":false,"_kad_post_footer":false,"footnotes":"","_links_to":"","_links_to_target":""},"categories":[114,78,37],"tags":[115,707,200,708,357,86],"class_list":["post-1113","post","type-post","status-publish","format-standard","has-post-thumbnail","hentry","category-airlines-and-aviation","category-ground-transportation","category-research-and-travel-trends","tag-advocacy","tag-airline-seats","tag-legislative-symposium","tag-navigator-award","tag-rental-car","tag-taxes"],"acf":[],"featured_image_src_large":["https:\/\/gbta.org\/wp-content\/uploads\/DC-1024x682.jpg",1024,682,true],"author_info":{"display_name":"jcampbell","author_link":"https:\/\/gbta.org\/pt\/author\/jcampbell\/"},"comment_info":"","category_info":[{"term_id":114,"name":"Airlines and Aviation","slug":"airlines-and-aviation","term_group":0,"term_taxonomy_id":114,"taxonomy":"category","description":"","parent":0,"count":355,"filter":"raw","cat_ID":114,"category_count":355,"category_description":"","cat_name":"Airlines and Aviation","category_nicename":"airlines-and-aviation","category_parent":0},{"term_id":78,"name":"Ground Transportation","slug":"ground-transportation","term_group":0,"term_taxonomy_id":78,"taxonomy":"category","description":"","parent":0,"count":126,"filter":"raw","cat_ID":78,"category_count":126,"category_description":"","cat_name":"Ground Transportation","category_nicename":"ground-transportation","category_parent":0},{"term_id":37,"name":"Research and Travel Trends","slug":"research-and-travel-trends","term_group":0,"term_taxonomy_id":37,"taxonomy":"category","description":"","parent":0,"count":966,"filter":"raw","cat_ID":37,"category_count":966,"category_description":"","cat_name":"Research and Travel Trends","category_nicename":"research-and-travel-trends","category_parent":0}],"tag_info":[{"term_id":115,"name":"advocacy","slug":"advocacy","term_group":0,"term_taxonomy_id":115,"taxonomy":"post_tag","description":"","parent":0,"count":48,"filter":"raw"},{"term_id":707,"name":"airline seats","slug":"airline-seats","term_group":0,"term_taxonomy_id":707,"taxonomy":"post_tag","description":"","parent":0,"count":1,"filter":"raw"},{"term_id":200,"name":"Legislative Symposium","slug":"legislative-symposium","term_group":0,"term_taxonomy_id":200,"taxonomy":"post_tag","description":"","parent":0,"count":15,"filter":"raw"},{"term_id":708,"name":"Navigator Award","slug":"navigator-award","term_group":0,"term_taxonomy_id":708,"taxonomy":"post_tag","description":"","parent":0,"count":4,"filter":"raw"},{"term_id":357,"name":"rental car","slug":"rental-car","term_group":0,"term_taxonomy_id":357,"taxonomy":"post_tag","description":"","parent":0,"count":2,"filter":"raw"},{"term_id":86,"name":"taxes","slug":"taxes","term_group":0,"term_taxonomy_id":86,"taxonomy":"post_tag","description":"","parent":0,"count":23,"filter":"raw"}],"taxonomy_info":{"category":[{"value":114,"label":"Airlines and Aviation"},{"value":78,"label":"Ground Transportation"},{"value":37,"label":"Research and Travel Trends"}],"post_tag":[{"value":115,"label":"advocacy"},{"value":707,"label":"airline seats"},{"value":200,"label":"Legislative Symposium"},{"value":708,"label":"Navigator Award"},{"value":357,"label":"rental car"},{"value":86,"label":"taxes"}]},"featured_image_src":"https:\/\/gbta.org\/wp-content\/uploads\/DC.jpg","featured_image_src_square":"https:\/\/gbta.org\/wp-content\/uploads\/DC.jpg","mfb_rest_fields":["featured_image_src_large","author_info","comment_info","category_info","tag_info","taxonomy_info","featured_image_src","featured_image_src_square"],"_links":{"self":[{"href":"https:\/\/gbta.org\/pt\/wp-json\/wp\/v2\/posts\/1113","targetHints":{"allow":["GET"]}}],"collection":[{"href":"https:\/\/gbta.org\/pt\/wp-json\/wp\/v2\/posts"}],"about":[{"href":"https:\/\/gbta.org\/pt\/wp-json\/wp\/v2\/types\/post"}],"author":[{"embeddable":true,"href":"https:\/\/gbta.org\/pt\/wp-json\/wp\/v2\/users\/25"}],"replies":[{"embeddable":true,"href":"https:\/\/gbta.org\/pt\/wp-json\/wp\/v2\/comments?post=1113"}],"version-history":[{"count":0,"href":"https:\/\/gbta.org\/pt\/wp-json\/wp\/v2\/posts\/1113\/revisions"}],"wp:featuredmedia":[{"embeddable":true,"href":"https:\/\/gbta.org\/pt\/wp-json\/wp\/v2\/media\/1111"}],"wp:attachment":[{"href":"https:\/\/gbta.org\/pt\/wp-json\/wp\/v2\/media?parent=1113"}],"wp:term":[{"taxonomy":"category","embeddable":true,"href":"https:\/\/gbta.org\/pt\/wp-json\/wp\/v2\/categories?post=1113"},{"taxonomy":"post_tag","embeddable":true,"href":"https:\/\/gbta.org\/pt\/wp-json\/wp\/v2\/tags?post=1113"}],"curies":[{"name":"wp","href":"https:\/\/api.w.org\/{rel}","templated":true}]}}