{"id":11184,"date":"2023-06-07T01:16:23","date_gmt":"2023-06-07T05:16:23","guid":{"rendered":"https:\/\/gbta.org\/?p=11184"},"modified":"2023-12-01T16:57:35","modified_gmt":"2023-12-01T21:57:35","slug":"the-continuing-travel-and-immigration-risks-of-an-everchanging-world","status":"publish","type":"post","link":"https:\/\/gbta.org\/pt\/the-continuing-travel-and-immigration-risks-of-an-everchanging-world\/","title":{"rendered":"Os riscos cont\u00ednuos de viagens e imigra\u00e7\u00e3o em um mundo em constante mudan\u00e7a"},"content":{"rendered":"<style>.wp-block-kadence-advancedheading.kt-adv-heading_926e11-6f, .wp-block-kadence-advancedheading.kt-adv-heading_926e11-6f[data-kb-block=\"kb-adv-heading_926e11-6f\"]{font-style:normal;}.wp-block-kadence-advancedheading.kt-adv-heading_926e11-6f mark.kt-highlight, .wp-block-kadence-advancedheading.kt-adv-heading_926e11-6f[data-kb-block=\"kb-adv-heading_926e11-6f\"] mark.kt-highlight{font-style:normal;color:#f76a0c;-webkit-box-decoration-break:clone;box-decoration-break:clone;padding-top:0px;padding-right:0px;padding-bottom:0px;padding-left:0px;}<\/style>\n<h3 class=\"kt-adv-heading_926e11-6f wp-block-kadence-advancedheading\" data-kb-block=\"kb-adv-heading_926e11-6f\">Revis\u00e3o de 2023<\/h3>\n\n\n\n<p><strong>Seis meses depois do in\u00edcio do ano, Craig Collins e Ray Rackham, do CIBT, analisam os desafios de vistos e imigra\u00e7\u00e3o de um mundo em transi\u00e7\u00e3o cont\u00ednua.<\/strong><\/p>\n\n\n<style>.wp-block-kadence-advancedheading.kt-adv-heading_328485-56, .wp-block-kadence-advancedheading.kt-adv-heading_328485-56[data-kb-block=\"kb-adv-heading_328485-56\"]{font-style:normal;}.wp-block-kadence-advancedheading.kt-adv-heading_328485-56 mark.kt-highlight, .wp-block-kadence-advancedheading.kt-adv-heading_328485-56[data-kb-block=\"kb-adv-heading_328485-56\"] mark.kt-highlight{font-style:normal;color:#f76a0c;-webkit-box-decoration-break:clone;box-decoration-break:clone;padding-top:0px;padding-right:0px;padding-bottom:0px;padding-left:0px;}<\/style>\n<h3 class=\"kt-adv-heading_328485-56 wp-block-kadence-advancedheading\" data-kb-block=\"kb-adv-heading_328485-56\">Risco de viagem: d\u00e9cadas em forma\u00e7\u00e3o<\/h3>\n\n\n\n<p>Riscos e crises afetaram a ind\u00fastria de viagens e imigra\u00e7\u00e3o muito antes da Covid. Na verdade, o surto de SARS em 2002\/2003 teve um efeito significativamente negativo no turismo na maior parte da \u00c1sia (com evid\u00eancias em 2004 sugerindo que na China, Hong Kong, Singapura e Vietname perderam $20 mil milh\u00f5es de PIB como resultado directo da medida restritiva de viagens coloque-o no lugar). Embora as viagens internacionais tenham sido identificadas como um vector de dissemina\u00e7\u00e3o de doen\u00e7as antes da SARS, o impacto no esgotamento das viagens de neg\u00f3cios e do turismo foi um choque para a comunidade internacional, o mundo permaneceu mal preparado para navegar pelas complexidades do encerramento quase global de duas d\u00e9cadas. mais tarde. Mas as quest\u00f5es de sa\u00fade p\u00fablica n\u00e3o foram os \u00fanicos vectores que tiveram impacto nas viagens internacionais e na capacidade dos indiv\u00edduos de circularem livremente num mundo globalizado.&nbsp;<\/p>\n\n\n\n<p>Pensando tanto em termos de imigra\u00e7\u00e3o como de viagens, as estrat\u00e9gias de mitiga\u00e7\u00e3o de riscos t\u00eam sido tradicionalmente associadas a eventos de risco \u00fanicos num ambiente relativamente est\u00e1vel e previs\u00edvel. At\u00e9 2020, a maior parte da reflex\u00e3o sobre riscos de imigra\u00e7\u00e3o e viagens preocupava-se com um conceito de risco como uma fun\u00e7\u00e3o de conformidade, e os riscos identificados estavam invariavelmente ligados a um requerente ou viajante individual que representava um risco \u00fanico ao viajar atrav\u00e9s das fronteiras. Os eventos de risco globais que impactaram negativamente os programas de viagens e imigra\u00e7\u00e3o eram tradicionalmente considerados isoladamente, uma vez que o impacto era sentido apenas por um breve per\u00edodo de tempo. A erup\u00e7\u00e3o do vulc\u00e3o Eyjafjallaj\u00f6kull, na Isl\u00e2ndia, em 2010, teve um impacto \u00f3bvio e imediato nas viagens a\u00e9reas, por exemplo. O espa\u00e7o a\u00e9reo europeu foi encerrado por um per\u00edodo de seis dias, culminando numa perda estimada de $1,7 mil milh\u00f5es de receitas para as companhias a\u00e9reas. Isto alterou permanentemente as avalia\u00e7\u00f5es de risco do sector da avia\u00e7\u00e3o e anunciou novas linhas de investiga\u00e7\u00e3o cient\u00edfica. Mas isso n\u00e3o fez com que toda a ind\u00fastria parasse e pensasse: \u201cprecisamos realmente repensar o risco a um n\u00edvel fundamental?\u201d<\/p>\n\n\n\n<p>A an\u00e1lise a qualquer n\u00edvel mais amplo continuou a centrar-se num conjunto firme de regras: enquadradas pela maior integra\u00e7\u00e3o das economias em todo o mundo. Esta maior integra\u00e7\u00e3o foi o resultado da circula\u00e7\u00e3o de bens, servi\u00e7os, capitais, pessoas e conhecimentos atrav\u00e9s das fronteiras; tudo isso trouxe desafios individuais de conformidade. A cria\u00e7\u00e3o de controlos nas fronteiras internas no espa\u00e7o Schengen, como resultado da crise dos refugiados europeus em 2015; ou a s\u00e9rie de Ordens Executivas nos EUA, limitando as capacidades de viagem e migra\u00e7\u00e3o de cidad\u00e3os de pa\u00edses onde a principal religi\u00e3o praticada era predominantemente o Isl\u00e3o, ao longo de 2017-2020; ou o impacto do referendo p\u00f3s-Brexit de 2016 nos viajantes que operavam num Reino Unido fora da UE (onde anteriormente os cidad\u00e3os brit\u00e2nicos podiam viajar livremente pelos Estados-Membros e realizar uma s\u00e9rie de atividades sem questionar, e agora n\u00e3o podem); foram tratados pela maioria dos gestores de viagens como eventos \u00fanicos e individuais que exigiam aten\u00e7\u00e3o urgente e diferenciada; mas permaneceram separados um do outro.<\/p>\n\n\n\n<p>Os exemplos acima demonstram que os riscos sucessivos para a sa\u00fade p\u00fablica e outras crises n\u00e3o relacionadas com a sa\u00fade t\u00eam impactos significativos na capacidade do empres\u00e1rio com mobilidade global de viajar livremente pelo mundo. Mas o impacto imediato e catastr\u00f3fico da Covid levou a ind\u00fastria a olhar para estes eventos de risco que ocorreram h\u00e1 d\u00e9cadas e a colocar a quest\u00e3o: at\u00e9 que ponto est\u00e1vamos todos preparados para o evento inevit\u00e1vel que fechou o mundo, e como devemos agora considerar o risco em 2023 e mais al\u00e9m? ? Com isso em mente, quais as li\u00e7\u00f5es que os primeiros seis meses de 2023 podem nos ensinar?<\/p>\n\n\n<style>.wp-block-kadence-advancedheading.kt-adv-heading_d05392-bc, .wp-block-kadence-advancedheading.kt-adv-heading_d05392-bc[data-kb-block=\"kb-adv-heading_d05392-bc\"]{font-style:normal;}.wp-block-kadence-advancedheading.kt-adv-heading_d05392-bc mark.kt-highlight, .wp-block-kadence-advancedheading.kt-adv-heading_d05392-bc[data-kb-block=\"kb-adv-heading_d05392-bc\"] mark.kt-highlight{font-style:normal;color:#f76a0c;-webkit-box-decoration-break:clone;box-decoration-break:clone;padding-top:0px;padding-right:0px;padding-bottom:0px;padding-left:0px;}<\/style>\n<h3 class=\"kt-adv-heading_d05392-bc wp-block-kadence-advancedheading\" data-kb-block=\"kb-adv-heading_d05392-bc\">2023: Um mundo incerto<\/h3>\n\n\n\n<p>No in\u00edcio de 2022, os viajantes de neg\u00f3cios e aqueles que viajavam atrav\u00e9s das fronteiras para trabalhar ou estudar encontraram-se a operar num mundo de m\u00e1scaras, requisitos de vacina\u00e7\u00e3o, testes PCR e uma s\u00e9rie de outros obst\u00e1culos administrativos antes de pisarem num avi\u00e3o. Embora alguns controlos fronteiri\u00e7os tenham persistido, ao longo do ano muitos destes requisitos foram eliminados, \u00e0 medida que as viagens internacionais regressavam a uma forma de normalidade n\u00e3o vista desde 2019. Se 2022 marcou a reabertura sucessiva de vias de viagem em todo o mundo, 2023 fechou realmente o cap\u00edtulo do mundo fechado. , marcado significativamente pelo regresso das viagens \u00e0 China.<\/p>\n\n\n\n<p><strong>A posi\u00e7\u00e3o de risco atual<\/strong><\/p>\n\n\n\n<p>A CIBT analisou mais de cem altera\u00e7\u00f5es pertinentes \u00e0 legisla\u00e7\u00e3o, pol\u00edticas e processos de imigra\u00e7\u00e3o e viagens em mais de cinquenta pa\u00edses desde o in\u00edcio do ano. Embora muitas destas mudan\u00e7as n\u00e3o se apresentem como eventos de risco (sendo o exemplo mais comum as mudan\u00e7as para a digitaliza\u00e7\u00e3o em diversas partes do globo), existem alguns temas interessantes em desenvolvimento: \u00e0 medida que o impacto da pandemia est\u00e1 a diminuir, poder\u00e1 haver um novo discurso na pol\u00edtica de sa\u00fade p\u00fablica; os pa\u00edses ainda utilizam eventos de risco de anos anteriores \u00e0 pandemia para informar a pol\u00edtica de viagens; e o impacto das decis\u00f5es pol\u00edticas tomadas muito antes de discutirmos os requisitos de vacina\u00e7\u00e3o est\u00e3o a ser sentidos em tempo real, muitos anos depois de terem sido tomadas.<\/p>\n\n\n\n<p><strong>O legado de Covid<\/strong><\/p>\n\n\n\n<p>N\u00e3o \u00e9 de surpreender que, em 2023, sucessivos governos introduzissem, reintroduzissem e removessem pol\u00edticas que estavam em vigor como resultado da pandemia, \u00e0 medida que o mundo continuava a reabrir e as viagens, a mobilidade e a migra\u00e7\u00e3o aceleravam rapidamente. No in\u00edcio de janeiro de 2023, e centrado quase inteiramente em <strong>\u00c1sia<\/strong>, o legado cont\u00ednuo da Covid no espa\u00e7o de viagens e mobilidade foi diminu\u00eddo \u00e0 medida que os pa\u00edses retiraram concess\u00f5es que estavam em vigor no mercado de trabalho (por exemplo, em <strong>Vietn\u00e3<\/strong>) ou abandonou os requisitos de vacina\u00e7\u00e3o herdados para fins de entrada (por exemplo, em <strong>Cingapura<\/strong>). Na verdade, foi apenas em Maio deste ano que o <strong>EUA<\/strong> retirou os requisitos de vacina\u00e7\u00e3o para viajantes a\u00e9reos estrangeiros.<\/p>\n\n\n\n<p>Sem d\u00favida, o desenvolvimento mais significativo foi a reabertura gradual de <strong>China<\/strong> a partir de<\/p>\n\n\n\n<p>Janeiro, que come\u00e7ou por reabrir a entrada \u00e0s Viagens de Neg\u00f3cios (visto M); Autoriza\u00e7\u00e3o de Trabalho (visto Z); Vistos de Visita Familiar\/Reuni\u00e3o Familiar; juntamente com um n\u00famero limitado de vistos de estudante. \u00c9 importante ressaltar que o turismo n\u00e3o foi inclu\u00eddo nesta primeira parcela da reabertura p\u00f3s-pandemia.<\/p>\n\n\n\n<p>Como alguns <strong>China<\/strong> Embaixadas\/Consulados come\u00e7aram a retirar a exig\u00eancia de testes PCR para viajantes que entram <strong>China<\/strong>; A China abriu ao turismo em 15 de mar\u00e7o de 2023; e as pol\u00edticas de isen\u00e7\u00e3o de visto pr\u00e9-pandemia foram devolvidas, com a retomada da pol\u00edtica de entrada sem visto para 59 pa\u00edses de Hainan, 15 dias de viagem sem visto para grupos de cruzeiros nos portos de Xangai, entrada sem visto na prov\u00edncia de Guangdong para grupos de estrangeiros de Hong Kong e Macau SARs e entrada sem visto em Guilin da regi\u00e3o aut\u00f4noma de Guangxi para grupos de turistas de pa\u00edses da ASEAN. Isto marcou a primeira vez em tr\u00eas anos que o turismo regressou ao <strong>China<\/strong>.<\/p>\n\n\n\n<p>Curiosamente, durante este per\u00edodo de reabertura da China, tamb\u00e9m testemunh\u00e1mos reciprocidade pol\u00edtica no <strong>\u00c1sia<\/strong> regi\u00e3o. \u00c0 medida que as fronteiras se abriram, e em resposta \u00e0s crescentes taxas de Covid em toda a China, o governo de <strong>Coreia do Sul<\/strong> parou de emitir vistos de turista para cidad\u00e3os chineses. Em troca, os postos consulares chineses em<strong> Jap\u00e3o<\/strong> e <strong>Coreia do Sul<\/strong> suspendeu a emiss\u00e3o de vistos chineses de v\u00e1rios tipos para cidad\u00e3os japoneses e sul-coreanos. Embora tenha durado pouco (a China come\u00e7ou a emitir vistos para cidad\u00e3os japoneses em 30 de janeiro de 2023, e para sul-coreanos em 11 de fevereiro de 2023), demonstrou uma continua\u00e7\u00e3o da incerteza como resultado da pandemia.<\/p>\n\n\n\n<p><strong>Sa\u00fade p\u00fablica<\/strong><\/p>\n\n\n\n<p>Com sinergias naturais com o legado da Covid acima, o primeiro trimestre de 2023 tamb\u00e9m assistiu \u00e0 introdu\u00e7\u00e3o de um maior n\u00famero de condi\u00e7\u00f5es relacionadas com a sa\u00fade associadas \u00e0 emiss\u00e3o de vistos. A partir de 1\u00ba de fevereiro de 2023, os requerentes de vistos de visitante e de renova\u00e7\u00e3o de visto de visitante para e em <strong>Catar<\/strong> ser\u00e3o obrigados a adquirir uma ap\u00f3lice de seguro sa\u00fade de um fornecedor autorizado para que o Minist\u00e9rio do Interior (MOI) possa julgar suas solicita\u00e7\u00f5es. Espera-se que os indiv\u00edduos eleg\u00edveis para vistos na chegada adquiram uma ap\u00f3lice de seguro sa\u00fade no site do Minist\u00e9rio da Sa\u00fade P\u00fablica antes de chegar, a menos que possuam uma ap\u00f3lice de seguro internacional que inclua cobertura no Qatar durante toda a dura\u00e7\u00e3o da sua estadia e que seja emitido por uma das seguradoras homologadas.&nbsp;<\/p>\n\n\n\n<p>Correspondentemente, <strong>Taiwan <\/strong>tamb\u00e9m introduziu um requisito de \u201cprova de vacina\u00e7\u00e3o\u201d contra a poliomielite se um viajante tiver vivido ou visitado qualquer um dos seguintes pa\u00edses durante mais de quatro semanas no ano passado: <strong>Afeganist\u00e3o, Rep\u00fablica Democr\u00e1tica do Congo, Israel, Madag\u00e1scar, Malawi, Mo\u00e7ambique ou Paquist\u00e3o<\/strong>. Parece que enquanto as restri\u00e7\u00f5es da Covid est\u00e3o a ser eliminadas em quase todo o mundo, est\u00e1 a desenvolver-se um novo discurso sobre a sa\u00fade de forma mais ampla.<\/p>\n\n\n\n<p><strong>Rela\u00e7\u00f5es Internacionais impactando a pol\u00edtica de vistos<\/strong><\/p>\n\n\n\n<p>Como demonstram as intera\u00e7\u00f5es p\u00f3s-Covid acima mencionadas entre China\/Jap\u00e3o\/Coreia do Sul, as regras de imigra\u00e7\u00e3o e vistos tamb\u00e9m desempenham um papel nas rela\u00e7\u00f5es mais amplas e cont\u00ednuas que cada pa\u00eds tem com outros pa\u00edses, blocos comerciais e corredores comerciais; e 2023 n\u00e3o \u00e9 exce\u00e7\u00e3o. Na tentativa de se alinhar mais especificamente com a pol\u00edtica da UE, <strong>S\u00e9rvia<\/strong> introduziu vistos para <strong>Indiana, Boliviana <\/strong>e<strong> cubano <\/strong>nacionais que desejam entrar na S\u00e9rvia para turismo e neg\u00f3cios, embora anteriormente estivessem isentos de visto por at\u00e9 30 dias dentro de um ano civil. Isto segue-se \u00e0 reintrodu\u00e7\u00e3o dos requisitos de visto para <strong>Burundi<\/strong> e <strong>tunisiano <\/strong>nacionais em dezembro de 2022. Ainda n\u00e3o se sabe at\u00e9 que ponto isto ter\u00e1 impacto nas rela\u00e7\u00f5es transfronteiri\u00e7as entre as pol\u00edticas fronteiri\u00e7as cada vez mais restritivas da S\u00e9rvia e as pol\u00edticas de outros Estados-Membros da UE, no entanto, o <strong>austr\u00edaco<\/strong> O Minist\u00e9rio do Interior confirmou que recebia agora menos de 300 pedidos de asilo por semana \u2013 em compara\u00e7\u00e3o com cerca de 1.000 no final de Outubro de 2022.<\/p>\n\n\n\n<p>Mas \u00e9 aqui que o alinhamento das pol\u00edticas da UE se torna interessante. A pr\u00f3pria pol\u00edtica da UE continua a ter uma execu\u00e7\u00e3o incerta entre os Estados-Membros.&nbsp; <strong>\u00c1ustria<\/strong> foi acompanhado por <strong>Noruega, Dinamarca, Alemanha<\/strong> e <strong>Fran\u00e7a <\/strong>na extens\u00e3o dos controlos internos nas suas fronteiras at\u00e9 Outubro\/Novembro de 2023. Os controlos nas fronteiras internas n\u00e3o s\u00e3o, em princ\u00edpio, permitidos no Espa\u00e7o Schengen, uma vez que t\u00eam como consequ\u00eancia atrasar a mobilidade dentro do Mercado \u00danico Europeu. No entanto, s\u00e3o poss\u00edveis como medidas tempor\u00e1rias de seguran\u00e7a nacional, com os pa\u00edses acima mencionados a implementarem os controlos originalmente como um meio de responder \u00e0s crises de refugiados que dominaram as manchetes europeias em 2015. Por esta raz\u00e3o, a Uni\u00e3o Europeia est\u00e1 a considerar alterar o C\u00f3digo das Fronteiras Schengen para permitir que as institui\u00e7\u00f5es europeias examinem mais detalhadamente a capacidade dos pa\u00edses da UE para estabelecer controlos nas fronteiras internas de Schengen.<\/p>\n\n\n\n<p>Em todo o mundo, o governo de <strong>Brasil<\/strong> anunciou que est\u00e1 revogando isen\u00e7\u00f5es de visto para nacionais de <strong>Austr\u00e1lia, Canad\u00e1, Jap\u00e3o<\/strong> e a <strong>Estados Unidos<\/strong> a partir de 1\u00ba de outubro de 2023, exigindo que tais nacionais obtenham um visto eletr\u00f4nico quando viajarem ao Brasil para turismo, neg\u00f3cios, atividades esportivas ou apresenta\u00e7\u00f5es art\u00edsticas ou quando transitarem pelos aeroportos brasileiros. A exig\u00eancia de visto acrescenta obst\u00e1culos administrativos, custos adicionais e potenciais atrasos.<\/p>\n\n\n\n<p>Quanto \u00e0s consequ\u00eancias cont\u00ednuas do conflito em mat\u00e9ria de imigra\u00e7\u00e3o e viagens no <strong>Ucr\u00e2nia<\/strong>, muitos pa\u00edses europeus continuaram em 2023 a suspender temporariamente a emiss\u00e3o de vistos e a restringir as regras de imigra\u00e7\u00e3o para <strong>russo<\/strong> cidad\u00e3os. Em janeiro de 2023 <strong>Dinamarca<\/strong> removido <strong>R\u00fassia<\/strong> da sua lista de nacionais priorit\u00e1rios para pedidos de asilo e, em mar\u00e7o de 2023, o <strong>Tcheco<\/strong> governo suspendeu a emiss\u00e3o de vistos ou autoriza\u00e7\u00f5es de resid\u00eancia a nacionais que possuam dupla cidadania com <strong>R\u00fassia<\/strong> ou <strong>Bielorr\u00fassia.<\/strong> Outras san\u00e7\u00f5es em mat\u00e9ria de vistos em toda a UE permanecem em vigor a partir de 2022, em muitos casos, e os empregadores devem estar cientes delas quando aconselharem os trabalhadores russos sobre os seus direitos, obriga\u00e7\u00f5es e riscos relacionados com viagens.<\/p>\n\n\n\n<p>\u00c9 claro que as rela\u00e7\u00f5es internacionais e a resposta aos acontecimentos internacionais como comunidade ou bloco continuar\u00e3o a contribuir fortemente para as discuss\u00f5es sobre riscos no espa\u00e7o das viagens e da imigra\u00e7\u00e3o. \u00c0 medida que o mundo se torna mais interligado e as fronteiras se tornam digitalizadas, \u00e9 prov\u00e1vel que isto continue.<\/p>\n\n\n\n<p><strong>Risco Ambiental e Resposta Humanit\u00e1ria<\/strong><\/p>\n\n\n\n<p>Num movimento semelhante ao esfor\u00e7o internacional de imigra\u00e7\u00e3o e vistos em resposta ao conflito na Ucr\u00e2nia no in\u00edcio de 2022, 2023 viu mais uma vez a colabora\u00e7\u00e3o internacional na forma humanit\u00e1ria; <strong>Su\u00ed\u00e7a<\/strong> deixou imediatamente claro que daria prioridade aos pedidos de visto apresentados em <strong>Turquia<\/strong> pelas pessoas afectadas pelo devastador terramoto que atingiu o pa\u00eds no in\u00edcio de Fevereiro. Em alguns casos, os pa\u00edses implementaram regras especiais em mat\u00e9ria de vistos para as pessoas afetadas. Estas v\u00e3o desde permitir que nacionais de pa\u00edses terceiros que se encontrem em <strong>B\u00e9lgica<\/strong> solicitar prorroga\u00e7\u00f5es de visto se n\u00e3o puderem regressar ao seu pa\u00eds de origem devido ao terramoto, e flexibilidade processual de curto prazo no <strong>Holanda<\/strong> para aqueles que n\u00e3o podem retornar e que necessitam de prorroga\u00e7\u00f5es de visto, para o <strong>canadense<\/strong> posi\u00e7\u00e3o de criar novos caminhos de vistos para indiv\u00edduos de <strong>Turquia <\/strong>e <strong>S\u00edria, <\/strong>incluindo uma rota de autoriza\u00e7\u00e3o de trabalho que permite o trabalho aut\u00f4nomo ou trabalho para qualquer empregador em <strong>Canad\u00e1<\/strong>, bem como processar pedidos de visto de visitante para familiares de cidad\u00e3os canadenses e pedidos de reassentamento de refugiados com prioridade. Uma resposta internacional semelhante foi vista para ajudar aqueles que foram afectados pelo conflito em curso em <strong>Sud\u00e3o<\/strong>.&nbsp;<\/p>\n\n\n\n<p><strong>Sempre volta ao Brexit<\/strong><\/p>\n\n\n\n<p>Embora a sa\u00edda do Reino Unido da Uni\u00e3o Europeia n\u00e3o seja novidade em 2023, as consequ\u00eancias de conformidade de um Reino Unido fora da UE ainda est\u00e3o a fazer com que muitas empresas n\u00e3o cumpram as regras, levando a um impacto significativo na capacidade de fazer neg\u00f3cios. No primeiro semestre de 2023, v\u00e1rios pa\u00edses membros da UE, incluindo a B\u00e9lgica e a Dinamarca, intensificaram as inspe\u00e7\u00f5es de imigra\u00e7\u00e3o no local. Ainda recentemente, em Abril de 2023, pelo menos 14 empreiteiros do Reino Unido foram removidos das instala\u00e7\u00f5es de uma empresa por agentes de imigra\u00e7\u00e3o locais e foram detidos com o fundamento de que n\u00e3o tinham os vistos e a documenta\u00e7\u00e3o de imigra\u00e7\u00e3o necess\u00e1rios para desempenhar legalmente as suas fun\u00e7\u00f5es tempor\u00e1rias naquele local. Enfrentaram ent\u00e3o interrogat\u00f3rios adicionais, poss\u00edveis multas e, na pior das hip\u00f3teses, deporta\u00e7\u00e3o. Numa medida prejudicial para a capacidade da empresa empregadora de servir os seus pr\u00f3prios clientes, estes contratantes tamb\u00e9m receberam uma proibi\u00e7\u00e3o de viajar durante dois anos na zona Schengen \u2013 o que afecta a sua capacidade individual cont\u00ednua de viajar pela Europa. \u00c9 imperativo que as empresas tenham a devida cautela ao enviar quaisquer funcion\u00e1rios do Reino Unido atrav\u00e9s da Europa sem avaliar primeiro completamente os seus requisitos de imigra\u00e7\u00e3o.<\/p>\n\n\n\n<p><strong>O que podemos aprender de 2023 at\u00e9 agora?<\/strong><\/p>\n\n\n\n<p>2023 j\u00e1 demonstrou que o risco de viagens e imigra\u00e7\u00e3o est\u00e1 inter-relacionado e agravado, onde o impacto destas combina\u00e7\u00f5es de eventos mundiais e decis\u00f5es pol\u00edticas excede a soma de cada parte. A gest\u00e3o de riscos tradicional sempre funcionou bem num mundo globalizado e razoavelmente est\u00e1vel. O que mudou radicalmente nos \u00faltimos tr\u00eas anos \u00e9 que o mundo que conhecemos agora n\u00e3o se divide da mesma forma. O mundo das viagens em 2023 tem de enfrentar reciprocidade pol\u00edtica, conflitos, crises energ\u00e9ticas, renova\u00e7\u00e3o p\u00f3s-pandemia, limita\u00e7\u00f5es dos direitos dos viajantes e preocupa\u00e7\u00f5es de sa\u00fade p\u00fablica; para citar apenas algumas das quest\u00f5es que os profissionais de risco est\u00e3o explorando detalhadamente.&nbsp;&nbsp;<\/p>\n\n\n\n<p>Pode argumentar-se que o nosso pensamento como gestores de viagens, fornecedores e estrategistas n\u00e3o deve permanecer estreitamente isolado e reacion\u00e1rio aos riscos e aos eventos de crise que, \u00e0 primeira vista, podem parecer distantes e desconectados. A reflex\u00e3o sobre a imigra\u00e7\u00e3o e as viagens pode agora desempenhar um papel fundamental no tratamento e na resposta \u00e0 natureza complexa de um mundo em fluxo permanente. A pandemia lan\u00e7ou um olhar atento sobre os riscos de imigra\u00e7\u00e3o e viagens que podem afectar organiza\u00e7\u00f5es e indiv\u00edduos que realizam neg\u00f3cios e realocam trabalhadores estrangeiros em todo o mundo. As fronteiras fecharam, reabriram e fecharam novamente \u00e0 medida que as transmiss\u00f5es de v\u00e1rias cepas do v\u00edrus se instalavam. Em 2020, o mundo das viagens de neg\u00f3cios fechou quase completamente e lentamente foi reconstru\u00eddo para o novo normal em que nos encontramos hoje em 2023.<\/p>\n\n\n\n<p>Em 2023, h\u00e1 uma consci\u00eancia crescente de que os gestores de viagens proativos podem e devem tomar medidas para evitar as consequ\u00eancias mais severas de uma crise que aconte\u00e7a. Os programas de viagens que tiveram melhor desempenho durante o r\u00e1pido encerramento das fronteiras foram aqueles que tinham dados precisos dos seus viajantes de curto, m\u00e9dio e longo prazo e foram capazes de transportar rapidamente as suas pessoas deslocadas por todo o mundo atrav\u00e9s de v\u00e1rios e diferentes regimes de quarentena e fronteiras. encerramentos, para operacionalizar a popula\u00e7\u00e3o o mais rapidamente poss\u00edvel. O mesmo se pode dizer das empresas que responderam atempadamente e de forma robusta ao Brexit, enfrentando os desafios de frente e encontrando novos caminhos para permanecerem em conformidade. Uma resposta ao risco mundial\/regi\u00e3o\/pa\u00eds levou a uma aceita\u00e7\u00e3o crescente da mitiga\u00e7\u00e3o de riscos e da gest\u00e3o de crises como parte de um processo cont\u00ednuo, que se baseia no reconhecimento (a) de que os riscos ou crises mais prov\u00e1veis s\u00e3o geralmente identific\u00e1veis e (b) que as respostas program\u00e1ticas , usando dados para identificar, antecipar e mitigar a mais dura realidade de risco. A revis\u00e3o do primeiro semestre do ano poder\u00e1 indicar que os gestores de viagens devem abra\u00e7ar a inter-rela\u00e7\u00e3o dos diferentes tipos de vistos e riscos de imigra\u00e7\u00e3o para serem verdadeiramente capazes de navegar pelas complexidades em constante mudan\u00e7a de um mundo incerto e em mudan\u00e7a. A parceria com especialistas para ajudar nessa navega\u00e7\u00e3o ajudar\u00e1 enormemente, mas talvez uma atualiza\u00e7\u00e3o de atitude possa ser ainda melhor; antecipar, conectar e mitigar eventos \u00e0 medida que eles se desenrolam; e pode ser o verdadeiro divisor de \u00e1guas no que diz respeito aos riscos cont\u00ednuos do nosso cen\u00e1rio de viagens em 2023.<\/p>","protected":false},"excerpt":{"rendered":"<p>Revis\u00e3o de 2023 Seis meses depois do in\u00edcio do ano, Craig Collins e Ray Rackham, da CIBT, analisam os desafios de vistos e imigra\u00e7\u00e3o de um mundo em transi\u00e7\u00e3o cont\u00ednua. Risco de viagem: d\u00e9cadas em forma\u00e7\u00e3o Riscos e crises afetaram a ind\u00fastria de viagens e imigra\u00e7\u00e3o muito antes da Covid. Na verdade, o surto de SARS em 2002\/2003 teve um impacto significativo\u2026<\/p>","protected":false},"author":14,"featured_media":0,"comment_status":"closed","ping_status":"closed","sticky":false,"template":"","format":"standard","meta":{"_acf_changed":false,"_seopress_robots_primary_cat":"none","_seopress_titles_title":"","_seopress_titles_desc":"","_seopress_robots_index":"","om_disable_all_campaigns":false,"_relevanssi_hide_post":"","_relevanssi_hide_content":"","_relevanssi_pin_for_all":"","_relevanssi_pin_keywords":"","_relevanssi_unpin_keywords":"","_relevanssi_related_keywords":"","_relevanssi_related_include_ids":"","_relevanssi_related_exclude_ids":"","_relevanssi_related_no_append":"","_relevanssi_related_not_related":"","_relevanssi_related_posts":"1,415,662,664,666,667","_relevanssi_noindex_reason":"","_kad_blocks_custom_css":"","_kad_blocks_head_custom_js":"","_kad_blocks_body_custom_js":"","_kad_blocks_footer_custom_js":"","_kad_post_transparent":"","_kad_post_title":"","_kad_post_layout":"","_kad_post_sidebar_id":"","_kad_post_content_style":"","_kad_post_vertical_padding":"","_kad_post_feature":"","_kad_post_feature_position":"","_kad_post_header":false,"_kad_post_footer":false,"footnotes":"","_links_to":"","_links_to_target":""},"categories":[297],"tags":[],"class_list":["post-11184","post","type-post","status-publish","format-standard","hentry","category-risk-committee"],"acf":[],"featured_image_src_large":false,"author_info":{"display_name":"","author_link":"https:\/\/gbta.org\/pt\/author\/"},"comment_info":"","category_info":[{"term_id":297,"name":"Risk Committee","slug":"risk-committee","term_group":0,"term_taxonomy_id":297,"taxonomy":"category","description":"","parent":0,"count":51,"filter":"raw","cat_ID":297,"category_count":51,"category_description":"","cat_name":"Risk Committee","category_nicename":"risk-committee","category_parent":0}],"tag_info":false,"taxonomy_info":{"category":[{"value":297,"label":"Risk Committee"}]},"featured_image_src":null,"featured_image_src_square":null,"mfb_rest_fields":["featured_image_src_large","author_info","comment_info","category_info","tag_info","taxonomy_info","featured_image_src","featured_image_src_square"],"_links":{"self":[{"href":"https:\/\/gbta.org\/pt\/wp-json\/wp\/v2\/posts\/11184","targetHints":{"allow":["GET"]}}],"collection":[{"href":"https:\/\/gbta.org\/pt\/wp-json\/wp\/v2\/posts"}],"about":[{"href":"https:\/\/gbta.org\/pt\/wp-json\/wp\/v2\/types\/post"}],"author":[{"embeddable":true,"href":"https:\/\/gbta.org\/pt\/wp-json\/wp\/v2\/users\/14"}],"replies":[{"embeddable":true,"href":"https:\/\/gbta.org\/pt\/wp-json\/wp\/v2\/comments?post=11184"}],"version-history":[{"count":0,"href":"https:\/\/gbta.org\/pt\/wp-json\/wp\/v2\/posts\/11184\/revisions"}],"wp:attachment":[{"href":"https:\/\/gbta.org\/pt\/wp-json\/wp\/v2\/media?parent=11184"}],"wp:term":[{"taxonomy":"category","embeddable":true,"href":"https:\/\/gbta.org\/pt\/wp-json\/wp\/v2\/categories?post=11184"},{"taxonomy":"post_tag","embeddable":true,"href":"https:\/\/gbta.org\/pt\/wp-json\/wp\/v2\/tags?post=11184"}],"curies":[{"name":"wp","href":"https:\/\/api.w.org\/{rel}","templated":true}]}}