{"id":1148,"date":"2022-07-20T09:42:53","date_gmt":"2022-07-20T13:42:53","guid":{"rendered":"https:\/\/gbta.org\/video-join-us-in-denver-for-our-biggest-best-convention-yet\/"},"modified":"2022-08-11T11:33:28","modified_gmt":"2022-08-11T15:33:28","slug":"video-join-us-in-denver-for-our-biggest-best-convention-yet","status":"publish","type":"post","link":"https:\/\/gbta.org\/pt\/video-join-us-in-denver-for-our-biggest-best-convention-yet\/","title":{"rendered":"V\u00eddeo: Junte-se a n\u00f3s em Denver para nossa maior e melhor conven\u00e7\u00e3o at\u00e9 agora"},"content":{"rendered":"<p><a href=\"http:\/\/convention.gbta.org\/\" target=\"_blank\" rel=\"noopener\">Conven\u00e7\u00e3o GBTA 2016<\/a> est\u00e1 ao virar da esquina. Espero ver voc\u00ea l\u00e1!<\/p>\n<p><iframe loading=\"lazy\" width=\"560\" height=\"315\" src=\"https:\/\/www.youtube.com\/embed\/H44a8c-_P6E\" frameborder=\"0\" allowfullscreen><\/iframe><\/p>","protected":false},"excerpt":{"rendered":"<p>A Conven\u00e7\u00e3o GBTA 2016 est\u00e1 chegando. Espero ver voc\u00ea l\u00e1!<\/p>","protected":false},"author":25,"featured_media":1149,"comment_status":"open","ping_status":"open","sticky":false,"template":"","format":"standard","meta":{"_acf_changed":false,"_seopress_robots_primary_cat":"","_seopress_titles_title":"","_seopress_titles_desc":"","_seopress_robots_index":"","om_disable_all_campaigns":false,"_relevanssi_hide_post":"","_relevanssi_hide_content":"","_relevanssi_pin_for_all":"","_relevanssi_pin_keywords":"","_relevanssi_unpin_keywords":"","_relevanssi_related_keywords":"","_relevanssi_related_include_ids":"","_relevanssi_related_exclude_ids":"","_relevanssi_related_no_append":"","_relevanssi_related_not_related":"","_relevanssi_related_posts":"","_relevanssi_noindex_reason":"","_kad_blocks_custom_css":"","_kad_blocks_head_custom_js":"","_kad_blocks_body_custom_js":"","_kad_blocks_footer_custom_js":"","_kad_post_transparent":"","_kad_post_title":"","_kad_post_layout":"","_kad_post_sidebar_id":"","_kad_post_content_style":"","_kad_post_vertical_padding":"","_kad_post_feature":"","_kad_post_feature_position":"","_kad_post_header":false,"_kad_post_footer":false,"footnotes":"","_links_to":"","_links_to_target":""},"categories":[37],"tags":[618,48,181,736,49,737],"class_list":["post-1148","post","type-post","status-publish","format-standard","has-post-thumbnail","hentry","category-research-and-travel-trends","tag-balance","tag-business-travel","tag-convention","tag-denver","tag-gbta","tag-video"],"acf":[],"featured_image_src_large":["https:\/\/gbta.org\/wp-content\/uploads\/Denver-Skyline-and-Mountains-1024x188.jpg",1024,188,true],"author_info":{"display_name":"jcampbell","author_link":"https:\/\/gbta.org\/pt\/author\/jcampbell\/"},"comment_info":"","category_info":[{"term_id":37,"name":"Research and Travel Trends","slug":"research-and-travel-trends","term_group":0,"term_taxonomy_id":37,"taxonomy":"category","description":"","parent":0,"count":966,"filter":"raw","cat_ID":37,"category_count":966,"category_description":"","cat_name":"Research and Travel Trends","category_nicename":"research-and-travel-trends","category_parent":0}],"tag_info":[{"term_id":618,"name":"balance","slug":"balance","term_group":0,"term_taxonomy_id":618,"taxonomy":"post_tag","description":"","parent":0,"count":3,"filter":"raw"},{"term_id":48,"name":"business travel","slug":"business-travel","term_group":0,"term_taxonomy_id":48,"taxonomy":"post_tag","description":"","parent":0,"count":416,"filter":"raw"},{"term_id":181,"name":"Convention","slug":"convention","term_group":0,"term_taxonomy_id":181,"taxonomy":"post_tag","description":"","parent":0,"count":61,"filter":"raw"},{"term_id":736,"name":"Denver","slug":"denver","term_group":0,"term_taxonomy_id":736,"taxonomy":"post_tag","description":"","parent":0,"count":1,"filter":"raw"},{"term_id":49,"name":"GBTA","slug":"gbta","term_group":0,"term_taxonomy_id":49,"taxonomy":"post_tag","description":"","parent":0,"count":260,"filter":"raw"},{"term_id":737,"name":"video","slug":"video","term_group":0,"term_taxonomy_id":737,"taxonomy":"post_tag","description":"","parent":0,"count":2,"filter":"raw"}],"taxonomy_info":{"category":[{"value":37,"label":"Research and Travel Trends"}],"post_tag":[{"value":618,"label":"balance"},{"value":48,"label":"business travel"},{"value":181,"label":"Convention"},{"value":736,"label":"Denver"},{"value":49,"label":"GBTA"},{"value":737,"label":"video"}]},"featured_image_src":"https:\/\/gbta.org\/wp-content\/uploads\/Denver-Skyline-and-Mountains-scaled.jpg","featured_image_src_square":"https:\/\/gbta.org\/wp-content\/uploads\/Denver-Skyline-and-Mountains-scaled.jpg","mfb_rest_fields":["featured_image_src_large","author_info","comment_info","category_info","tag_info","taxonomy_info","featured_image_src","featured_image_src_square"],"_links":{"self":[{"href":"https:\/\/gbta.org\/pt\/wp-json\/wp\/v2\/posts\/1148","targetHints":{"allow":["GET"]}}],"collection":[{"href":"https:\/\/gbta.org\/pt\/wp-json\/wp\/v2\/posts"}],"about":[{"href":"https:\/\/gbta.org\/pt\/wp-json\/wp\/v2\/types\/post"}],"author":[{"embeddable":true,"href":"https:\/\/gbta.org\/pt\/wp-json\/wp\/v2\/users\/25"}],"replies":[{"embeddable":true,"href":"https:\/\/gbta.org\/pt\/wp-json\/wp\/v2\/comments?post=1148"}],"version-history":[{"count":0,"href":"https:\/\/gbta.org\/pt\/wp-json\/wp\/v2\/posts\/1148\/revisions"}],"wp:featuredmedia":[{"embeddable":true,"href":"https:\/\/gbta.org\/pt\/wp-json\/wp\/v2\/media\/1149"}],"wp:attachment":[{"href":"https:\/\/gbta.org\/pt\/wp-json\/wp\/v2\/media?parent=1148"}],"wp:term":[{"taxonomy":"category","embeddable":true,"href":"https:\/\/gbta.org\/pt\/wp-json\/wp\/v2\/categories?post=1148"},{"taxonomy":"post_tag","embeddable":true,"href":"https:\/\/gbta.org\/pt\/wp-json\/wp\/v2\/tags?post=1148"}],"curies":[{"name":"wp","href":"https:\/\/api.w.org\/{rel}","templated":true}]}}