{"id":11717,"date":"2023-06-30T07:55:00","date_gmt":"2023-06-30T11:55:00","guid":{"rendered":"https:\/\/gbta.org\/?p=11717"},"modified":"2023-09-01T03:15:10","modified_gmt":"2023-09-01T07:15:10","slug":"gbta-expands-presence-in-asia-pacific-with-new-advisory-board","status":"publish","type":"post","link":"https:\/\/gbta.org\/pt\/gbta-expands-presence-in-asia-pacific-with-new-advisory-board\/","title":{"rendered":"GBTA expande presen\u00e7a na \u00c1sia-Pac\u00edfico com novo conselho consultivo"},"content":{"rendered":"<p><em>Os membros do Conselho da Ind\u00fastria, juntamente com o novo diretor interino da GBTA APAC, se concentrar\u00e3o no avan\u00e7o das iniciativas da associa\u00e7\u00e3o na regi\u00e3o<br><\/em><br>A Associa\u00e7\u00e3o Global de Viagens de Neg\u00f3cios (<a href=\"https:\/\/gbta.org\/pt\/\">GBTA<\/a>), a principal organiza\u00e7\u00e3o comercial de viagens de neg\u00f3cios e reuni\u00f5es do mundo, continua a aumentar o seu compromisso com as viagens de neg\u00f3cios globais com o estabelecimento de um novo Conselho Consultivo regional da GBTA na \u00c1sia-Pac\u00edfico. Este movimento estrat\u00e9gico visa melhorar a presen\u00e7a e o crescimento da GBTA, envolvendo valiosa orienta\u00e7\u00e3o e conhecimento local para melhor servir os membros e parceiros na regi\u00e3o.<br><br>\u201cO novo Conselho re\u00fane muitas vozes especializadas e diversas em toda a regi\u00e3o. Seus insights e experi\u00eancia no setor ajudar\u00e3o a GBTA a servir de maneira otimizada a regi\u00e3o APAC por meio do desenvolvimento de programas e ofertas personalizados para compradores, fornecedores e empresas de viagens de neg\u00f3cios na regi\u00e3o\u201d, disse Catherine Logan, vice-presidente s\u00eanior regional da GBTA para EMEA e APAC. \u201cEstamos gratos pelo compromisso dos novos membros do Conselho e pelo seu papel crucial na forma\u00e7\u00e3o dos programas de aprendizagem, comunidade e defesa da GBTA no mercado APAC.\u201d<br><br>Peter Koh, Diretor Executivo, Chefe de Viagens e Despesas Integradas da APAC para <strong>Goldman Sachs,<\/strong> atuar\u00e1 como Presidente do Conselho Consultivo da GBTA APAC, composto por 12 membros, composto por l\u00edderes de viagens de neg\u00f3cios inter-regionais (em ordem alfab\u00e9tica abaixo) das principais organiza\u00e7\u00f5es:<\/p>\n\n\n\n<ul class=\"wp-block-list\">\n<li>Koreen Barbara, gerente global de viagens, <strong>McDonald&#039;s<\/strong><\/li>\n\n\n\n<li>John Holden, l\u00edder regional\/fornecimento estrat\u00e9gico global APJ, <strong>Dia De Trabalho<\/strong><\/li>\n\n\n\n<li>Carl Jones, ex-Diretor Geral, Sudeste Asi\u00e1tico, <strong>SAP Concordo<\/strong><\/li>\n\n\n\n<li>Jonathan Kao, Diretor Geral da Grande China, <strong>Viagem BCD<\/strong><\/li>\n\n\n\n<li>Amarnath Lal Das, vice-presidente \u2013 Reuni\u00f5es e eventos de viagens na \u00cdndia, <strong>Accenture Solutions Ltda<\/strong><\/li>\n\n\n\n<li>Ewan Lin, gerente de opera\u00e7\u00f5es de viagens APAC\/l\u00edder de categoria global (hot\u00e9is), <strong>Johnson &amp; Johnson<\/strong><\/li>\n\n\n\n<li>Michelle Low, vice-presidente global de cadeia de suprimentos, <strong>Synergy Global Housing<\/strong><\/li>\n\n\n\n<li>Mike Orchard, consultor principal, l\u00edder de desenvolvimento de produtos e centro de excel\u00eancia anal\u00edtica<strong>, ESTRADA FESTIVA<\/strong><\/li>\n\n\n\n<li>Bertrand Saillet, Diretor Geral, <strong>FCM Travel Solutions \u00c1sia<\/strong><\/li>\n\n\n\n<li>Timothy Tan, vice-presidente s\u00eanior de gerenciamento global de viagens corporativas,<strong> Banco UOB<\/strong><\/li>\n\n\n\n<li>Nichola Winchester, l\u00edder de viagens, reuni\u00f5es e eventos da \u00c1sia-Pac\u00edfico\/l\u00edder global de cart\u00f5es corporativos, <strong>EY<\/strong><\/li>\n\n\n\n<li>Kenji Soh, membro do conselho, diretor, Global Travel (APAC), Bain &amp; Company<\/li>\n<\/ul>\n\n\n\n<p>A GBTA tamb\u00e9m nomeou a veterana da ind\u00fastria de viagens de neg\u00f3cios, Maura Geertsma, como sua Diretora Regional interina para a APAC. Reportando-se a Logan, Geertsma traz ampla experi\u00eancia e profundo conhecimento da regi\u00e3o para apoiar as iniciativas da GBTA.<br><br>Logan acrescentou que a GBTA est\u00e1 focada em servir as necessidades e interesses \u00fanicos da APAC atrav\u00e9s de uma estrat\u00e9gia regional de longo prazo, bem como com iniciativas de curto prazo, como o pr\u00f3ximo <a href=\"https:\/\/apacconference.gbta.org\/\">Confer\u00eancia GBTA APAC 2023<\/a>.<br><br>Ocorrendo de 19 a 20 de setembro no Shangri-La Singapura, a Confer\u00eancia GBTA APAC servir\u00e1 como uma plataforma para a comunidade de viagens de neg\u00f3cios se conectar, obter insights de especialistas do setor e se envolver na educa\u00e7\u00e3o entre pares. Pela primeira vez, o evento deste ano ser\u00e1 co-localizado com o <a href=\"https:\/\/www.worldwideerc.org\/\">C\u00fapula Mundial de Mobilidade Global ERC<\/a>, proporcionando a todos os delegados oportunidades incompar\u00e1veis de aprender e fazer networking em ambas as confer\u00eancias.<br><br>A confer\u00eancia de dois dias contar\u00e1 com palestrantes perspicazes no palco principal, mesas redondas de compradores\/fornecedores e uma sess\u00e3o de workshop de inova\u00e7\u00e3o \u201cThe Big Idea\u201d, juntamente com dados e an\u00e1lises espec\u00edficos da APAC rec\u00e9m-lan\u00e7ados da \u00faltima previs\u00e3o do GBTA Business Travel Index\u2122 Outlook. As sess\u00f5es educativas apresentar\u00e3o t\u00f3picos oportunos de todo o ecossistema de viagens de neg\u00f3cios, incluindo o envolvimento dos viajantes de neg\u00f3cios, a medi\u00e7\u00e3o do impacto ambiental dos programas de viagens, a resili\u00eancia das viagens e reuni\u00f5es na \u00c1sia, a gest\u00e3o de riscos e a negocia\u00e7\u00e3o de taxas no atual ambiente NDC.<br><br><a href=\"https:\/\/apacconference.gbta.org\/\"><em>Clique aqui<\/em><\/a><em> para obter mais informa\u00e7\u00f5es, oportunidades de patroc\u00ednio ou para se registrar para participar da Confer\u00eancia GBTA APAC 2023.<\/em><strong><br><\/strong><\/p>","protected":false},"excerpt":{"rendered":"<p>Os membros do Conselho da Ind\u00fastria, juntamente com o novo diretor interino da GBTA APAC, se concentrar\u00e3o no avan\u00e7o das iniciativas da associa\u00e7\u00e3o na regi\u00e3o. A Global Business Travel Association (GBTA), a principal organiza\u00e7\u00e3o comercial de viagens de neg\u00f3cios e reuni\u00f5es do mundo, continua a aumentar seu compromisso com viagens de neg\u00f3cios globais com o estabelecimento de um novo Conselho Consultivo regional do GBTA na \u00c1sia\u2026<\/p>","protected":false},"author":29,"featured_media":0,"comment_status":"closed","ping_status":"closed","sticky":false,"template":"","format":"standard","meta":{"_acf_changed":false,"_seopress_robots_primary_cat":"none","_seopress_titles_title":"","_seopress_titles_desc":"","_seopress_robots_index":"","om_disable_all_campaigns":false,"_relevanssi_hide_post":"","_relevanssi_hide_content":"","_relevanssi_pin_for_all":"","_relevanssi_pin_keywords":"","_relevanssi_unpin_keywords":"","_relevanssi_related_keywords":"","_relevanssi_related_include_ids":"","_relevanssi_related_exclude_ids":"","_relevanssi_related_no_append":"","_relevanssi_related_not_related":"","_relevanssi_related_posts":"1,415,662,664,666,667","_relevanssi_noindex_reason":"","_kad_blocks_custom_css":"","_kad_blocks_head_custom_js":"","_kad_blocks_body_custom_js":"","_kad_blocks_footer_custom_js":"","_kad_post_transparent":"","_kad_post_title":"","_kad_post_layout":"","_kad_post_sidebar_id":"","_kad_post_content_style":"","_kad_post_vertical_padding":"","_kad_post_feature":"","_kad_post_feature_position":"","_kad_post_header":false,"_kad_post_footer":false,"footnotes":"","_links_to":"","_links_to_target":""},"categories":[1454,45],"tags":[48,49,233],"class_list":["post-11717","post","type-post","status-publish","format-standard","hentry","category-asia","category-news-and-press-releases","tag-business-travel","tag-gbta","tag-news"],"acf":[],"featured_image_src_large":false,"author_info":{"display_name":"","author_link":"https:\/\/gbta.org\/pt\/author\/"},"comment_info":"","category_info":[{"term_id":1454,"name":"Asia","slug":"asia","term_group":0,"term_taxonomy_id":1454,"taxonomy":"category","description":"","parent":0,"count":18,"filter":"raw","cat_ID":1454,"category_count":18,"category_description":"","cat_name":"Asia","category_nicename":"asia","category_parent":0},{"term_id":45,"name":"News and Press Releases","slug":"news-and-press-releases","term_group":0,"term_taxonomy_id":45,"taxonomy":"category","description":"","parent":0,"count":540,"filter":"raw","cat_ID":45,"category_count":540,"category_description":"","cat_name":"News and Press Releases","category_nicename":"news-and-press-releases","category_parent":0}],"tag_info":[{"term_id":48,"name":"business travel","slug":"business-travel","term_group":0,"term_taxonomy_id":48,"taxonomy":"post_tag","description":"","parent":0,"count":416,"filter":"raw"},{"term_id":49,"name":"GBTA","slug":"gbta","term_group":0,"term_taxonomy_id":49,"taxonomy":"post_tag","description":"","parent":0,"count":260,"filter":"raw"},{"term_id":233,"name":"news","slug":"news","term_group":0,"term_taxonomy_id":233,"taxonomy":"post_tag","description":"","parent":0,"count":307,"filter":"raw"}],"taxonomy_info":{"category":[{"value":1454,"label":"Asia"},{"value":45,"label":"News and Press Releases"}],"post_tag":[{"value":48,"label":"business travel"},{"value":49,"label":"GBTA"},{"value":233,"label":"news"}]},"featured_image_src":null,"featured_image_src_square":null,"mfb_rest_fields":["featured_image_src_large","author_info","comment_info","category_info","tag_info","taxonomy_info","featured_image_src","featured_image_src_square"],"_links":{"self":[{"href":"https:\/\/gbta.org\/pt\/wp-json\/wp\/v2\/posts\/11717","targetHints":{"allow":["GET"]}}],"collection":[{"href":"https:\/\/gbta.org\/pt\/wp-json\/wp\/v2\/posts"}],"about":[{"href":"https:\/\/gbta.org\/pt\/wp-json\/wp\/v2\/types\/post"}],"author":[{"embeddable":true,"href":"https:\/\/gbta.org\/pt\/wp-json\/wp\/v2\/users\/29"}],"replies":[{"embeddable":true,"href":"https:\/\/gbta.org\/pt\/wp-json\/wp\/v2\/comments?post=11717"}],"version-history":[{"count":0,"href":"https:\/\/gbta.org\/pt\/wp-json\/wp\/v2\/posts\/11717\/revisions"}],"wp:attachment":[{"href":"https:\/\/gbta.org\/pt\/wp-json\/wp\/v2\/media?parent=11717"}],"wp:term":[{"taxonomy":"category","embeddable":true,"href":"https:\/\/gbta.org\/pt\/wp-json\/wp\/v2\/categories?post=11717"},{"taxonomy":"post_tag","embeddable":true,"href":"https:\/\/gbta.org\/pt\/wp-json\/wp\/v2\/tags?post=11717"}],"curies":[{"name":"wp","href":"https:\/\/api.w.org\/{rel}","templated":true}]}}