{"id":1184,"date":"2022-07-20T09:44:58","date_gmt":"2022-07-20T13:44:58","guid":{"rendered":"https:\/\/gbta.org\/germany-continues-to-be-europes-economic-powerhouse\/"},"modified":"2022-08-11T11:33:31","modified_gmt":"2022-08-11T15:33:31","slug":"germany-continues-to-be-europes-economic-powerhouse","status":"publish","type":"post","link":"https:\/\/gbta.org\/pt\/germany-continues-to-be-europes-economic-powerhouse\/","title":{"rendered":"Alemanha continua a ser a pot\u00eancia econ\u00f4mica da Europa"},"content":{"rendered":"<p>A Alemanha \u00e9 a maior economia da Europa, atualmente o terceiro maior mercado de viagens de neg\u00f3cios do mundo, \u00e9 liderada por uma das mulheres mais poderosas do mundo e tem uma voz forte e influente nos assuntos europeus e globais. Dado o poder, a riqueza e a influ\u00eancia da Alemanha, ela continuar\u00e1 sendo a pot\u00eancia econ\u00f4mica da UE, um t\u00edtulo que \u00e9 improv\u00e1vel que abdique t\u00e3o cedo.<\/p>\n<p>De acordo com o mais recente <a href=\"https:\/\/gbta.org\/pt\/foundation\/pressreleases\/Pages\/rls_060816.aspx\/?Source=http:\/\/www.gbta.org\/lists\/news\/Allitems_all.aspx\" target=\"_blank\" rel=\"noopener\">GBTA Foundation Western Europe BTI Report, patrocinado pela Visa<\/a>, espera-se que os gastos com viagens de neg\u00f3cios totais aumentem em 2016 e 2017 em 7,6% e 9,3%, respectivamente. Esses ganhos positivos representam, na verdade, um leve rebaixamento nas expectativas dos relat\u00f3rios anteriores, mas ainda assim \u00e9 previsto um crescimento saud\u00e1vel. Dos cinco pa\u00edses europeus citados no mais recente Relat\u00f3rio BTI da Europa Ocidental, espera-se que a Alemanha experimente a segunda maior taxa de crescimento nos gastos com viagens de neg\u00f3cios em 2016, enquanto uma conflu\u00eancia de fatores garantir\u00e1 que a economia da Alemanha continue a ser a for\u00e7a dominante em toda a UE bloco.<\/p>\n<p><img loading=\"lazy\" decoding=\"async\" class=\"aligncenter size-large wp-image-2161\" src=\"http:\/\/blog.gbta.org\/wp-content\/uploads\/2016\/08\/Western-Europe-BTI-2016-H1-Germany-1024x609.png\" alt=\"Western Europe BTI 2016 H1 Germany\" width=\"1024\" height=\"609\" \/><br \/>\nDa mesma forma, a Organiza\u00e7\u00e3o para Coopera\u00e7\u00e3o e Desenvolvimento Econ\u00f4mico, a economia da Alemanha est\u00e1 projetada para se fortalecer ainda mais em 2016. Devido a um mercado de trabalho robusto, reformas do mercado de trabalho, taxas de juros historicamente baixas, baixos pre\u00e7os de energia, aumento da demanda por bens e servi\u00e7os da Alemanha de seus vizinhos economias do euro e um ambiente de investimento empresarial em recupera\u00e7\u00e3o, a atividade de viagens de neg\u00f3cios provavelmente permanecer\u00e1 positiva no futuro pr\u00f3ximo, embora a um ritmo mais lento do que o observado em 2015.<\/p>\n<p>Dada a infla\u00e7\u00e3o historicamente baixa da Alemanha, os pre\u00e7os de bens e servi\u00e7os relacionados a viagens \u2013 como hot\u00e9is, passagens a\u00e9reas, petro, aluguel de autom\u00f3veis etc. \u2013 devem permanecer relativamente constantes. Com pre\u00e7os est\u00e1veis e previsibilidade, consumidores e empresas provavelmente experimentar\u00e3o economias de custos relacionadas a viagens, impulsionando ainda mais o desempenho de viagens de neg\u00f3cios da Alemanha em 2016 e 2017.<\/p>\n<p>A partir de 2010, os gastos com viagens de neg\u00f3cios dom\u00e9sticas na Alemanha \u2013 que representam 80% de todas as viagens de neg\u00f3cios \u2013 tiveram cinco anos consecutivos de crescimento. O que era um mercado de $37,8 bilh\u00f5es em 2010 est\u00e1 projetado para ser um mercado de $55,2 bilh\u00f5es em 2016. As viagens internacionais de neg\u00f3cios de sa\u00edda da Alemanha tiveram um crescimento ano a ano desde 2012.<\/p>\n<p>\u00c0 medida que a economia da Alemanha continua a se expandir em 2016 e 2017 \u2013 impulsionada por n\u00edveis mais altos de exporta\u00e7\u00f5es de bens e servi\u00e7os para outros pa\u00edses da \u00e1rea do euro \u2013 os gastos com viagens de neg\u00f3cios de sa\u00edda dom\u00e9sticas e internacionais tamb\u00e9m continuar\u00e3o a se expandir. O crescimento econ\u00f4mico da Alemanha ajudar\u00e1 a solidificar ainda mais a posi\u00e7\u00e3o da Alemanha no bloco do Euro e na economia global, bem como no mercado global de viagens de neg\u00f3cios.<\/p>","protected":false},"excerpt":{"rendered":"<p>A Alemanha \u00e9 a maior economia da Europa, atualmente o terceiro maior mercado de viagens de neg\u00f3cios do mundo, \u00e9 liderada por uma das mulheres mais poderosas do mundo e tem uma voz forte e influente nos assuntos europeus e globais. Dado o poder, a riqueza e a influ\u00eancia da Alemanha, ela continuar\u00e1 sendo a\u2026<\/p>","protected":false},"author":25,"featured_media":1185,"comment_status":"open","ping_status":"open","sticky":false,"template":"","format":"standard","meta":{"_acf_changed":false,"_seopress_robots_primary_cat":"","_seopress_titles_title":"","_seopress_titles_desc":"","_seopress_robots_index":"","om_disable_all_campaigns":false,"_relevanssi_hide_post":"","_relevanssi_hide_content":"","_relevanssi_pin_for_all":"","_relevanssi_pin_keywords":"","_relevanssi_unpin_keywords":"","_relevanssi_related_keywords":"","_relevanssi_related_include_ids":"","_relevanssi_related_exclude_ids":"","_relevanssi_related_no_append":"","_relevanssi_related_not_related":"","_relevanssi_related_posts":"","_relevanssi_noindex_reason":"","_kad_blocks_custom_css":"","_kad_blocks_head_custom_js":"","_kad_blocks_body_custom_js":"","_kad_blocks_footer_custom_js":"","_kad_post_transparent":"","_kad_post_title":"","_kad_post_layout":"","_kad_post_sidebar_id":"","_kad_post_content_style":"","_kad_post_vertical_padding":"","_kad_post_feature":"","_kad_post_feature_position":"","_kad_post_header":false,"_kad_post_footer":false,"footnotes":"","_links_to":"","_links_to_target":""},"categories":[37],"tags":[48,276,103,587,148,95,49,165,150],"class_list":["post-1184","post","type-post","status-publish","format-standard","has-post-thumbnail","hentry","category-research-and-travel-trends","tag-business-travel","tag-business-travel-forecast","tag-economy","tag-eu","tag-europe","tag-forecast","tag-gbta","tag-gbta-foundation","tag-germany"],"acf":[],"featured_image_src_large":["https:\/\/gbta.org\/wp-content\/uploads\/Germany-Flag-1024x631.jpg",1024,631,true],"author_info":{"display_name":"jcampbell","author_link":"https:\/\/gbta.org\/pt\/author\/jcampbell\/"},"comment_info":"","category_info":[{"term_id":37,"name":"Research and Travel Trends","slug":"research-and-travel-trends","term_group":0,"term_taxonomy_id":37,"taxonomy":"category","description":"","parent":0,"count":966,"filter":"raw","cat_ID":37,"category_count":966,"category_description":"","cat_name":"Research and Travel Trends","category_nicename":"research-and-travel-trends","category_parent":0}],"tag_info":[{"term_id":48,"name":"business travel","slug":"business-travel","term_group":0,"term_taxonomy_id":48,"taxonomy":"post_tag","description":"","parent":0,"count":416,"filter":"raw"},{"term_id":276,"name":"business travel forecast","slug":"business-travel-forecast","term_group":0,"term_taxonomy_id":276,"taxonomy":"post_tag","description":"","parent":0,"count":6,"filter":"raw"},{"term_id":103,"name":"economy","slug":"economy","term_group":0,"term_taxonomy_id":103,"taxonomy":"post_tag","description":"","parent":0,"count":81,"filter":"raw"},{"term_id":587,"name":"EU","slug":"eu","term_group":0,"term_taxonomy_id":587,"taxonomy":"post_tag","description":"","parent":0,"count":18,"filter":"raw"},{"term_id":148,"name":"Europe","slug":"europe","term_group":0,"term_taxonomy_id":148,"taxonomy":"post_tag","description":"","parent":0,"count":32,"filter":"raw"},{"term_id":95,"name":"forecast","slug":"forecast","term_group":0,"term_taxonomy_id":95,"taxonomy":"post_tag","description":"","parent":0,"count":55,"filter":"raw"},{"term_id":49,"name":"GBTA","slug":"gbta","term_group":0,"term_taxonomy_id":49,"taxonomy":"post_tag","description":"","parent":0,"count":260,"filter":"raw"},{"term_id":165,"name":"GBTA Foundation","slug":"gbta-foundation","term_group":0,"term_taxonomy_id":165,"taxonomy":"post_tag","description":"","parent":0,"count":122,"filter":"raw"},{"term_id":150,"name":"Germany","slug":"germany","term_group":0,"term_taxonomy_id":150,"taxonomy":"post_tag","description":"","parent":0,"count":4,"filter":"raw"}],"taxonomy_info":{"category":[{"value":37,"label":"Research and Travel Trends"}],"post_tag":[{"value":48,"label":"business travel"},{"value":276,"label":"business travel forecast"},{"value":103,"label":"economy"},{"value":587,"label":"EU"},{"value":148,"label":"Europe"},{"value":95,"label":"forecast"},{"value":49,"label":"GBTA"},{"value":165,"label":"GBTA Foundation"},{"value":150,"label":"Germany"}]},"featured_image_src":"https:\/\/gbta.org\/wp-content\/uploads\/Germany-Flag.jpg","featured_image_src_square":"https:\/\/gbta.org\/wp-content\/uploads\/Germany-Flag.jpg","mfb_rest_fields":["featured_image_src_large","author_info","comment_info","category_info","tag_info","taxonomy_info","featured_image_src","featured_image_src_square"],"_links":{"self":[{"href":"https:\/\/gbta.org\/pt\/wp-json\/wp\/v2\/posts\/1184","targetHints":{"allow":["GET"]}}],"collection":[{"href":"https:\/\/gbta.org\/pt\/wp-json\/wp\/v2\/posts"}],"about":[{"href":"https:\/\/gbta.org\/pt\/wp-json\/wp\/v2\/types\/post"}],"author":[{"embeddable":true,"href":"https:\/\/gbta.org\/pt\/wp-json\/wp\/v2\/users\/25"}],"replies":[{"embeddable":true,"href":"https:\/\/gbta.org\/pt\/wp-json\/wp\/v2\/comments?post=1184"}],"version-history":[{"count":0,"href":"https:\/\/gbta.org\/pt\/wp-json\/wp\/v2\/posts\/1184\/revisions"}],"wp:featuredmedia":[{"embeddable":true,"href":"https:\/\/gbta.org\/pt\/wp-json\/wp\/v2\/media\/1185"}],"wp:attachment":[{"href":"https:\/\/gbta.org\/pt\/wp-json\/wp\/v2\/media?parent=1184"}],"wp:term":[{"taxonomy":"category","embeddable":true,"href":"https:\/\/gbta.org\/pt\/wp-json\/wp\/v2\/categories?post=1184"},{"taxonomy":"post_tag","embeddable":true,"href":"https:\/\/gbta.org\/pt\/wp-json\/wp\/v2\/tags?post=1184"}],"curies":[{"name":"wp","href":"https:\/\/api.w.org\/{rel}","templated":true}]}}