{"id":12034,"date":"2023-08-03T03:00:00","date_gmt":"2023-08-03T07:00:00","guid":{"rendered":"https:\/\/gbta.org\/?p=12034"},"modified":"2023-08-02T16:58:54","modified_gmt":"2023-08-02T20:58:54","slug":"gbta-and-uber-for-business-examine-the-complex-perspectives-between-business-travelers-and-travel-managers-in-new-report","status":"publish","type":"post","link":"https:\/\/gbta.org\/pt\/gbta-and-uber-for-business-examine-the-complex-perspectives-between-business-travelers-and-travel-managers-in-new-report\/","title":{"rendered":"GBTA e Uber for Business examinam as perspectivas complexas entre viajantes a neg\u00f3cios e gerentes de viagens em novo relat\u00f3rio"},"content":{"rendered":"<p><em>A nova era das viagens de neg\u00f3cios \u00e9 intencional, com os funcion\u00e1rios enfatizando cada vez mais a integra\u00e7\u00e3o entre trabalho e vida pessoal e a mudan\u00e7a de din\u00e2mica<\/em><\/p>\n\n\n\n<div class=\"wp-block-group is-vertical is-layout-flex wp-container-core-group-is-layout-1 wp-block-group-is-layout-flex\">\n<p>Isto est\u00e1 de acordo com um novo relat\u00f3rio \u2013 \u201c<strong>O estado atual das viagens de neg\u00f3cios: prioridades dos viajantes de neg\u00f3cios e dos gestores de viagens\u201d<\/strong> \u2013 publicado hoje pela Global Business Travel Association (<a href=\"https:\/\/gbta.org\/pt\/\">GBTA<\/a>), a maior associa\u00e7\u00e3o de viagens de neg\u00f3cios do mundo, e patrocinada pela <a href=\"https:\/\/www.uber.com\/us\/en\/business\/\">Uber para Neg\u00f3cios<\/a>, a plataforma empresarial global da Uber para gerenciamento de viagens de neg\u00f3cios, refei\u00e7\u00f5es e entregas. O relat\u00f3rio explora os sentimentos dos gestores de viagens e viajantes de neg\u00f3cios dos EUA e do Canad\u00e1 sobre os temas da experi\u00eancia do viajante de neg\u00f3cios, sustentabilidade e redu\u00e7\u00e3o de custos.<\/p>\n\n\n\n<p>Impulsionados pela pandemia, pelas capacidades melhoradas de videoconfer\u00eancia, pela evolu\u00e7\u00e3o dos padr\u00f5es de trabalho e pelas preocupa\u00e7\u00f5es com a sustentabilidade, tanto os viajantes de neg\u00f3cios como os gestores de viagens experimentaram uma mudan\u00e7a nas expectativas sobre a forma como abordam as viagens corporativas e as suas pol\u00edticas \u2013 mas com diferentes graus de alinhamento.<\/p>\n\n\n\n<p>\u201cEste relat\u00f3rio mostra o estado atual das viagens de neg\u00f3cios \u2013 as descobertas perspicazes mostram a liga\u00e7\u00e3o entre os viajantes de neg\u00f3cios e os gestores de viagens de neg\u00f3cios no que diz respeito \u00e0s escolhas de viagens dos funcion\u00e1rios\u201d, disse Suzanne Neufang, CEO da GBTA. \u201cO relat\u00f3rio tamb\u00e9m revela oportunidades para melhorar a comunica\u00e7\u00e3o sobre pol\u00edticas de viagens, como quando se trata de reduzir a pegada de carbono das viagens e medidas de redu\u00e7\u00e3o de custos para alcan\u00e7ar um programa de viagens de neg\u00f3cios financeiramente respons\u00e1vel.\u201d<br><br>As principais conclus\u00f5es do estudo incluem:<\/p>\n<\/div>\n\n\n\n<ul class=\"wp-block-list\">\n<li><strong>A IMPORT\u00c2NCIA \u201cESSENCIAL\u201d DAS VIAGENS PARA ATINGIR OS OBJETIVOS DO NEG\u00d3CIO. <\/strong>Entre os viajantes de neg\u00f3cios norte-americanos, 87% afirmam que as viagens de neg\u00f3cios s\u00e3o \u201cessenciais\u201d ou \u201c\u00fateis\u201d para alcan\u00e7ar os seus objetivos de neg\u00f3cios. Na verdade, os viajantes de neg\u00f3cios norte-americanos dizem que viajam \u201cmais\u201d (39%) ou \u201co mesmo\u201d (29%) como fizeram em compara\u00e7\u00e3o com 2019.<\/li>\n<\/ul>\n\n\n\n<ul class=\"wp-block-list\">\n<li><strong>FOCO EM ALIVIAR O ESTRESSE FREQUENTEMENTE ASSOCIADO A VIAGENS DE NEG\u00d3CIOS. <\/strong>Os viajantes a neg\u00f3cios podem enfrentar desafios pessoais quando viajam a trabalho, incluindo estar longe da fam\u00edlia e\/ou animais de estima\u00e7\u00e3o (60%) e estresse frequentemente associado a viagens (48%). Os gerentes de viagens dizem que consideram e avaliam diferentes benef\u00edcios para aliviar o estresse relacionados \u00e0s viagens para seus funcion\u00e1rios, como permitir dias de in\u00edcio tardio para aliviar o jet lag (74%) e permitir que os funcion\u00e1rios reservem companhias a\u00e9reas e\/ou hot\u00e9is onde o funcion\u00e1rio seja eleg\u00edvel para pontos de fidelidade. (68%).<\/li>\n<\/ul>\n\n\n\n<div class=\"wp-block-group is-vertical is-layout-flex wp-container-core-group-is-layout-2 wp-block-group-is-layout-flex\">\n<ul class=\"wp-block-list\">\n<li><strong>A SUSTENTABILIDADE \u00c9 A MENTE DE MUITOS VIAJANTES DE NEG\u00d3CIOS. <\/strong>As preocupa\u00e7\u00f5es ambientais e de sustentabilidade continuam a estender-se \u00e0s viagens de neg\u00f3cios, com 61% de viajantes de neg\u00f3cios a afirmar que limitar ou reduzir as emiss\u00f5es de carbono \u00e9 uma prioridade. No entanto, existe uma desconex\u00e3o entre os viajantes de neg\u00f3cios e os gestores de viagens sobre como as quest\u00f5es de sustentabilidade devem ser priorizadas. Os gestores de viagens norte-americanos dizem que a sustentabilidade \u00e9 uma pequena prioridade (27%), se \u00e9 que \u00e9 mesmo uma prioridade (22%). Para adicionar outra vari\u00e1vel \u00e0 mistura, um <a href=\"https:\/\/www.honeywell.com\/us\/en\/company\/sustainability\/environmental-sustainability-index\">pesquisa recente<\/a> descobriu que 86% de organiza\u00e7\u00f5es em todo o mundo disseram que t\u00eam planos para aumentar os investimentos em iniciativas de sustentabilidade. A redu\u00e7\u00e3o das emiss\u00f5es \u00e9 uma prioridade crescente nesses esfor\u00e7os, \u00e0 medida que as empresas exploram v\u00e1rios meios para reduzir a sua pegada. \u00c9 importante integrar os gestores de viagens nos objetivos corporativos para incorporar mais pol\u00edticas e iniciativas focadas na sustentabilidade nos programas de viagens, incentivar op\u00e7\u00f5es de transporte sem ou com baixas emiss\u00f5es e acompanhar o progresso em dire\u00e7\u00e3o aos objetivos de sustentabilidade.<\/li>\n<\/ul>\n<\/div>\n\n\n\n<ul class=\"wp-block-list\">\n<li><strong>A MAIORIA DOS VIAJANTES DE NEG\u00d3CIOS USA O RIDESHARE. <\/strong>Dos entrevistados, 74% de viajantes de neg\u00f3cios norte-americanos dizem que usam pelo menos ocasionalmente um provedor de viagens compartilhadas durante viagens de neg\u00f3cios, com 36% respondendo que usam caronas compartilhadas com frequ\u00eancia. Al\u00e9m disso, 58% de viajantes afirmam ter um perfil comercial com um provedor de viagens compartilhadas quando viajam a trabalho. Os gerentes de viagens citam dados e relat\u00f3rios aprimorados, melhor gerenciamento de riscos e dever de dilig\u00eancia e economia de custos como os tr\u00eas principais benef\u00edcios de ter uma conta corporativa de compartilhamento de viagens.<\/li>\n<\/ul>\n\n\n\n<p>\u201cOs \u00faltimos anos ensinaram ao mundo dos neg\u00f3cios que a \u00fanica verdadeira constante \u00e9 a mudan\u00e7a\u201d, disse Susan Anderson, Diretora Global da Uber para Neg\u00f3cios e Desenvolvimento de Neg\u00f3cios da Uber. \u201cNa Uber for Business, acreditamos que esta mudan\u00e7a traz consigo um esp\u00edrito de progresso. Este ano, estamos a ver os empregadores a tornarem-se cada vez mais intencionais nas suas pol\u00edticas e decis\u00f5es de viagens de neg\u00f3cios, enquanto mais viajantes de neg\u00f3cios est\u00e3o a dar prioridade a escolhas ecol\u00f3gicas e op\u00e7\u00f5es de partilha de viagens. Esperamos ser um parceiro fundamental para as empresas \u00e0 medida que elas navegam pelas mudan\u00e7as cont\u00ednuas e abra\u00e7am novas oportunidades, quer isso signifique alcan\u00e7ar metas de sustentabilidade corporativa ou proporcionar aos seus viajantes de neg\u00f3cios a melhor experi\u00eancia poss\u00edvel.\u201d<\/p>\n\n\n\n<div class=\"wp-block-group is-vertical is-layout-flex wp-container-core-group-is-layout-3 wp-block-group-is-layout-flex\">\n<p>A recolha de dados para dois inqu\u00e9ritos online separados a gestores de viagens e viajantes de neg\u00f3cios dos EUA e do Canad\u00e1 ocorreu entre maio e junho de 2023, com 147 gestores de viagens e 411 viajantes de neg\u00f3cios a responderem a cada inqu\u00e9rito, respetivamente. &nbsp;<br><br> Os membros do GBTA podem acessar a pesquisa completa <a href=\"https:\/\/hub.gbta.org\/files\/4167\"><\/a><a href=\"https:\/\/hub.gbta.org\/files\/4167\">relat\u00f3rio<\/a> e <a href=\"https:\/\/hub.gbta.org\/files\/4168\">infogr\u00e1fico<\/a>&nbsp;de <a href=\"https:\/\/gbta.org\/pt\/research-and-tools\/\">Central de membros GBTA<\/a>, ou visite o <a href=\"https:\/\/businesses.uber.com\/gbta-report-2023\">Site Uber para Neg\u00f3cios<\/a>.<br><\/p>\n<\/div>","protected":false},"excerpt":{"rendered":"<p>A nova era das viagens de neg\u00f3cios \u00e9 intencional, com os funcion\u00e1rios enfatizando cada vez mais a integra\u00e7\u00e3o entre trabalho e vida pessoal e a mudan\u00e7a da din\u00e2mica. Isto est\u00e1 de acordo com um novo relat\u00f3rio \u2013 \u201cO Estado Atual das Viagens de Neg\u00f3cios: Prioridades dos Viajantes de Neg\u00f3cios e dos Gestores de Viagens\u201d \u2013 publicado hoje pela Global Business Travel Association (GBTA), a maior associa\u00e7\u00e3o de viagens de neg\u00f3cios do mundo, e patrocinou\u2026<\/p>","protected":false},"author":39,"featured_media":0,"comment_status":"closed","ping_status":"closed","sticky":false,"template":"","format":"standard","meta":{"_acf_changed":false,"_seopress_robots_primary_cat":"none","_seopress_titles_title":"GBTA and Uber for Business Examine the Complex Perspectives Between Business Travelers and Travel Managers in New Report ","_seopress_titles_desc":"","_seopress_robots_index":"","om_disable_all_campaigns":false,"_relevanssi_hide_post":"","_relevanssi_hide_content":"","_relevanssi_pin_for_all":"","_relevanssi_pin_keywords":"","_relevanssi_unpin_keywords":"","_relevanssi_related_keywords":"","_relevanssi_related_include_ids":"","_relevanssi_related_exclude_ids":"","_relevanssi_related_no_append":"","_relevanssi_related_not_related":"","_relevanssi_related_posts":"1,415,662,664,666,667","_relevanssi_noindex_reason":"","_kad_blocks_custom_css":"","_kad_blocks_head_custom_js":"","_kad_blocks_body_custom_js":"","_kad_blocks_footer_custom_js":"","_kad_post_transparent":"","_kad_post_title":"","_kad_post_layout":"","_kad_post_sidebar_id":"","_kad_post_content_style":"","_kad_post_vertical_padding":"","_kad_post_feature":"","_kad_post_feature_position":"","_kad_post_header":false,"_kad_post_footer":false,"footnotes":"","_links_to":"","_links_to_target":""},"categories":[78,45,37,1453],"tags":[48,49,233],"class_list":["post-12034","post","type-post","status-publish","format-standard","hentry","category-ground-transportation","category-news-and-press-releases","category-research-and-travel-trends","category-travel-management","tag-business-travel","tag-gbta","tag-news"],"acf":[],"featured_image_src_large":false,"author_info":{"display_name":"","author_link":"https:\/\/gbta.org\/pt\/author\/"},"comment_info":"","category_info":[{"term_id":78,"name":"Ground Transportation","slug":"ground-transportation","term_group":0,"term_taxonomy_id":78,"taxonomy":"category","description":"","parent":0,"count":126,"filter":"raw","cat_ID":78,"category_count":126,"category_description":"","cat_name":"Ground Transportation","category_nicename":"ground-transportation","category_parent":0},{"term_id":45,"name":"News and Press Releases","slug":"news-and-press-releases","term_group":0,"term_taxonomy_id":45,"taxonomy":"category","description":"","parent":0,"count":541,"filter":"raw","cat_ID":45,"category_count":541,"category_description":"","cat_name":"News and Press Releases","category_nicename":"news-and-press-releases","category_parent":0},{"term_id":37,"name":"Research and Travel Trends","slug":"research-and-travel-trends","term_group":0,"term_taxonomy_id":37,"taxonomy":"category","description":"","parent":0,"count":966,"filter":"raw","cat_ID":37,"category_count":966,"category_description":"","cat_name":"Research and Travel Trends","category_nicename":"research-and-travel-trends","category_parent":0},{"term_id":1453,"name":"Travel Management","slug":"travel-management","term_group":0,"term_taxonomy_id":1453,"taxonomy":"category","description":"","parent":0,"count":10,"filter":"raw","cat_ID":1453,"category_count":10,"category_description":"","cat_name":"Travel Management","category_nicename":"travel-management","category_parent":0}],"tag_info":[{"term_id":48,"name":"business travel","slug":"business-travel","term_group":0,"term_taxonomy_id":48,"taxonomy":"post_tag","description":"","parent":0,"count":417,"filter":"raw"},{"term_id":49,"name":"GBTA","slug":"gbta","term_group":0,"term_taxonomy_id":49,"taxonomy":"post_tag","description":"","parent":0,"count":261,"filter":"raw"},{"term_id":233,"name":"news","slug":"news","term_group":0,"term_taxonomy_id":233,"taxonomy":"post_tag","description":"","parent":0,"count":308,"filter":"raw"}],"taxonomy_info":{"category":[{"value":78,"label":"Ground Transportation"},{"value":45,"label":"News and Press Releases"},{"value":37,"label":"Research and Travel Trends"},{"value":1453,"label":"Travel Management"}],"post_tag":[{"value":48,"label":"business travel"},{"value":49,"label":"GBTA"},{"value":233,"label":"news"}]},"featured_image_src":null,"featured_image_src_square":null,"mfb_rest_fields":["featured_image_src_large","author_info","comment_info","category_info","tag_info","taxonomy_info","featured_image_src","featured_image_src_square"],"_links":{"self":[{"href":"https:\/\/gbta.org\/pt\/wp-json\/wp\/v2\/posts\/12034","targetHints":{"allow":["GET"]}}],"collection":[{"href":"https:\/\/gbta.org\/pt\/wp-json\/wp\/v2\/posts"}],"about":[{"href":"https:\/\/gbta.org\/pt\/wp-json\/wp\/v2\/types\/post"}],"author":[{"embeddable":true,"href":"https:\/\/gbta.org\/pt\/wp-json\/wp\/v2\/users\/39"}],"replies":[{"embeddable":true,"href":"https:\/\/gbta.org\/pt\/wp-json\/wp\/v2\/comments?post=12034"}],"version-history":[{"count":0,"href":"https:\/\/gbta.org\/pt\/wp-json\/wp\/v2\/posts\/12034\/revisions"}],"wp:attachment":[{"href":"https:\/\/gbta.org\/pt\/wp-json\/wp\/v2\/media?parent=12034"}],"wp:term":[{"taxonomy":"category","embeddable":true,"href":"https:\/\/gbta.org\/pt\/wp-json\/wp\/v2\/categories?post=12034"},{"taxonomy":"post_tag","embeddable":true,"href":"https:\/\/gbta.org\/pt\/wp-json\/wp\/v2\/tags?post=12034"}],"curies":[{"name":"wp","href":"https:\/\/api.w.org\/{rel}","templated":true}]}}