{"id":12063,"date":"2023-05-26T05:26:00","date_gmt":"2023-05-26T09:26:00","guid":{"rendered":"https:\/\/gbta.org\/?p=12063"},"modified":"2023-08-03T05:30:57","modified_gmt":"2023-08-03T09:30:57","slug":"i-benefici-delle-politiche-di-dei-per-le-aziende-the-benefits-of-dei-policies-for-companies","status":"publish","type":"post","link":"https:\/\/gbta.org\/pt\/i-benefici-delle-politiche-di-dei-per-le-aziende-the-benefits-of-dei-policies-for-companies\/","title":{"rendered":"I benefici delle politiche di DEI per le aziende \u2013 Os benef\u00edcios das pol\u00edticas de DEI para empresas"},"content":{"rendered":"<iframe loading=\"lazy\" title=\"Leitor Libsyn\" style=\"border: none\" src=\"\/\/html5-player.libsyn.com\/embed\/episode\/id\/26927862\/height\/90\/theme\/custom\/thumbnail\/no\/direction\/backward\/render-playlist\/no\/custom-color\/6377a0\/\" height=\"90\" width=\"100%\" scrolling=\"no\"  allowfullscreen webkitallowfullscreen mozallowfullscreen oallowfullscreen msallowfullscreen><\/iframe>\n\n\n\n<p>Com a contribui\u00e7\u00e3o de Stefano Ferri, jornalista, escritor, consultor de comunica\u00e7\u00e3o e ativista dos direitos civis, neste podcast GBTA parlamento de Diversidade, Igualdade e Inclus\u00e3o. Qual ponto \u00e9 a pol\u00edtica da DEI? Como a atividade est\u00e1 progredindo nesse sentido? O que aconteceu na categoria de valor das viagens de neg\u00f3cios? Vamos ao ponto no Podcast.\u00a0\u00a0<\/p>\n\n\n\n<p>Com a contribui\u00e7\u00e3o de Stefano Ferri, jornalista, escritor, consultor de comunica\u00e7\u00e3o e ativista dos direitos civis, neste podcast do GBTA falamos sobre Diversidade, Igualdade e Inclus\u00e3o. Em que fase est\u00e3o as pol\u00edticas do DEI? Como as empresas est\u00e3o progredindo nesse sentido? O que est\u00e1 acontecendo na cadeia de valor das viagens de neg\u00f3cios? Vamos compartilhar as \u00faltimas atualiza\u00e7\u00f5es no Podcast.&nbsp;<\/p>\n\n\n\n<p>A faixa musical \u00e9 Space Jazz de Kevin MacLeod (incompetech.com)<br>Licenciado sob Creative Commons: Por Licen\u00e7a Atribui\u00e7\u00e3o 3.0<br>http:\/\/creativecommons.org\/licenses\/by\/3.0\/<\/p>","protected":false},"excerpt":{"rendered":"<p>Com a contribui\u00e7\u00e3o de Stefano Ferri, jornalista, escritor, consultor de comunica\u00e7\u00e3o e ativista dos direitos civis, neste podcast GBTA parlamento de Diversidade, Igualdade e Inclus\u00e3o. Qual ponto \u00e9 a pol\u00edtica da DEI? Como a atividade est\u00e1 progredindo nesse sentido? O que aconteceu na categoria de valor das viagens de neg\u00f3cios? Facciamos o ponto nel\u2026<\/p>","protected":false},"author":22,"featured_media":0,"comment_status":"closed","ping_status":"closed","sticky":false,"template":"","format":"standard","meta":{"_acf_changed":false,"_seopress_robots_primary_cat":"none","_seopress_titles_title":"","_seopress_titles_desc":"","_seopress_robots_index":"","om_disable_all_campaigns":false,"_relevanssi_hide_post":"","_relevanssi_hide_content":"","_relevanssi_pin_for_all":"","_relevanssi_pin_keywords":"","_relevanssi_unpin_keywords":"","_relevanssi_related_keywords":"","_relevanssi_related_include_ids":"","_relevanssi_related_exclude_ids":"","_relevanssi_related_no_append":"","_relevanssi_related_not_related":"","_relevanssi_related_posts":"1,415,661,662,664,666","_relevanssi_noindex_reason":"","_kad_blocks_custom_css":"","_kad_blocks_head_custom_js":"","_kad_blocks_body_custom_js":"","_kad_blocks_footer_custom_js":"","_kad_post_transparent":"","_kad_post_title":"","_kad_post_layout":"","_kad_post_sidebar_id":"","_kad_post_content_style":"","_kad_post_vertical_padding":"","_kad_post_feature":"","_kad_post_feature_position":"","_kad_post_header":false,"_kad_post_footer":false,"footnotes":"","_links_to":"","_links_to_target":""},"categories":[1287],"tags":[],"class_list":["post-12063","post","type-post","status-publish","format-standard","hentry","category-podcast"],"acf":[],"featured_image_src_large":false,"author_info":{"display_name":"","author_link":"https:\/\/gbta.org\/pt\/author\/"},"comment_info":"","category_info":[{"term_id":1287,"name":"Podcast","slug":"podcast","term_group":0,"term_taxonomy_id":1287,"taxonomy":"category","description":"","parent":0,"count":99,"filter":"raw","cat_ID":1287,"category_count":99,"category_description":"","cat_name":"Podcast","category_nicename":"podcast","category_parent":0}],"tag_info":false,"taxonomy_info":{"category":[{"value":1287,"label":"Podcast"}]},"featured_image_src":null,"featured_image_src_square":null,"mfb_rest_fields":["featured_image_src_large","author_info","comment_info","category_info","tag_info","taxonomy_info","featured_image_src","featured_image_src_square"],"_links":{"self":[{"href":"https:\/\/gbta.org\/pt\/wp-json\/wp\/v2\/posts\/12063","targetHints":{"allow":["GET"]}}],"collection":[{"href":"https:\/\/gbta.org\/pt\/wp-json\/wp\/v2\/posts"}],"about":[{"href":"https:\/\/gbta.org\/pt\/wp-json\/wp\/v2\/types\/post"}],"author":[{"embeddable":true,"href":"https:\/\/gbta.org\/pt\/wp-json\/wp\/v2\/users\/22"}],"replies":[{"embeddable":true,"href":"https:\/\/gbta.org\/pt\/wp-json\/wp\/v2\/comments?post=12063"}],"version-history":[{"count":0,"href":"https:\/\/gbta.org\/pt\/wp-json\/wp\/v2\/posts\/12063\/revisions"}],"wp:attachment":[{"href":"https:\/\/gbta.org\/pt\/wp-json\/wp\/v2\/media?parent=12063"}],"wp:term":[{"taxonomy":"category","embeddable":true,"href":"https:\/\/gbta.org\/pt\/wp-json\/wp\/v2\/categories?post=12063"},{"taxonomy":"post_tag","embeddable":true,"href":"https:\/\/gbta.org\/pt\/wp-json\/wp\/v2\/tags?post=12063"}],"curies":[{"name":"wp","href":"https:\/\/api.w.org\/{rel}","templated":true}]}}