{"id":1227,"date":"2022-07-20T09:46:48","date_gmt":"2022-07-20T13:46:48","guid":{"rendered":"https:\/\/gbta.org\/aerolineas-argentinas-president-isela-costantini-to-deliver-keynote-address-at-gbta-conference-tuesday-in-buenos-aires\/"},"modified":"2022-08-11T11:33:34","modified_gmt":"2022-08-11T15:33:34","slug":"aerolineas-argentinas-president-isela-costantini-to-deliver-keynote-address-at-gbta-conference-tuesday-in-buenos-aires","status":"publish","type":"post","link":"https:\/\/gbta.org\/pt\/aerolineas-argentinas-president-isela-costantini-to-deliver-keynote-address-at-gbta-conference-tuesday-in-buenos-aires\/","title":{"rendered":"A presidente da Aerolineas Argentinas, Isela Costantini, far\u00e1 o discurso principal na confer\u00eancia GBTA ter\u00e7a-feira em Buenos Aires"},"content":{"rendered":"<p><a href=\"http:\/\/argentinaconference.gbta.org\/\" target=\"_blank\" rel=\"noopener\">Confer\u00eancia GBTA 2016 Buenos Aires<\/a> come\u00e7a esta noite, e amanh\u00e3 os participantes da confer\u00eancia ouvir\u00e3o a palestrante Isela Costantini, presidente do Grupo Aerolineas Argentinas. Tendo trabalhado anteriormente na General Motors, Isela assumiu o comando da Aerolineas Argentinas, a maior companhia a\u00e9rea da Argentina, em janeiro deste ano.<\/p>\n<p>Durante a Conven\u00e7\u00e3o GBTA deste ver\u00e3o, pudemos conversar com o Diretor Regional da Aerolineas Argentinas, Marcelo Bottini, no Broadcast Studio. Marcelo compartilhou as principais prioridades da companhia a\u00e9rea em 2016 e como ela espera alavancar sua parceria com a Skyteam para trazer mais neg\u00f3cios para suas cidades de entrada. Ele tamb\u00e9m falou sobre a influ\u00eancia de Isela na empresa e as grandes expectativas que ela tem como l\u00edder.<\/p>\n<p>Veja o v\u00eddeo completo aqui:<\/p>\n<p><iframe loading=\"lazy\" src=\"https:\/\/www.youtube.com\/embed\/BT3YwJ7iZHA?list=PLkGxkp3hYZCYyPVEMBihlr-6MReCwMIt7\" width=\"560\" height=\"315\" frameborder=\"0\" allowfullscreen=\"allowfullscreen\"><\/iframe><\/p>\n<p>Verifique os GBTAs\u00a0<a href=\"https:\/\/www.youtube.com\/user\/GBTATV\" target=\"_blank\" rel=\"noopener\">Canal do Youtube<\/a>\u00a0para ainda mais insights e entrevistas no Broadcast Studio da Conven\u00e7\u00e3o deste ano.<\/p>","protected":false},"excerpt":{"rendered":"<p>GBTA Conference 2016 Buenos Aires come\u00e7a esta noite, e amanh\u00e3 os participantes da confer\u00eancia ouvir\u00e3o a palestrante em destaque Isela Costantini, presidente do Grupo Aerol\u00edneas Argentinas. Tendo trabalhado anteriormente para a General Motors, Isela assumiu as r\u00e9deas da Aerol\u00edneas Argentinas, a maior companhia a\u00e9rea da Argentina, em janeiro deste ano. Durante a Conven\u00e7\u00e3o GBTA neste ver\u00e3o, pudemos\u2026<\/p>","protected":false},"author":25,"featured_media":1228,"comment_status":"open","ping_status":"open","sticky":false,"template":"","format":"standard","meta":{"_acf_changed":false,"_seopress_robots_primary_cat":"","_seopress_titles_title":"","_seopress_titles_desc":"","_seopress_robots_index":"","om_disable_all_campaigns":false,"_relevanssi_hide_post":"","_relevanssi_hide_content":"","_relevanssi_pin_for_all":"","_relevanssi_pin_keywords":"","_relevanssi_unpin_keywords":"","_relevanssi_related_keywords":"","_relevanssi_related_include_ids":"","_relevanssi_related_exclude_ids":"","_relevanssi_related_no_append":"","_relevanssi_related_not_related":"","_relevanssi_related_posts":"","_relevanssi_noindex_reason":"","_kad_blocks_custom_css":"","_kad_blocks_head_custom_js":"","_kad_blocks_body_custom_js":"","_kad_blocks_footer_custom_js":"","_kad_post_transparent":"","_kad_post_title":"","_kad_post_layout":"","_kad_post_sidebar_id":"","_kad_post_content_style":"","_kad_post_vertical_padding":"","_kad_post_feature":"","_kad_post_feature_position":"","_kad_post_header":false,"_kad_post_footer":false,"footnotes":"","_links_to":"","_links_to_target":""},"categories":[114,37],"tags":[799,563,264,118,49,582,39,800],"class_list":["post-1227","post","type-post","status-publish","format-standard","has-post-thumbnail","hentry","category-airlines-and-aviation","category-research-and-travel-trends","tag-aerolineas-argentinas","tag-air-travel","tag-airlines","tag-aviation","tag-gbta","tag-gbta-conference","tag-gbta-convention","tag-isela-costantini"],"acf":[],"featured_image_src_large":["https:\/\/gbta.org\/wp-content\/uploads\/Argentina-1024x682.jpg",1024,682,true],"author_info":{"display_name":"jcampbell","author_link":"https:\/\/gbta.org\/pt\/author\/jcampbell\/"},"comment_info":"","category_info":[{"term_id":114,"name":"Airlines and Aviation","slug":"airlines-and-aviation","term_group":0,"term_taxonomy_id":114,"taxonomy":"category","description":"","parent":0,"count":355,"filter":"raw","cat_ID":114,"category_count":355,"category_description":"","cat_name":"Airlines and Aviation","category_nicename":"airlines-and-aviation","category_parent":0},{"term_id":37,"name":"Research and Travel Trends","slug":"research-and-travel-trends","term_group":0,"term_taxonomy_id":37,"taxonomy":"category","description":"","parent":0,"count":966,"filter":"raw","cat_ID":37,"category_count":966,"category_description":"","cat_name":"Research and Travel Trends","category_nicename":"research-and-travel-trends","category_parent":0}],"tag_info":[{"term_id":799,"name":"Aerolineas Argentinas","slug":"aerolineas-argentinas","term_group":0,"term_taxonomy_id":799,"taxonomy":"post_tag","description":"","parent":0,"count":1,"filter":"raw"},{"term_id":563,"name":"air travel","slug":"air-travel","term_group":0,"term_taxonomy_id":563,"taxonomy":"post_tag","description":"","parent":0,"count":21,"filter":"raw"},{"term_id":264,"name":"airlines","slug":"airlines","term_group":0,"term_taxonomy_id":264,"taxonomy":"post_tag","description":"","parent":0,"count":35,"filter":"raw"},{"term_id":118,"name":"aviation","slug":"aviation","term_group":0,"term_taxonomy_id":118,"taxonomy":"post_tag","description":"","parent":0,"count":42,"filter":"raw"},{"term_id":49,"name":"GBTA","slug":"gbta","term_group":0,"term_taxonomy_id":49,"taxonomy":"post_tag","description":"","parent":0,"count":260,"filter":"raw"},{"term_id":582,"name":"GBTA Conference","slug":"gbta-conference","term_group":0,"term_taxonomy_id":582,"taxonomy":"post_tag","description":"","parent":0,"count":2,"filter":"raw"},{"term_id":39,"name":"GBTA Convention","slug":"gbta-convention","term_group":0,"term_taxonomy_id":39,"taxonomy":"post_tag","description":"","parent":0,"count":99,"filter":"raw"},{"term_id":800,"name":"Isela Costantini","slug":"isela-costantini","term_group":0,"term_taxonomy_id":800,"taxonomy":"post_tag","description":"","parent":0,"count":1,"filter":"raw"}],"taxonomy_info":{"category":[{"value":114,"label":"Airlines and Aviation"},{"value":37,"label":"Research and Travel Trends"}],"post_tag":[{"value":799,"label":"Aerolineas Argentinas"},{"value":563,"label":"air travel"},{"value":264,"label":"airlines"},{"value":118,"label":"aviation"},{"value":49,"label":"GBTA"},{"value":582,"label":"GBTA Conference"},{"value":39,"label":"GBTA Convention"},{"value":800,"label":"Isela Costantini"}]},"featured_image_src":"https:\/\/gbta.org\/wp-content\/uploads\/Argentina.jpg","featured_image_src_square":"https:\/\/gbta.org\/wp-content\/uploads\/Argentina.jpg","mfb_rest_fields":["featured_image_src_large","author_info","comment_info","category_info","tag_info","taxonomy_info","featured_image_src","featured_image_src_square"],"_links":{"self":[{"href":"https:\/\/gbta.org\/pt\/wp-json\/wp\/v2\/posts\/1227","targetHints":{"allow":["GET"]}}],"collection":[{"href":"https:\/\/gbta.org\/pt\/wp-json\/wp\/v2\/posts"}],"about":[{"href":"https:\/\/gbta.org\/pt\/wp-json\/wp\/v2\/types\/post"}],"author":[{"embeddable":true,"href":"https:\/\/gbta.org\/pt\/wp-json\/wp\/v2\/users\/25"}],"replies":[{"embeddable":true,"href":"https:\/\/gbta.org\/pt\/wp-json\/wp\/v2\/comments?post=1227"}],"version-history":[{"count":0,"href":"https:\/\/gbta.org\/pt\/wp-json\/wp\/v2\/posts\/1227\/revisions"}],"wp:featuredmedia":[{"embeddable":true,"href":"https:\/\/gbta.org\/pt\/wp-json\/wp\/v2\/media\/1228"}],"wp:attachment":[{"href":"https:\/\/gbta.org\/pt\/wp-json\/wp\/v2\/media?parent=1227"}],"wp:term":[{"taxonomy":"category","embeddable":true,"href":"https:\/\/gbta.org\/pt\/wp-json\/wp\/v2\/categories?post=1227"},{"taxonomy":"post_tag","embeddable":true,"href":"https:\/\/gbta.org\/pt\/wp-json\/wp\/v2\/tags?post=1227"}],"curies":[{"name":"wp","href":"https:\/\/api.w.org\/{rel}","templated":true}]}}