{"id":1240,"date":"2022-07-20T09:47:14","date_gmt":"2022-07-20T13:47:14","guid":{"rendered":"https:\/\/gbta.org\/video-icars-president-talks-duty-of-care\/"},"modified":"2022-08-11T11:33:35","modified_gmt":"2022-08-11T15:33:35","slug":"video-icars-president-talks-duty-of-care","status":"publish","type":"post","link":"https:\/\/gbta.org\/pt\/video-icars-president-talks-duty-of-care\/","title":{"rendered":"V\u00eddeo: Presidente da iCars fala sobre o dever de cuidar"},"content":{"rendered":"<p>Logo ap\u00f3s a empresa anunciar seus planos de expans\u00e3o nacional, o presidente da iCars, Ed Silver, juntou-se a Caitlin Gomez da GBTA no Broadcast Studio at Convention neste ver\u00e3o. O setor de viagens de neg\u00f3cios est\u00e1 em constante evolu\u00e7\u00e3o e n\u00e3o \u00e9 novidade que, nos \u00faltimos anos, a economia de compartilhamento e a tecnologia levaram a grandes disrup\u00e7\u00f5es no setor de transporte terrestre.<\/p>\n<p><a href=\"http:\/\/blog.gbta.org\/2016\/09\/20\/how-the-sharing-economy-is-changing-travel-policies\/\" target=\"_blank\" rel=\"noopener\">Pesquisa recente da Funda\u00e7\u00e3o GBTA<\/a> descobriram que um em cada cinco (22%) viajantes de neg\u00f3cios nem sabe se a pol\u00edtica de viagens da empresa permite o uso de servi\u00e7os de compartilhamento de carona. Dado o cen\u00e1rio de viagens em constante mudan\u00e7a, h\u00e1 uma s\u00e9rie de considera\u00e7\u00f5es que os viajantes de neg\u00f3cios individuais, bem como os departamentos de viagens corporativas, precisam levar em conta ao aprovar o uso de op\u00e7\u00f5es de economia compartilhada. Responsabilidade pessoal, seguran\u00e7a ou dever de cuidado mais amplo est\u00e3o no topo da lista.<\/p>\n<p>Ed compartilhou o foco do iCars em atender a esse elemento de dever de cuidado para o profissional de viagens corporativas e a import\u00e2ncia que eles d\u00e3o \u00e0 confian\u00e7a e \u00e0 seguran\u00e7a.<\/p>\n<p>Veja o v\u00eddeo completo aqui:<\/p>\n<p><iframe loading=\"lazy\" src=\"https:\/\/www.youtube.com\/embed\/UCNKNLd36VQ\" width=\"560\" height=\"315\" frameborder=\"0\" allowfullscreen=\"allowfullscreen\"><\/iframe><\/p>\n<p>Verifique os GBTAs\u00a0<a href=\"https:\/\/www.youtube.com\/user\/GBTATV\" target=\"_blank\" rel=\"noopener\">Canal do Youtube<\/a>\u00a0para ainda mais insights e entrevistas no Broadcast Studio da Conven\u00e7\u00e3o deste ano.<\/p>","protected":false},"excerpt":{"rendered":"<p>Logo ap\u00f3s a empresa anunciar seus planos de expans\u00e3o nacional, o presidente da iCars, Ed Silver, juntou-se a Caitlin Gomez da GBTA no Broadcast Studio at Convention neste ver\u00e3o. A ind\u00fastria de viagens de neg\u00f3cios est\u00e1 em constante evolu\u00e7\u00e3o, e n\u00e3o \u00e9 novidade que, nos \u00faltimos anos, a economia compartilhada e a tecnologia levaram a grandes disrup\u00e7\u00f5es no terreno\u2026<\/p>","protected":false},"author":25,"featured_media":1241,"comment_status":"open","ping_status":"open","sticky":false,"template":"","format":"standard","meta":{"_acf_changed":false,"_seopress_robots_primary_cat":"","_seopress_titles_title":"","_seopress_titles_desc":"","_seopress_robots_index":"","om_disable_all_campaigns":false,"_relevanssi_hide_post":"","_relevanssi_hide_content":"","_relevanssi_pin_for_all":"","_relevanssi_pin_keywords":"","_relevanssi_unpin_keywords":"","_relevanssi_related_keywords":"","_relevanssi_related_include_ids":"","_relevanssi_related_exclude_ids":"","_relevanssi_related_no_append":"","_relevanssi_related_not_related":"","_relevanssi_related_posts":"","_relevanssi_noindex_reason":"","_kad_blocks_custom_css":"","_kad_blocks_head_custom_js":"","_kad_blocks_body_custom_js":"","_kad_blocks_footer_custom_js":"","_kad_post_transparent":"","_kad_post_title":"","_kad_post_layout":"","_kad_post_sidebar_id":"","_kad_post_content_style":"","_kad_post_vertical_padding":"","_kad_post_feature":"","_kad_post_feature_position":"","_kad_post_header":false,"_kad_post_footer":false,"footnotes":"","_links_to":"","_links_to_target":""},"categories":[78,79],"tags":[181,807,49,808,508,261,647],"class_list":["post-1240","post","type-post","status-publish","format-standard","has-post-thumbnail","hentry","category-ground-transportation","category-safety-and-security","tag-convention","tag-corporate-travel","tag-gbta","tag-icars","tag-managed-travel","tag-travel-manager","tag-travel-professional"],"acf":[],"featured_image_src_large":["https:\/\/gbta.org\/wp-content\/uploads\/Black-Car-1024x600.jpg",1024,600,true],"author_info":{"display_name":"jcampbell","author_link":"https:\/\/gbta.org\/pt\/author\/jcampbell\/"},"comment_info":"","category_info":[{"term_id":78,"name":"Ground Transportation","slug":"ground-transportation","term_group":0,"term_taxonomy_id":78,"taxonomy":"category","description":"","parent":0,"count":126,"filter":"raw","cat_ID":78,"category_count":126,"category_description":"","cat_name":"Ground Transportation","category_nicename":"ground-transportation","category_parent":0},{"term_id":79,"name":"Safety and Security","slug":"safety-and-security","term_group":0,"term_taxonomy_id":79,"taxonomy":"category","description":"","parent":0,"count":237,"filter":"raw","cat_ID":79,"category_count":237,"category_description":"","cat_name":"Safety and Security","category_nicename":"safety-and-security","category_parent":0}],"tag_info":[{"term_id":181,"name":"Convention","slug":"convention","term_group":0,"term_taxonomy_id":181,"taxonomy":"post_tag","description":"","parent":0,"count":61,"filter":"raw"},{"term_id":807,"name":"corporate travel","slug":"corporate-travel","term_group":0,"term_taxonomy_id":807,"taxonomy":"post_tag","description":"","parent":0,"count":5,"filter":"raw"},{"term_id":49,"name":"GBTA","slug":"gbta","term_group":0,"term_taxonomy_id":49,"taxonomy":"post_tag","description":"","parent":0,"count":260,"filter":"raw"},{"term_id":808,"name":"iCars","slug":"icars","term_group":0,"term_taxonomy_id":808,"taxonomy":"post_tag","description":"","parent":0,"count":2,"filter":"raw"},{"term_id":508,"name":"managed travel","slug":"managed-travel","term_group":0,"term_taxonomy_id":508,"taxonomy":"post_tag","description":"","parent":0,"count":16,"filter":"raw"},{"term_id":261,"name":"travel manager","slug":"travel-manager","term_group":0,"term_taxonomy_id":261,"taxonomy":"post_tag","description":"","parent":0,"count":28,"filter":"raw"},{"term_id":647,"name":"travel professional","slug":"travel-professional","term_group":0,"term_taxonomy_id":647,"taxonomy":"post_tag","description":"","parent":0,"count":12,"filter":"raw"}],"taxonomy_info":{"category":[{"value":78,"label":"Ground Transportation"},{"value":79,"label":"Safety and Security"}],"post_tag":[{"value":181,"label":"Convention"},{"value":807,"label":"corporate travel"},{"value":49,"label":"GBTA"},{"value":808,"label":"iCars"},{"value":508,"label":"managed travel"},{"value":261,"label":"travel manager"},{"value":647,"label":"travel professional"}]},"featured_image_src":"https:\/\/gbta.org\/wp-content\/uploads\/Black-Car.jpg","featured_image_src_square":"https:\/\/gbta.org\/wp-content\/uploads\/Black-Car.jpg","mfb_rest_fields":["featured_image_src_large","author_info","comment_info","category_info","tag_info","taxonomy_info","featured_image_src","featured_image_src_square"],"_links":{"self":[{"href":"https:\/\/gbta.org\/pt\/wp-json\/wp\/v2\/posts\/1240","targetHints":{"allow":["GET"]}}],"collection":[{"href":"https:\/\/gbta.org\/pt\/wp-json\/wp\/v2\/posts"}],"about":[{"href":"https:\/\/gbta.org\/pt\/wp-json\/wp\/v2\/types\/post"}],"author":[{"embeddable":true,"href":"https:\/\/gbta.org\/pt\/wp-json\/wp\/v2\/users\/25"}],"replies":[{"embeddable":true,"href":"https:\/\/gbta.org\/pt\/wp-json\/wp\/v2\/comments?post=1240"}],"version-history":[{"count":0,"href":"https:\/\/gbta.org\/pt\/wp-json\/wp\/v2\/posts\/1240\/revisions"}],"wp:featuredmedia":[{"embeddable":true,"href":"https:\/\/gbta.org\/pt\/wp-json\/wp\/v2\/media\/1241"}],"wp:attachment":[{"href":"https:\/\/gbta.org\/pt\/wp-json\/wp\/v2\/media?parent=1240"}],"wp:term":[{"taxonomy":"category","embeddable":true,"href":"https:\/\/gbta.org\/pt\/wp-json\/wp\/v2\/categories?post=1240"},{"taxonomy":"post_tag","embeddable":true,"href":"https:\/\/gbta.org\/pt\/wp-json\/wp\/v2\/tags?post=1240"}],"curies":[{"name":"wp","href":"https:\/\/api.w.org\/{rel}","templated":true}]}}