{"id":12609,"date":"2023-09-06T00:33:13","date_gmt":"2023-09-06T04:33:13","guid":{"rendered":"https:\/\/gbta.org\/?p=12609"},"modified":"2023-12-01T16:52:49","modified_gmt":"2023-12-01T21:52:49","slug":"gbta-fortalece-su-consejo-asesor-en-america-latina-con-el-nombramiento-de-nuevos-miembros-del-consejo-regional","status":"publish","type":"post","link":"https:\/\/gbta.org\/pt\/gbta-fortalece-su-consejo-asesor-en-america-latina-con-el-nombramiento-de-nuevos-miembros-del-consejo-regional\/","title":{"rendered":"GBTA fortalece seu Conselho Asesor na Am\u00e9rica Latina com o Nombramiento de Nuevos Miembros del Consejo Regional"},"content":{"rendered":"<p>A Global Business Travel Association (GBTA), a principal associa\u00e7\u00e3o comercial do mundo que presta servi\u00e7os \u00e0 ind\u00fastria de viagens de neg\u00f3cios, refor\u00e7ou sua presen\u00e7a na Am\u00e9rica Latina e anunciou v\u00e1rios nomes novos para seu Conselho Asesor LATAM para o per\u00edodo 2023-2025.<\/p>\n\n\n\n<p>Os novos nomes da Junta seguem a continuidade do caminho, os esfor\u00e7os e os resultados alcan\u00e7ados pela primeira Junta Asesora de profissionais volunt\u00e1rios da regi\u00e3o que prestam servi\u00e7os de 2021 a 2023 e que ajudam a liderar o sucesso das confer\u00eancias regionais, jornadas educativas , v\u00e1rios semin\u00e1rios web de aprendizagem e f\u00f3runs de viagens de neg\u00f3cios realizados no Brasil, M\u00e9xico e Argentina.<\/p>\n\n\n\n<p>\u201cOs volunt\u00e1rios s\u00e3o essenciais para o sucesso do GBTA e com este Consejo Asesor para LATAM recentemente nomeado, continuaremos acompanhando uma chave de profissionais que trabalham na ind\u00fastria de viagens de neg\u00f3cios locais para abordar e apoiar as necessidades espec\u00edficas da regi\u00e3o. O Conselho Asesor da LATAM faz parte do objetivo da GBTA de abordar as necessidades e desafios relevantes especificamente para a Am\u00e9rica Latina e continuar conectando usos locais com perspectivas globais\u201d, disse Candela Fern\u00e1ndez Wyngaard, diretora regional da GBTA Am\u00e9rica Latina.<\/p>\n\n\n\n<p><strong>Novos membros do Conselho Asesor da GBTA Latinoam\u00e9rica para 2023-2025:<\/strong><\/p>\n\n\n\n<ul class=\"wp-block-list\">\n<li>Presidente do Conselho Consultivo: <strong>Felipe Cardona<\/strong>, Chefe de Opera\u00e7\u00f5es de Viagens, Am\u00e9ricas \u2013 Novartis<\/li>\n<\/ul>\n\n\n\n<p><strong>Miembros dirige<\/strong><\/p>\n\n\n\n<ul class=\"wp-block-list\">\n<li><strong>Nancy Goycochea<\/strong>, Gerente Regional de Viagens, Unilever<\/li>\n\n\n\n<li><strong>Nancy Cabezas<\/strong>, Gerente de Experi\u00eancia de Parceiro PACA &amp; M\u00e9xico \u2013 Gest\u00e3o de Viagens e T&amp;E, Bayer<\/li>\n\n\n\n<li><strong>Gabriela Salles Oliveira<\/strong>, Diretor \u2013 Departamento Global de Viagens, BTG Pactual<\/li>\n\n\n\n<li><strong>Conrado Sainz<\/strong>, Coordenador Global de Viagens Corporativas, Exiros \u2013 Grupo Techint<\/li>\n<\/ul>\n\n\n\n<p><strong>Meus aliados<\/strong><\/p>\n\n\n\n<ul class=\"wp-block-list\">\n<li><strong>M\u00f4nica Crawfurd<\/strong>, Diretor Geral de Vendas Caribenho e Am\u00e9rica Latina, Hilton<\/li>\n\n\n\n<li><strong>Diana Oliveira<\/strong>, Gerente Geral, M\u00e9xico, LATAM Airlines<\/li>\n\n\n\n<li><strong>Denis Tassitano<\/strong>, vice-presidente, chefe da Concur, Am\u00e9rica Latina e Caribe, SAP Concur<\/li>\n\n\n\n<li><strong>Felipe Mesquita<\/strong>, Chefe de Expans\u00e3o, Copastur<\/li>\n<\/ul>\n\n\n\n<p>\u201cCom uma representa\u00e7\u00e3o equilibrada das comunidades de fornecedores e compradores, podemos ter certeza de oferecer conte\u00fado, atividades e oportunidades de networking de alta qualidade que nossos membros precisam, especialmente na medida em que a ind\u00fastria continua evoluindo e crescendo\u201d, acrescentou Wyngaard.<\/p>\n\n\n\n<p>Os conselhos de assessores da GBTA s\u00e3o dirigidos por membros volunt\u00e1rios, selecionados por sua experi\u00eancia e conhecimento da ind\u00fastria. O papel do Conselho Asesor \u00e9 ajudar a formar e orientar a estrat\u00e9gia da GBTA Am\u00e9rica Latina, trabalhando em estreita colabora\u00e7\u00e3o com a equipe de lideran\u00e7a da GBTA.<\/p>\n\n\n\n<p><a href=\"https:\/\/gbta.org\/pt\/regions\/latin-america\/\">Haga clique aqui<\/a> para obter mais informa\u00e7\u00f5es sobre membros, eventos e programas do GBTA na Am\u00e9rica Latina.<\/p>\n\n\n\n<p><strong>Sobre a Global Business Travel Association<\/strong><br>A Global Business Travel Association (GBTA) \u00e9 a principal organiza\u00e7\u00e3o comercial de viagens de neg\u00f3cios e reuni\u00f5es do mundo com sede na \u00e1rea de Washington, DC e que presta servi\u00e7os \u00e0s partes interessadas em seis continentes. GBTA e mais de 8.000 membros representando e origin\u00e1rios da ind\u00fastria global de viagens e reuni\u00f5es de neg\u00f3cios avaliadas em 1.357 bilh\u00f5es de d\u00f3lares. GBTA e a Funda\u00e7\u00e3o GBTA oferecem educa\u00e7\u00e3o, eventos, investiga\u00e7\u00e3o, promo\u00e7\u00e3o e meios de primeira linha em uma rede global com crescimento de mais de 28.000 profissionais de viagens e 125.000 contatos ativos. Para obter mais informa\u00e7\u00f5es, visite GBTA.org e GBTAFoundation.org.<\/p>","protected":false},"excerpt":{"rendered":"<p>A Global Business Travel Association (GBTA), a principal associa\u00e7\u00e3o comercial do mundo que presta servi\u00e7os \u00e0 ind\u00fastria de viagens de neg\u00f3cios, refor\u00e7ou sua presen\u00e7a na Am\u00e9rica Latina e anunciou v\u00e1rios nomes novos para seu Conselho Asesor LATAM para o per\u00edodo 2023-2025. Los nuevos nombramientos de la Junta seguem a continuidade do caminho,\u2026<\/p>","protected":false},"author":14,"featured_media":0,"comment_status":"closed","ping_status":"closed","sticky":false,"template":"","format":"standard","meta":{"_acf_changed":false,"_seopress_robots_primary_cat":"none","_seopress_titles_title":"","_seopress_titles_desc":"","_seopress_robots_index":"","om_disable_all_campaigns":false,"_relevanssi_hide_post":"","_relevanssi_hide_content":"","_relevanssi_pin_for_all":"","_relevanssi_pin_keywords":"","_relevanssi_unpin_keywords":"","_relevanssi_related_keywords":"","_relevanssi_related_include_ids":"","_relevanssi_related_exclude_ids":"","_relevanssi_related_no_append":"","_relevanssi_related_not_related":"","_relevanssi_related_posts":"1,415,662,664,666,667","_relevanssi_noindex_reason":"","_kad_blocks_custom_css":"","_kad_blocks_head_custom_js":"","_kad_blocks_body_custom_js":"","_kad_blocks_footer_custom_js":"","_kad_post_transparent":"","_kad_post_title":"","_kad_post_layout":"","_kad_post_sidebar_id":"","_kad_post_content_style":"","_kad_post_vertical_padding":"","_kad_post_feature":"","_kad_post_feature_position":"","_kad_post_header":false,"_kad_post_footer":false,"footnotes":"","_links_to":"","_links_to_target":""},"categories":[106,45],"tags":[],"class_list":["post-12609","post","type-post","status-publish","format-standard","hentry","category-latin-america","category-news-and-press-releases"],"acf":[],"featured_image_src_large":false,"author_info":{"display_name":"","author_link":"https:\/\/gbta.org\/pt\/author\/"},"comment_info":"","category_info":[{"term_id":106,"name":"Latin America","slug":"latin-america","term_group":0,"term_taxonomy_id":106,"taxonomy":"category","description":"","parent":0,"count":54,"filter":"raw","cat_ID":106,"category_count":54,"category_description":"","cat_name":"Latin America","category_nicename":"latin-america","category_parent":0},{"term_id":45,"name":"News and Press Releases","slug":"news-and-press-releases","term_group":0,"term_taxonomy_id":45,"taxonomy":"category","description":"","parent":0,"count":540,"filter":"raw","cat_ID":45,"category_count":540,"category_description":"","cat_name":"News and Press Releases","category_nicename":"news-and-press-releases","category_parent":0}],"tag_info":false,"taxonomy_info":{"category":[{"value":106,"label":"Latin America"},{"value":45,"label":"News and Press Releases"}]},"featured_image_src":null,"featured_image_src_square":null,"mfb_rest_fields":["featured_image_src_large","author_info","comment_info","category_info","tag_info","taxonomy_info","featured_image_src","featured_image_src_square"],"_links":{"self":[{"href":"https:\/\/gbta.org\/pt\/wp-json\/wp\/v2\/posts\/12609","targetHints":{"allow":["GET"]}}],"collection":[{"href":"https:\/\/gbta.org\/pt\/wp-json\/wp\/v2\/posts"}],"about":[{"href":"https:\/\/gbta.org\/pt\/wp-json\/wp\/v2\/types\/post"}],"author":[{"embeddable":true,"href":"https:\/\/gbta.org\/pt\/wp-json\/wp\/v2\/users\/14"}],"replies":[{"embeddable":true,"href":"https:\/\/gbta.org\/pt\/wp-json\/wp\/v2\/comments?post=12609"}],"version-history":[{"count":0,"href":"https:\/\/gbta.org\/pt\/wp-json\/wp\/v2\/posts\/12609\/revisions"}],"wp:attachment":[{"href":"https:\/\/gbta.org\/pt\/wp-json\/wp\/v2\/media?parent=12609"}],"wp:term":[{"taxonomy":"category","embeddable":true,"href":"https:\/\/gbta.org\/pt\/wp-json\/wp\/v2\/categories?post=12609"},{"taxonomy":"post_tag","embeddable":true,"href":"https:\/\/gbta.org\/pt\/wp-json\/wp\/v2\/tags?post=12609"}],"curies":[{"name":"wp","href":"https:\/\/api.w.org\/{rel}","templated":true}]}}