{"id":1274,"date":"2022-07-20T09:48:24","date_gmt":"2022-07-20T13:48:24","guid":{"rendered":"https:\/\/gbta.org\/re-engineering-the-car-rental-process\/"},"modified":"2022-08-11T11:33:37","modified_gmt":"2022-08-11T15:33:37","slug":"re-engineering-the-car-rental-process","status":"publish","type":"post","link":"https:\/\/gbta.org\/pt\/re-engineering-the-car-rental-process\/","title":{"rendered":"Reengenharia do processo de aluguel de carros"},"content":{"rendered":"<p>Semana passada <a href=\"http:\/\/www.autorentalnews.com\/channel\/rental-operations\/news\/story\/2016\/10\/updated-avis-app-hits-more-than-250-000-users.aspx\" target=\"_blank\" rel=\"noopener\">Avis Car Rental anunciada<\/a> seu aplicativo m\u00f3vel atualizado, Avis Now, conquistou mais de 250 mil usu\u00e1rios desde que foi lan\u00e7ado em julho. Durante <a href=\"http:\/\/blog.gbta.org\/2016\/07\/28\/breaking-news-from-gbta-convention-2016\/\" target=\"_blank\" rel=\"noopener\">Dia da M\u00eddia da Conven\u00e7\u00e3o GBTA<\/a> neste ver\u00e3o, o vice-presidente executivo e diretor de marketing da Avis, Scott Deaver, anunciou a grande reformula\u00e7\u00e3o do aplicativo da empresa com a adi\u00e7\u00e3o dos novos recursos Avis Now projetados para transformar o processo de aluguel de autom\u00f3veis e colocar os viajantes corporativos no controle.<\/p>\n<p>Caitlin Gomez da GBTA tamb\u00e9m conversou com Scott no GBTA Broadcast Studio durante a conven\u00e7\u00e3o. Ele compartilhou que o objetivo por tr\u00e1s da Avis Now era reprojetar completamente o processo de aluguel de autom\u00f3veis para atender \u00e0s demandas e necessidades dos clientes. Ele tamb\u00e9m destacou as tend\u00eancias do setor e disse que estamos vendo o in\u00edcio de uma mudan\u00e7a real na forma como as pessoas utilizam a mobilidade.<\/p>\n<p>Veja o v\u00eddeo completo aqui:<\/p>\n<p><iframe loading=\"lazy\" src=\"https:\/\/www.youtube.com\/embed\/iJ08IwtHFzM?list=PLkGxkp3hYZCYyPVEMBihlr-6MReCwMIt7\" width=\"560\" height=\"315\" frameborder=\"0\" allowfullscreen=\"allowfullscreen\"><\/iframe><\/p>\n<p>Visita\u00a0<a href=\"https:\/\/www.youtube.com\/user\/GBTATV\" target=\"_blank\" rel=\"noopener\">Canal do YouTube da GBTA<\/a>\u00a0para ainda mais insights e entrevistas no Broadcast Studio da Conven\u00e7\u00e3o deste ano.<\/p>","protected":false},"excerpt":{"rendered":"<p>Na semana passada, a Avis Car Rental anunciou que seu aplicativo m\u00f3vel atualizado, Avis Now, ganhou mais de 250.000 usu\u00e1rios desde que foi lan\u00e7ado em julho. Durante o Media Day da GBTA Convention neste ver\u00e3o, o vice-presidente executivo e diretor de marketing da Avis, Scott Deaver, anunciou a grande reformula\u00e7\u00e3o do aplicativo da empresa com a adi\u00e7\u00e3o do novo\u2026<\/p>","protected":false},"author":25,"featured_media":1275,"comment_status":"open","ping_status":"open","sticky":false,"template":"","format":"standard","meta":{"_acf_changed":false,"_seopress_robots_primary_cat":"","_seopress_titles_title":"","_seopress_titles_desc":"","_seopress_robots_index":"","om_disable_all_campaigns":false,"_relevanssi_hide_post":"","_relevanssi_hide_content":"","_relevanssi_pin_for_all":"","_relevanssi_pin_keywords":"","_relevanssi_unpin_keywords":"","_relevanssi_related_keywords":"","_relevanssi_related_include_ids":"","_relevanssi_related_exclude_ids":"","_relevanssi_related_no_append":"","_relevanssi_related_not_related":"","_relevanssi_related_posts":"","_relevanssi_noindex_reason":"","_kad_blocks_custom_css":"","_kad_blocks_head_custom_js":"","_kad_blocks_body_custom_js":"","_kad_blocks_footer_custom_js":"","_kad_post_transparent":"","_kad_post_title":"","_kad_post_layout":"","_kad_post_sidebar_id":"","_kad_post_content_style":"","_kad_post_vertical_padding":"","_kad_post_feature":"","_kad_post_feature_position":"","_kad_post_header":false,"_kad_post_footer":false,"footnotes":"","_links_to":"","_links_to_target":""},"categories":[78,37],"tags":[372,757,853,854,855,81,181,49,39,551],"class_list":["post-1274","post","type-post","status-publish","format-standard","has-post-thumbnail","hentry","category-ground-transportation","category-research-and-travel-trends","tag-app","tag-avis","tag-avis-now","tag-broadcast-studio","tag-car","tag-car-rental","tag-convention","tag-gbta","tag-gbta-convention","tag-ground-transportation"],"acf":[],"featured_image_src_large":["https:\/\/gbta.org\/wp-content\/uploads\/Mobile-Car-Rental-1024x683.jpg",1024,683,true],"author_info":{"display_name":"jcampbell","author_link":"https:\/\/gbta.org\/pt\/author\/jcampbell\/"},"comment_info":"","category_info":[{"term_id":78,"name":"Ground Transportation","slug":"ground-transportation","term_group":0,"term_taxonomy_id":78,"taxonomy":"category","description":"","parent":0,"count":126,"filter":"raw","cat_ID":78,"category_count":126,"category_description":"","cat_name":"Ground Transportation","category_nicename":"ground-transportation","category_parent":0},{"term_id":37,"name":"Research and Travel Trends","slug":"research-and-travel-trends","term_group":0,"term_taxonomy_id":37,"taxonomy":"category","description":"","parent":0,"count":966,"filter":"raw","cat_ID":37,"category_count":966,"category_description":"","cat_name":"Research and Travel Trends","category_nicename":"research-and-travel-trends","category_parent":0}],"tag_info":[{"term_id":372,"name":"app","slug":"app","term_group":0,"term_taxonomy_id":372,"taxonomy":"post_tag","description":"","parent":0,"count":3,"filter":"raw"},{"term_id":757,"name":"Avis","slug":"avis","term_group":0,"term_taxonomy_id":757,"taxonomy":"post_tag","description":"","parent":0,"count":3,"filter":"raw"},{"term_id":853,"name":"Avis Now","slug":"avis-now","term_group":0,"term_taxonomy_id":853,"taxonomy":"post_tag","description":"","parent":0,"count":1,"filter":"raw"},{"term_id":854,"name":"Broadcast Studio","slug":"broadcast-studio","term_group":0,"term_taxonomy_id":854,"taxonomy":"post_tag","description":"","parent":0,"count":22,"filter":"raw"},{"term_id":855,"name":"car","slug":"car","term_group":0,"term_taxonomy_id":855,"taxonomy":"post_tag","description":"","parent":0,"count":1,"filter":"raw"},{"term_id":81,"name":"car rental","slug":"car-rental","term_group":0,"term_taxonomy_id":81,"taxonomy":"post_tag","description":"","parent":0,"count":4,"filter":"raw"},{"term_id":181,"name":"Convention","slug":"convention","term_group":0,"term_taxonomy_id":181,"taxonomy":"post_tag","description":"","parent":0,"count":61,"filter":"raw"},{"term_id":49,"name":"GBTA","slug":"gbta","term_group":0,"term_taxonomy_id":49,"taxonomy":"post_tag","description":"","parent":0,"count":261,"filter":"raw"},{"term_id":39,"name":"GBTA Convention","slug":"gbta-convention","term_group":0,"term_taxonomy_id":39,"taxonomy":"post_tag","description":"","parent":0,"count":99,"filter":"raw"},{"term_id":551,"name":"ground transportation","slug":"ground-transportation","term_group":0,"term_taxonomy_id":551,"taxonomy":"post_tag","description":"","parent":0,"count":16,"filter":"raw"}],"taxonomy_info":{"category":[{"value":78,"label":"Ground Transportation"},{"value":37,"label":"Research and Travel Trends"}],"post_tag":[{"value":372,"label":"app"},{"value":757,"label":"Avis"},{"value":853,"label":"Avis Now"},{"value":854,"label":"Broadcast Studio"},{"value":855,"label":"car"},{"value":81,"label":"car rental"},{"value":181,"label":"Convention"},{"value":49,"label":"GBTA"},{"value":39,"label":"GBTA Convention"},{"value":551,"label":"ground transportation"}]},"featured_image_src":"https:\/\/gbta.org\/wp-content\/uploads\/Mobile-Car-Rental.jpg","featured_image_src_square":"https:\/\/gbta.org\/wp-content\/uploads\/Mobile-Car-Rental.jpg","mfb_rest_fields":["featured_image_src_large","author_info","comment_info","category_info","tag_info","taxonomy_info","featured_image_src","featured_image_src_square"],"_links":{"self":[{"href":"https:\/\/gbta.org\/pt\/wp-json\/wp\/v2\/posts\/1274","targetHints":{"allow":["GET"]}}],"collection":[{"href":"https:\/\/gbta.org\/pt\/wp-json\/wp\/v2\/posts"}],"about":[{"href":"https:\/\/gbta.org\/pt\/wp-json\/wp\/v2\/types\/post"}],"author":[{"embeddable":true,"href":"https:\/\/gbta.org\/pt\/wp-json\/wp\/v2\/users\/25"}],"replies":[{"embeddable":true,"href":"https:\/\/gbta.org\/pt\/wp-json\/wp\/v2\/comments?post=1274"}],"version-history":[{"count":0,"href":"https:\/\/gbta.org\/pt\/wp-json\/wp\/v2\/posts\/1274\/revisions"}],"wp:featuredmedia":[{"embeddable":true,"href":"https:\/\/gbta.org\/pt\/wp-json\/wp\/v2\/media\/1275"}],"wp:attachment":[{"href":"https:\/\/gbta.org\/pt\/wp-json\/wp\/v2\/media?parent=1274"}],"wp:term":[{"taxonomy":"category","embeddable":true,"href":"https:\/\/gbta.org\/pt\/wp-json\/wp\/v2\/categories?post=1274"},{"taxonomy":"post_tag","embeddable":true,"href":"https:\/\/gbta.org\/pt\/wp-json\/wp\/v2\/tags?post=1274"}],"curies":[{"name":"wp","href":"https:\/\/api.w.org\/{rel}","templated":true}]}}