{"id":13040,"date":"2023-10-11T07:55:52","date_gmt":"2023-10-11T11:55:52","guid":{"rendered":"https:\/\/gbta.org\/?p=13040"},"modified":"2023-10-11T08:00:34","modified_gmt":"2023-10-11T12:00:34","slug":"gbta-reports-from-the-european-parliament-on-the-mdms-regulation","status":"publish","type":"post","link":"https:\/\/gbta.org\/pt\/gbta-reports-from-the-european-parliament-on-the-mdms-regulation\/","title":{"rendered":"Relat\u00f3rios GBTA do Parlamento Europeu sobre o Regulamento MDMS"},"content":{"rendered":"<p><em>Isso pode tornar as viagens mais f\u00e1ceis e ecol\u00f3gicas?<\/em><\/p>\n\n\n\n<p>Ontem, a GBTA ajudou a organizar um evento de alto n\u00edvel no Parlamento Europeu, em Bruxelas, para discutir o pr\u00f3ximo&nbsp;<a href=\"https:\/\/moveyourway.eu\/\" target=\"_blank\" rel=\"noreferrer noopener\">Regulamento de Sistemas de Mobilidade Digital Multimodal.<\/a><\/p>\n\n\n\n<p>O evento,&nbsp;<strong>O Regulamento MDMS: Pode tornar as viagens mais f\u00e1ceis e ecol\u00f3gicas?&nbsp;<\/strong>Foi apresentado pelos eurodeputados Oetjen e Dalunde no Parlamento Europeu e apresentou as in\u00fameras partes interessadas que representam todo o ecossistema de mobilidade, incluindo consumidores, transporte ferrovi\u00e1rio, viajantes de neg\u00f3cios e especialistas ambientais que apoiam o Regulamento MDMS. David Frangeul Diretor S\u00eanior, l\u00edder global de pr\u00e1ticas a\u00e9reas e terrestres da Advito, falou em nome da GBTA e de viajantes de neg\u00f3cios.<\/p>\n\n\n\n<p>A Comiss\u00e3o Europeia\u00a0<a rel=\"noreferrer noopener\" href=\"https:\/\/moveyourway.eu\/\" target=\"_blank\">Regulamento de Servi\u00e7os de Mobilidade Digital Multimodal (MDMS)<\/a>\u00a0tem potencial para cumprir a promessa de um transporte de passageiros inteligente, cont\u00ednuo e multimodal na UE, dando aos viajantes a liberdade de escolher a forma como se deslocam. A proposta, que dever\u00e1 ser apresentada at\u00e9 o final de 2023, foi adiada com futuro incerto para esta sess\u00e3o.<\/p>\n\n\n\n<p>Palestrantes de todo o ecossistema de viagens\u00a0<a rel=\"noreferrer noopener\" href=\"https:\/\/gbta.org\/wp-content\/uploads\/Joint-statement_MDMS_101023_final3178.pdf\" target=\"_blank\">apoiou a a\u00e7\u00e3o regulat\u00f3ria da Comiss\u00e3o Europeia<\/a>\u00a0para tornar mais f\u00e1cil para os viajantes reservar viagens multimodais, tornando as viagens na Europa mais eficientes e sustent\u00e1veis, e garantindo a prote\u00e7\u00e3o dos passageiros, e apelando \u00e0 Comiss\u00e3o da UE para agir sobre uma proposta que permita ao Parlamento Europeu come\u00e7ar a trabalhar neste dossi\u00ea.\u00a0<\/p>\n\n\n\n<p>A GBTA e outros representantes emitiram um&nbsp;<a rel=\"noreferrer noopener\" href=\"https:\/\/gbta.org\/wp-content\/uploads\/Joint-statement_MDMS_101023_final3178.pdf\" target=\"_blank\">declara\u00e7\u00e3o conjunta<\/a>&nbsp;apelando aos decisores pol\u00edticos europeus de todas as institui\u00e7\u00f5es para que continuem a apoiar o&nbsp;<a rel=\"noreferrer noopener\" href=\"https:\/\/link.edgepilot.com\/s\/e7dac1f2\/QWtea0VVY02fUanbmQblVg?u=https:\/\/moveyourway.eu\/\" target=\"_blank\">Regulamento MDMS<\/a>&nbsp;e para fazer o&nbsp;<a rel=\"noreferrer noopener\" href=\"https:\/\/link.edgepilot.com\/s\/e7dac1f2\/QWtea0VVY02fUanbmQblVg?u=https:\/\/moveyourway.eu\/\" target=\"_blank\">Proposta de MDMS<\/a>&nbsp;uma prioridade fundamental na pol\u00edtica de transportes da UE.&nbsp;<\/p>\n\n\n\n<p>Leia o relat\u00f3rio p\u00f3s-evento completo<a href=\"https:\/\/gbta.org\/wp-content\/uploads\/GBTA-MDMS-post-event-report-20231010.pdf\"> aqui<\/a>.<\/p>\n\n\n\n<p><\/p>\n\n\n\n<p><\/p>","protected":false},"excerpt":{"rendered":"<p>Isso pode tornar as viagens mais f\u00e1ceis e ecol\u00f3gicas? Ontem, a GBTA ajudou a organizar um evento de alto n\u00edvel no Parlamento Europeu, em Bruxelas, para discutir o pr\u00f3ximo Regulamento de Sistemas de Mobilidade Digital Multimodal. O evento, O Regulamento MDMS: Pode tornar as viagens mais f\u00e1ceis e ecol\u00f3gicas? Foi apresentado pelos eurodeputados Oetjen e Dalunde no Parlamento Europeu e apresentou as in\u00fameras partes interessadas que representam\u2026<\/p>","protected":false},"author":29,"featured_media":0,"comment_status":"closed","ping_status":"closed","sticky":false,"template":"","format":"standard","meta":{"_acf_changed":false,"_seopress_robots_primary_cat":"none","_seopress_titles_title":"","_seopress_titles_desc":"","_seopress_robots_index":"","om_disable_all_campaigns":false,"_relevanssi_hide_post":"","_relevanssi_hide_content":"","_relevanssi_pin_for_all":"","_relevanssi_pin_keywords":"","_relevanssi_unpin_keywords":"","_relevanssi_related_keywords":"","_relevanssi_related_include_ids":"","_relevanssi_related_exclude_ids":"","_relevanssi_related_no_append":"","_relevanssi_related_not_related":"","_relevanssi_related_posts":"1,415,662,664,666,667","_relevanssi_noindex_reason":"","_kad_blocks_custom_css":"","_kad_blocks_head_custom_js":"","_kad_blocks_body_custom_js":"","_kad_blocks_footer_custom_js":"","_kad_post_transparent":"","_kad_post_title":"","_kad_post_layout":"","_kad_post_sidebar_id":"","_kad_post_content_style":"","_kad_post_vertical_padding":"","_kad_post_feature":"","_kad_post_feature_position":"","_kad_post_header":false,"_kad_post_footer":false,"footnotes":"","_links_to":"","_links_to_target":""},"categories":[1546,105,1307],"tags":[],"class_list":["post-13040","post","type-post","status-publish","format-standard","hentry","category-advocacy","category-europe-and-uk","category-government-relations"],"acf":[],"featured_image_src_large":false,"author_info":{"display_name":"","author_link":"https:\/\/gbta.org\/pt\/author\/"},"comment_info":"","category_info":[{"term_id":1546,"name":"Advocacy","slug":"advocacy","term_group":0,"term_taxonomy_id":1546,"taxonomy":"category","description":"","parent":0,"count":42,"filter":"raw","cat_ID":1546,"category_count":42,"category_description":"","cat_name":"Advocacy","category_nicename":"advocacy","category_parent":0},{"term_id":105,"name":"Europe and UK","slug":"europe-and-uk","term_group":0,"term_taxonomy_id":105,"taxonomy":"category","description":"","parent":0,"count":152,"filter":"raw","cat_ID":105,"category_count":152,"category_description":"","cat_name":"Europe and UK","category_nicename":"europe-and-uk","category_parent":0},{"term_id":1307,"name":"Government Relations","slug":"government-relations","term_group":0,"term_taxonomy_id":1307,"taxonomy":"category","description":"","parent":0,"count":61,"filter":"raw","cat_ID":1307,"category_count":61,"category_description":"","cat_name":"Government Relations","category_nicename":"government-relations","category_parent":0}],"tag_info":false,"taxonomy_info":{"category":[{"value":1546,"label":"Advocacy"},{"value":105,"label":"Europe and UK"},{"value":1307,"label":"Government Relations"}]},"featured_image_src":null,"featured_image_src_square":null,"mfb_rest_fields":["featured_image_src_large","author_info","comment_info","category_info","tag_info","taxonomy_info","featured_image_src","featured_image_src_square"],"_links":{"self":[{"href":"https:\/\/gbta.org\/pt\/wp-json\/wp\/v2\/posts\/13040","targetHints":{"allow":["GET"]}}],"collection":[{"href":"https:\/\/gbta.org\/pt\/wp-json\/wp\/v2\/posts"}],"about":[{"href":"https:\/\/gbta.org\/pt\/wp-json\/wp\/v2\/types\/post"}],"author":[{"embeddable":true,"href":"https:\/\/gbta.org\/pt\/wp-json\/wp\/v2\/users\/29"}],"replies":[{"embeddable":true,"href":"https:\/\/gbta.org\/pt\/wp-json\/wp\/v2\/comments?post=13040"}],"version-history":[{"count":0,"href":"https:\/\/gbta.org\/pt\/wp-json\/wp\/v2\/posts\/13040\/revisions"}],"wp:attachment":[{"href":"https:\/\/gbta.org\/pt\/wp-json\/wp\/v2\/media?parent=13040"}],"wp:term":[{"taxonomy":"category","embeddable":true,"href":"https:\/\/gbta.org\/pt\/wp-json\/wp\/v2\/categories?post=13040"},{"taxonomy":"post_tag","embeddable":true,"href":"https:\/\/gbta.org\/pt\/wp-json\/wp\/v2\/tags?post=13040"}],"curies":[{"name":"wp","href":"https:\/\/api.w.org\/{rel}","templated":true}]}}