{"id":13565,"date":"2023-11-17T02:00:00","date_gmt":"2023-11-17T07:00:00","guid":{"rendered":"https:\/\/gbta.org\/?p=13565"},"modified":"2023-11-16T09:45:01","modified_gmt":"2023-11-16T14:45:01","slug":"gbta-vdr-europe-conference-2023-showcases-business-travel-outlook-and-opportunity-in-the-region","status":"publish","type":"post","link":"https:\/\/gbta.org\/pt\/gbta-vdr-europe-conference-2023-showcases-business-travel-outlook-and-opportunity-in-the-region\/","title":{"rendered":"GBTA + VDR Europe Conference 2023 apresenta perspectivas e oportunidades de viagens de neg\u00f3cios na regi\u00e3o"},"content":{"rendered":"<p><em>A recupera\u00e7\u00e3o cont\u00ednua, a sustentabilidade, o comportamento dos viajantes de neg\u00f3cios e muito mais estiveram na agenda do maior encontro europeu da ind\u00fastria global de viagens de neg\u00f3cios<\/em><\/p>\n\n\n\n<p>A comunidade europeia de viagens de neg\u00f3cios reuniu-se mais uma vez para explorar, discutir e conectar-se em torno do estado atual e futuro do setor na regi\u00e3o no <a href=\"https:\/\/europeconference.gbta.org\/\">Confer\u00eancia GBTA + VDR Europa 2023<\/a> realizada de 14 a 16 de novembro no CCH-Congress Center em Hamburgo, Alemanha.<br><br>Organizado pela Global Business Travel Association (<a href=\"https:\/\/gbta.org\/pt\/\">GBTA<\/a>) e Associa\u00e7\u00e3o Alem\u00e3 de Viagens de Neg\u00f3cios, <a href=\"https:\/\/www.vdr-service.de\/\">VDR<\/a>, a confer\u00eancia atraiu quase 1.100 profissionais da ind\u00fastria de viagens de neg\u00f3cios de 29 pa\u00edses, incluindo 275 compradores de viagens. O evento contou com 61 empresas expositoras novas e antigas, com mais de oito horas de Expo Hall para compradores e fornecedores se conectarem. A educa\u00e7\u00e3o tamb\u00e9m permaneceu na vanguarda, com mais de 90 palestrantes e 26 sess\u00f5es.<\/p>\n\n\n\n<p>Os t\u00f3picos oportunos da confer\u00eancia deste ano abrangeram todo o setor \u2013 incluindo reuni\u00f5es e eventos intencionais, conformidade com viagens, sustentabilidade e movimento multimodal da Europa, at\u00e9 intelig\u00eancia artificial, comportamento dos viajantes de neg\u00f3cios, for\u00e7as de trabalho da pr\u00f3xima gera\u00e7\u00e3o e diversidade, equidade e inclus\u00e3o (DEI). Os novos recursos inclu\u00edram um dia dedicado \u00e0 sustentabilidade, mesas redondas de comit\u00ea e caf\u00e9 da manh\u00e3 para compradores, zona de ativa\u00e7\u00e3o de membros do GBTA e um Connect First Lounge para participantes de primeira viagem.<\/p>\n\n\n\n<p>\u201cNas viagens de neg\u00f3cios, nada fica parado e a mudan\u00e7a \u00e9 inevit\u00e1vel, especialmente no mundo de hoje. A GBTA est\u00e1 entusiasmada em sediar novamente esta confer\u00eancia com nossos parceiros da VDR como um lugar e plataforma para as muitas vozes da regi\u00e3o se conectarem, aprenderem umas com as outras e enfrentarem juntos alguns dos maiores desafios e oportunidades da nossa ind\u00fastria\u201d, disse Catherine Logan, Vice-presidente s\u00eanior, EMEA e APAC para GBTA.<\/p>\n\n\n\n<p>\u201cEstamos ansiosos por moldar a mobilidade das viagens de neg\u00f3cios do futuro \u2013 de uma forma econ\u00f3mica e ecologicamente equilibrada. Juntamente com os nossos membros, os compradores e fornecedores, a GBTA e a VDR enfrentar\u00e3o os desafios futuros\u201d, disse Jens Schlie\u00dfmann, Diretor Executivo da VDR, no seu discurso de encerramento da confer\u00eancia.<\/p>\n\n\n\n<p><strong><em>Colocando um destaque na sustentabilidade<\/em><\/strong><\/p>\n\n\n\n<ul class=\"wp-block-list\">\n<li>A confer\u00eancia come\u00e7ou com destaque para o futuro mais verde das viagens de neg\u00f3cios, com tr\u00eas horas dedicadas a palestrantes, pain\u00e9is e sess\u00f5es sobre sustentabilidade.<\/li>\n\n\n\n<li>O painel \u201cEstado da Sustentabilidade nas Viagens de Neg\u00f3cios\u201d contou com l\u00edderes da ind\u00fastria dos setores de avia\u00e7\u00e3o, hospedagem e transporte terrestre discutindo progressos, iniciativas e desafios relacionados, seguido por uma sess\u00e3o que analisou \u201cAeroportos de Amanh\u00e3\u201d, explorando o papel vital dos aeroportos relacionados com combust\u00edveis limpos, descarboniza\u00e7\u00e3o e conectividade multimodal.<\/li>\n\n\n\n<li>Os participantes tamb\u00e9m beneficiaram de cinco sess\u00f5es educativas relacionadas com a sustentabilidade e de um workshop interativo entre pares do Think Tank sobre a\u00e7\u00e3o clim\u00e1tica.<\/li>\n<\/ul>\n\n\n\n<p><strong><em>Transforma\u00e7\u00e3o e inspira\u00e7\u00e3o em destaque no palco principal<\/em><\/strong><\/p>\n\n\n\n<ul class=\"wp-block-list\">\n<li>Na sua sess\u00e3o de abertura, o veterano da m\u00fasica Ric Salmon apresentou paralelos entre a evolu\u00e7\u00e3o das ind\u00fastrias da m\u00fasica e das viagens de neg\u00f3cios, trazendo uma perspectiva \u00fanica sobre como a tecnologia, a mudan\u00e7a do comportamento do consumidor e a evolu\u00e7\u00e3o dos modelos de neg\u00f3cios podem remodelar toda uma ind\u00fastria.<\/li>\n\n\n\n<li>A palestra inspiradora, \u201cTodos t\u00eam um sonho\u201d, foi uma sess\u00e3o instigante e comovente, desafiando todos a abra\u00e7ar uma sociedade mais inclusiva para um mundo mais gentil e mais rico.<\/li>\n\n\n\n<li>A palestra de encerramento do evento, \u201cEncontrando o equil\u00edbrio entre as necessidades corporativas e as expectativas dos viajantes\u201d, explorou a tecnologia, as mudan\u00e7as clim\u00e1ticas, as mudan\u00e7as nos modelos de trabalho e a ascens\u00e3o do \u201cviajante com prop\u00f3sito\u201d, e como as empresas podem apoiar o cen\u00e1rio evolu\u00eddo das viagens de neg\u00f3cios.<\/li>\n<\/ul>\n\n\n\n<p><strong><em>Cultivando talentos da ind\u00fastria e futuras for\u00e7as de trabalho na regi\u00e3o<\/em><\/strong><\/p>\n\n\n\n<ul class=\"wp-block-list\">\n<li>A GBTA anunciou um programa regional WINiT com foco em orienta\u00e7\u00e3o local, desenvolvimento profissional e networking. Sob a Funda\u00e7\u00e3o GBTA, <a href=\"https:\/\/gbta.org\/pt\/category\/winit\/\">GBTA WINiT<\/a> defende a igualdade de g\u00eanero na ind\u00fastria de viagens de neg\u00f3cios e oferece programa\u00e7\u00e3o para ajudar as mulheres a prosperar ao longo de suas carreiras.<\/li>\n\n\n\n<li>10\u00aa temporada do <a href=\"https:\/\/gbtafoundation.org\/people\/ladders\/\">Escadas GBTA<\/a> foi lan\u00e7ado, reunindo profissionais da ind\u00fastria para elevar suas carreiras, expandir seu conhecimento da ind\u00fastria e aumentar sua rede global, com um n\u00famero crescente de participantes do programa da GBTA Europa.<\/li>\n<\/ul>\n\n\n\n<p><strong><em>Honrando as contribui\u00e7\u00f5es dos volunt\u00e1rios do GBTA na Europa<\/em><\/strong><\/p>\n\n\n\n<ul class=\"wp-block-list\">\n<li>Flavio Ghiringhelli, da Emirates, recebeu o Pr\u00eamio Luoma deste ano, criado em 2011 para reconhecer volunt\u00e1rios que apoiam o desenvolvimento da GBTA e de seus parceiros de mercado local na Europa.<\/li>\n\n\n\n<li>O pr\u00eamio GBTA Europe Lifetime Achievement para 2023 foi entregue a Hans-Ingo Biehl, ex-Diretor Executivo da VDR.<\/li>\n<\/ul>\n\n\n\n<p><strong><em>O lugar para pesquisas, not\u00edcias e insights do setor<\/em><\/strong><\/p>\n\n\n\n<ul class=\"wp-block-list\">\n<li>GBTA revelou as viagens de neg\u00f3cios <a href=\"https:\/\/gbta.org\/pt\/european-business-travel-spending-is-forecast-to-reach-450-billion-usd-by-2027\/\">previs\u00e3o regional<\/a> para a Europa a partir do 2023 Business Travel Index \u2122 Outlook <a href=\"https:\/\/gbta.org\/pt\/global-business-travel-industry-forecast-is-for-accelerated-rebound-spending-to-reach-1-8-trillion-by-2027\/\">relat\u00f3rio global<\/a> poss\u00edvel gra\u00e7as \u00e0 colabora\u00e7\u00e3o com a Visa. As viagens de neg\u00f3cios na Europa dever\u00e3o aumentar de forma constante, atingindo $314 mil milh\u00f5es de d\u00f3lares em 2024 (ou 94% dos n\u00edveis pr\u00e9-pandemia) e ultrapassar os n\u00edveis de despesa de 2019 at\u00e9 2025, atingindo $414,9 mil milh\u00f5es. Os principais impulsionadores incluem a procura reprimida, modelos de trabalho h\u00edbridos, o regresso das viagens e reuni\u00f5es e condi\u00e7\u00f5es econ\u00f3micas mais est\u00e1veis. Al\u00e9m disso, em uma pesquisa da GBTA, 1.176 viajantes a neg\u00f3cios estimam que $888 seja o gasto m\u00e9dio por viagem de neg\u00f3cios.<\/li>\n\n\n\n<li>O GBTA Broadcast Studio mais uma vez organizou mais de 30 entrevistas em v\u00eddeo ao longo da confer\u00eancia apresentando os principais influenciadores do setor e executivos de empresas l\u00edderes em viagens de neg\u00f3cios. Al\u00e9m disso, o evento Media Cocktail, realizado em 15 de novembro, atraiu uma d\u00fazia de fornecedores que anunciaram as \u00faltimas not\u00edcias e novidades do setor aos jornalistas. Leia todas as m\u00eddias do fornecedor <a href=\"https:\/\/europeconference.gbta.org\/about\/media\/\">an\u00fancios aqui<\/a>.<\/li>\n<\/ul>\n\n\n\n<p>A Confer\u00eancia GBTA + VDR Europe 2023 foi poss\u00edvel gra\u00e7as a v\u00e1rios parceiros e patrocinadores da ind\u00fastria, incluindo Cvent (Platinum); Casca (Energia); Lideran\u00e7a inovadora: BCD Travel, EasyJet, FREENOW, HRS, SkyTeam e Visa; SAP Concur (Bronze) e destaque: <a>Vinte e cinco<\/a> Horas Hot\u00e9is, American Express Global Business Travel, ATG, BWH Hotels, Enterprise Mobility, Go Running Tours e Hilton.<br><br>Em 2024, a Confer\u00eancia Europeia GBTA + VDR, promovida pelas Associa\u00e7\u00f5es N\u00f3rdicas de Viagens de Neg\u00f3cios, ter\u00e1 lugar em Copenhaga<strong>, <\/strong>Dinamarca, 4-6 de Novembro.<br><br><strong>Sobre a Global Business Travel Association<\/strong>\u00a0\u00a0\u00a0<br>A Global Business Travel Association (GBTA) \u00e9 a principal organiza\u00e7\u00e3o comercial de viagens de neg\u00f3cios e reuni\u00f5es do mundo, com sede na \u00e1rea de Washington, DC, atendendo partes interessadas em seis continentes. A GBTA e seus mais de 8.000 membros representam e defendem o setor global de viagens de neg\u00f3cios e reuni\u00f5es que movimenta $1,357 trilh\u00f5es. A GBTA e a Funda\u00e7\u00e3o GBTA oferecem educa\u00e7\u00e3o, eventos, pesquisa, defesa e m\u00eddia de classe mundial para uma rede global crescente de mais de 28.000 profissionais de viagens e 125.000 contatos ativos. Para obter mais informa\u00e7\u00f5es, visite GBTA.org e GBTAFoundation.org.\u00a0<\/p>","protected":false},"excerpt":{"rendered":"<p>A recupera\u00e7\u00e3o cont\u00ednua, a sustentabilidade, o comportamento dos viajantes de neg\u00f3cios e muito mais estiveram na agenda do maior encontro europeu da ind\u00fastria global de viagens de neg\u00f3cios. A comunidade europeia de viagens de neg\u00f3cios reuniu-se mais uma vez para explorar, discutir e conectar-se em torno do estado atual e futuro do setor na regi\u00e3o na Confer\u00eancia GBTA + VDR Europa 2023\u2026<\/p>","protected":false},"author":29,"featured_media":0,"comment_status":"closed","ping_status":"closed","sticky":false,"template":"","format":"standard","meta":{"_acf_changed":false,"_seopress_robots_primary_cat":"none","_seopress_titles_title":"","_seopress_titles_desc":"","_seopress_robots_index":"","om_disable_all_campaigns":false,"_relevanssi_hide_post":"","_relevanssi_hide_content":"","_relevanssi_pin_for_all":"","_relevanssi_pin_keywords":"","_relevanssi_unpin_keywords":"","_relevanssi_related_keywords":"","_relevanssi_related_include_ids":"","_relevanssi_related_exclude_ids":"","_relevanssi_related_no_append":"","_relevanssi_related_not_related":"","_relevanssi_related_posts":"1,415,662,664,666,667","_relevanssi_noindex_reason":"","_kad_blocks_custom_css":"","_kad_blocks_head_custom_js":"","_kad_blocks_body_custom_js":"","_kad_blocks_footer_custom_js":"","_kad_post_transparent":"","_kad_post_title":"","_kad_post_layout":"","_kad_post_sidebar_id":"","_kad_post_content_style":"","_kad_post_vertical_padding":"","_kad_post_feature":"","_kad_post_feature_position":"","_kad_post_header":false,"_kad_post_footer":false,"footnotes":"","_links_to":"","_links_to_target":""},"categories":[105,45],"tags":[48,95,233],"class_list":["post-13565","post","type-post","status-publish","format-standard","hentry","category-europe-and-uk","category-news-and-press-releases","tag-business-travel","tag-forecast","tag-news"],"acf":[],"featured_image_src_large":false,"author_info":{"display_name":"","author_link":"https:\/\/gbta.org\/pt\/author\/"},"comment_info":"","category_info":[{"term_id":105,"name":"Europe and UK","slug":"europe-and-uk","term_group":0,"term_taxonomy_id":105,"taxonomy":"category","description":"","parent":0,"count":153,"filter":"raw","cat_ID":105,"category_count":153,"category_description":"","cat_name":"Europe and UK","category_nicename":"europe-and-uk","category_parent":0},{"term_id":45,"name":"News and Press Releases","slug":"news-and-press-releases","term_group":0,"term_taxonomy_id":45,"taxonomy":"category","description":"","parent":0,"count":541,"filter":"raw","cat_ID":45,"category_count":541,"category_description":"","cat_name":"News and Press Releases","category_nicename":"news-and-press-releases","category_parent":0}],"tag_info":[{"term_id":48,"name":"business travel","slug":"business-travel","term_group":0,"term_taxonomy_id":48,"taxonomy":"post_tag","description":"","parent":0,"count":417,"filter":"raw"},{"term_id":95,"name":"forecast","slug":"forecast","term_group":0,"term_taxonomy_id":95,"taxonomy":"post_tag","description":"","parent":0,"count":55,"filter":"raw"},{"term_id":233,"name":"news","slug":"news","term_group":0,"term_taxonomy_id":233,"taxonomy":"post_tag","description":"","parent":0,"count":308,"filter":"raw"}],"taxonomy_info":{"category":[{"value":105,"label":"Europe and UK"},{"value":45,"label":"News and Press Releases"}],"post_tag":[{"value":48,"label":"business travel"},{"value":95,"label":"forecast"},{"value":233,"label":"news"}]},"featured_image_src":null,"featured_image_src_square":null,"mfb_rest_fields":["featured_image_src_large","author_info","comment_info","category_info","tag_info","taxonomy_info","featured_image_src","featured_image_src_square"],"_links":{"self":[{"href":"https:\/\/gbta.org\/pt\/wp-json\/wp\/v2\/posts\/13565","targetHints":{"allow":["GET"]}}],"collection":[{"href":"https:\/\/gbta.org\/pt\/wp-json\/wp\/v2\/posts"}],"about":[{"href":"https:\/\/gbta.org\/pt\/wp-json\/wp\/v2\/types\/post"}],"author":[{"embeddable":true,"href":"https:\/\/gbta.org\/pt\/wp-json\/wp\/v2\/users\/29"}],"replies":[{"embeddable":true,"href":"https:\/\/gbta.org\/pt\/wp-json\/wp\/v2\/comments?post=13565"}],"version-history":[{"count":0,"href":"https:\/\/gbta.org\/pt\/wp-json\/wp\/v2\/posts\/13565\/revisions"}],"wp:attachment":[{"href":"https:\/\/gbta.org\/pt\/wp-json\/wp\/v2\/media?parent=13565"}],"wp:term":[{"taxonomy":"category","embeddable":true,"href":"https:\/\/gbta.org\/pt\/wp-json\/wp\/v2\/categories?post=13565"},{"taxonomy":"post_tag","embeddable":true,"href":"https:\/\/gbta.org\/pt\/wp-json\/wp\/v2\/tags?post=13565"}],"curies":[{"name":"wp","href":"https:\/\/api.w.org\/{rel}","templated":true}]}}