{"id":1363,"date":"2022-07-20T09:51:22","date_gmt":"2022-07-20T13:51:22","guid":{"rendered":"https:\/\/gbta.org\/nearly-one-half-of-european-travel-professionals-expect-president-trumps-travel-ban-to-create-immediate-travel-disruption\/"},"modified":"2022-08-11T11:33:43","modified_gmt":"2022-08-11T15:33:43","slug":"nearly-one-half-of-european-travel-professionals-expect-president-trumps-travel-ban-to-create-immediate-travel-disruption","status":"publish","type":"post","link":"https:\/\/gbta.org\/pt\/nearly-one-half-of-european-travel-professionals-expect-president-trumps-travel-ban-to-create-immediate-travel-disruption\/","title":{"rendered":"Quase metade dos profissionais de viagens europeus espera que a proibi\u00e7\u00e3o de viagens do presidente Trump crie uma interrup\u00e7\u00e3o imediata nas viagens"},"content":{"rendered":"<p>No seguimento de um <a href=\"https:\/\/gbta.org\/pt\/PressReleases\/Pages\/rls_020217.aspx\/?Source=http:\/\/www.gbta.org\/lists\/news\/Allitems_all.aspx\" target=\"_blank\" rel=\"noopener\">enquete com membros dos EUA<\/a> No in\u00edcio desta semana, a Global Business Travel Association (GBTA), a voz da ind\u00fastria de viagens de neg\u00f3cios, entrevistou os seus membros europeus sobre a ordem executiva do presidente Trump que pro\u00edbe viagens para os Estados Unidos de cidad\u00e3os do Iraque, S\u00edria, Ir\u00e3o, L\u00edbia, Som\u00e1lia, Sud\u00e3o e I\u00eamen.<\/p>\n<p>Quase metade (49 por cento) dos profissionais de viagens europeus espera que a proibi\u00e7\u00e3o provoque uma redu\u00e7\u00e3o nas viagens de neg\u00f3cios da sua empresa nos tr\u00eas meses seguintes \u2013 em compara\u00e7\u00e3o com 31 por cento nos Estados Unidos. Verificou-se tamb\u00e9m uma diferen\u00e7a semelhante no impacto a curto prazo durante os pr\u00f3ximos tr\u00eas a seis meses, com 46 por cento dos inquiridos europeus a esperar que a proibi\u00e7\u00e3o tenha um impacto negativo nas viagens de neg\u00f3cios das suas empresas, em compara\u00e7\u00e3o com 29 por cento no inqu\u00e9rito dos EUA.<\/p>\n<p>O impacto a longo prazo, considerando 6 a 12 ou mais meses de anteced\u00eancia, \u00e9 ligeiramente superior na Europa, com 33 por cento a esperar uma redu\u00e7\u00e3o nas viagens de neg\u00f3cios, contra 28 por cento nos Estados Unidos. Dado que as viagens de neg\u00f3cios funcionam como um motor econ\u00f3mico, este n\u00edvel de perturba\u00e7\u00e3o ir\u00e1 certamente prejudicar a economia.<\/p>\n<p><img loading=\"lazy\" decoding=\"async\" class=\"aligncenter size-full wp-image-2781\" src=\"http:\/\/blog.gbta.org\/wp-content\/uploads\/2017\/02\/Q3-Impact-Pic.png\" alt=\"Q3 Impact Pic\" width=\"630\" height=\"236\" \/><\/p>\n<p>Al\u00e9m disso, 38 por cento dos entrevistados afirmaram que existem directivas dentro da sua organiza\u00e7\u00e3o para cancelar ou atrasar viagens de funcion\u00e1rios nacionais de pa\u00edses inclu\u00eddos na proibi\u00e7\u00e3o.<\/p>\n<p><img loading=\"lazy\" decoding=\"async\" class=\"aligncenter size-full wp-image-2784\" src=\"http:\/\/blog.gbta.org\/wp-content\/uploads\/2017\/02\/Q2-Directives.png\" alt=\"Q2 Directives\" width=\"625\" height=\"216\" \/><\/p>\n<p>Mais de metade (53%) dos nossos inquiridos tamb\u00e9m relataram que a sua organiza\u00e7\u00e3o tem atualmente funcion\u00e1rios que viajam para o estrangeiro e que podem ser ou s\u00e3o afetados pela proibi\u00e7\u00e3o de viagens.<\/p>\n<p><img loading=\"lazy\" decoding=\"async\" class=\"aligncenter size-full wp-image-2785\" src=\"http:\/\/blog.gbta.org\/wp-content\/uploads\/2017\/02\/Q1-Pic.png\" alt=\"Q1 Pic\" width=\"617\" height=\"286\" \/><\/p>\n<p>Quando questionados sobre como sua empresa foi afetada, recebemos diversas respostas de que \u00e9 muito cedo para dizer que n\u00e3o haver\u00e1 impacto em preocupa\u00e7\u00f5es s\u00e9rias. Aqui est\u00e3o algumas das respostas:<\/p>\n<p style=\"text-align: center;\"><em>\u201cAinda n\u00e3o posso comentar \u2013 \u00e9 muito cedo\u201d<\/em><\/p>\n<p style=\"text-align: center;\"><em>\u201cN\u00e3o fomos afetados, uma vez que fazemos viagens principalmente dentro de [nosso pa\u00eds].\u201d<\/em><\/p>\n<p style=\"text-align: center;\"><em>\u201cSem efeito.\u201d<\/em><\/p>\n<p style=\"text-align: center;\"><em>\u201cVendo uma grande mudan\u00e7a no desejo dos viajantes de visitar os EUA\u2026 Viagens e eventos provavelmente ser\u00e3o cancelados ou adiados.\u201d<\/em><\/p>\n<p style=\"text-align: center;\"><em>\u201cComo os EUA s\u00e3o onde est\u00e1 a maior parte da nossa comunidade de viajantes e dos gastos com viagens, estamos considerando transferir os eventos para fora dos EUA.\u201d<\/em><\/p>\n<p style=\"text-align: center;\">\n<h6><strong><em>Metodologia: <\/em><\/strong><em>Esta pesquisa foi realizada online entre 2 de fevereiro<sup>nd<\/sup> e 3 de fevereiro<sup>rd<\/sup>, 2017. No total, 454 compradores de viagens europeus foram convidados a participar neste estudo por e-mail. 68 participaram da pesquisa, gerando uma taxa de resposta de 15 por cento. Devido ao arredondamento, as porcentagens podem somar mais ou menos que 100 por cento.<\/em><\/h6>","protected":false},"excerpt":{"rendered":"<p>Na sequ\u00eancia de uma pesquisa com membros dos EUA no in\u00edcio desta semana, a Global Business Travel Association (GBTA), a voz da ind\u00fastria de viagens de neg\u00f3cios, entrevistou seus membros europeus sobre a ordem executiva do presidente Trump que pro\u00edbe viagens para os Estados Unidos de cidad\u00e3os de Iraque, S\u00edria, Ir\u00e3, L\u00edbia, Som\u00e1lia, Sud\u00e3o e I\u00eamen. Quase metade (49%)\u2026<\/p>","protected":false},"author":25,"featured_media":1309,"comment_status":"open","ping_status":"open","sticky":false,"template":"","format":"standard","meta":{"_acf_changed":false,"_seopress_robots_primary_cat":"","_seopress_titles_title":"","_seopress_titles_desc":"","_seopress_robots_index":"","om_disable_all_campaigns":false,"_relevanssi_hide_post":"","_relevanssi_hide_content":"","_relevanssi_pin_for_all":"","_relevanssi_pin_keywords":"","_relevanssi_unpin_keywords":"","_relevanssi_related_keywords":"","_relevanssi_related_include_ids":"","_relevanssi_related_exclude_ids":"","_relevanssi_related_no_append":"","_relevanssi_related_not_related":"","_relevanssi_related_posts":"","_relevanssi_noindex_reason":"","_kad_blocks_custom_css":"","_kad_blocks_head_custom_js":"","_kad_blocks_body_custom_js":"","_kad_blocks_footer_custom_js":"","_kad_post_transparent":"","_kad_post_title":"","_kad_post_layout":"","_kad_post_sidebar_id":"","_kad_post_content_style":"","_kad_post_vertical_padding":"","_kad_post_feature":"","_kad_post_feature_position":"","_kad_post_header":false,"_kad_post_footer":false,"footnotes":"","_links_to":"","_links_to_target":""},"categories":[37],"tags":[939,129,940,869],"class_list":["post-1363","post","type-post","status-publish","format-standard","has-post-thumbnail","hentry","category-research-and-travel-trends","tag-immigration","tag-travel","tag-travel-ban","tag-trump"],"acf":[],"featured_image_src_large":["https:\/\/gbta.org\/wp-content\/uploads\/AirplaneNightSky-1-1024x683.jpg",1024,683,true],"author_info":{"display_name":"jcampbell","author_link":"https:\/\/gbta.org\/pt\/author\/jcampbell\/"},"comment_info":"","category_info":[{"term_id":37,"name":"Research and Travel Trends","slug":"research-and-travel-trends","term_group":0,"term_taxonomy_id":37,"taxonomy":"category","description":"","parent":0,"count":967,"filter":"raw","cat_ID":37,"category_count":967,"category_description":"","cat_name":"Research and Travel Trends","category_nicename":"research-and-travel-trends","category_parent":0}],"tag_info":[{"term_id":939,"name":"immigration","slug":"immigration","term_group":0,"term_taxonomy_id":939,"taxonomy":"post_tag","description":"","parent":0,"count":1,"filter":"raw"},{"term_id":129,"name":"travel","slug":"travel","term_group":0,"term_taxonomy_id":129,"taxonomy":"post_tag","description":"","parent":0,"count":54,"filter":"raw"},{"term_id":940,"name":"travel ban","slug":"travel-ban","term_group":0,"term_taxonomy_id":940,"taxonomy":"post_tag","description":"","parent":0,"count":13,"filter":"raw"},{"term_id":869,"name":"Trump","slug":"trump","term_group":0,"term_taxonomy_id":869,"taxonomy":"post_tag","description":"","parent":0,"count":6,"filter":"raw"}],"taxonomy_info":{"category":[{"value":37,"label":"Research and Travel Trends"}],"post_tag":[{"value":939,"label":"immigration"},{"value":129,"label":"travel"},{"value":940,"label":"travel ban"},{"value":869,"label":"Trump"}]},"featured_image_src":"https:\/\/gbta.org\/wp-content\/uploads\/AirplaneNightSky-1.jpg","featured_image_src_square":"https:\/\/gbta.org\/wp-content\/uploads\/AirplaneNightSky-1.jpg","mfb_rest_fields":["featured_image_src_large","author_info","comment_info","category_info","tag_info","taxonomy_info","featured_image_src","featured_image_src_square"],"_links":{"self":[{"href":"https:\/\/gbta.org\/pt\/wp-json\/wp\/v2\/posts\/1363","targetHints":{"allow":["GET"]}}],"collection":[{"href":"https:\/\/gbta.org\/pt\/wp-json\/wp\/v2\/posts"}],"about":[{"href":"https:\/\/gbta.org\/pt\/wp-json\/wp\/v2\/types\/post"}],"author":[{"embeddable":true,"href":"https:\/\/gbta.org\/pt\/wp-json\/wp\/v2\/users\/25"}],"replies":[{"embeddable":true,"href":"https:\/\/gbta.org\/pt\/wp-json\/wp\/v2\/comments?post=1363"}],"version-history":[{"count":0,"href":"https:\/\/gbta.org\/pt\/wp-json\/wp\/v2\/posts\/1363\/revisions"}],"wp:featuredmedia":[{"embeddable":true,"href":"https:\/\/gbta.org\/pt\/wp-json\/wp\/v2\/media\/1309"}],"wp:attachment":[{"href":"https:\/\/gbta.org\/pt\/wp-json\/wp\/v2\/media?parent=1363"}],"wp:term":[{"taxonomy":"category","embeddable":true,"href":"https:\/\/gbta.org\/pt\/wp-json\/wp\/v2\/categories?post=1363"},{"taxonomy":"post_tag","embeddable":true,"href":"https:\/\/gbta.org\/pt\/wp-json\/wp\/v2\/tags?post=1363"}],"curies":[{"name":"wp","href":"https:\/\/api.w.org\/{rel}","templated":true}]}}