{"id":14801,"date":"2024-02-26T07:43:47","date_gmt":"2024-02-26T12:43:47","guid":{"rendered":"https:\/\/gbta.org\/?p=14801"},"modified":"2024-02-26T07:43:52","modified_gmt":"2024-02-26T12:43:52","slug":"gbta-foundation-reports-progress-under-its-commitment-to-the-glasgow-declaration","status":"publish","type":"post","link":"https:\/\/gbta.org\/pt\/gbta-foundation-reports-progress-under-its-commitment-to-the-glasgow-declaration\/","title":{"rendered":"Funda\u00e7\u00e3o GBTA relata progresso no \u00e2mbito do seu compromisso com a Declara\u00e7\u00e3o de Glasgow"},"content":{"rendered":"<p>Lan\u00e7ado oficialmente na Confer\u00eancia das Na\u00e7\u00f5es Unidas sobre Mudan\u00e7as Clim\u00e1ticas (COP26) em novembro de 2021, o <a href=\"https:\/\/www.oneplanetnetwork.org\/programmes\/sustainable-tourism\/glasgow-declaration\" target=\"_blank\" rel=\"noreferrer noopener\">Declara\u00e7\u00e3o de Glasgow sobre A\u00e7\u00e3o Clim\u00e1tica no Turismo<\/a> une viagens e turismo por tr\u00e1s de um conjunto comum de caminhos para a a\u00e7\u00e3o clim\u00e1tica, alinhando o setor com compromissos globais e catalisando solu\u00e7\u00f5es colaborativas para os muitos desafios enfrentados pelas empresas e destinos em todo o mundo.&nbsp;<\/p>\n\n\n\n<p>Em outubro de 2022, a Funda\u00e7\u00e3o GBTA tornou-se signat\u00e1ria da Declara\u00e7\u00e3o de Glasgow sobre A\u00e7\u00e3o Clim\u00e1tica no Turismo. Como um dos 230 parceiros de apoio, o compromisso da GBTA \u00e9 defender a a\u00e7\u00e3o clim\u00e1tica nas viagens de neg\u00f3cios, atrav\u00e9s da capacita\u00e7\u00e3o, alinhamento da ind\u00fastria e defesa. No final do ano passado, divulg\u00e1mos o nosso plano de a\u00e7\u00e3o para impulsionar o impacto com base nos 5 pilares da Declara\u00e7\u00e3o de Glasgow: Medir, Descarbonizar, Regenerar, Colaborar e Financiar. <a href=\"https:\/\/gbtafoundation.org\/wp-content\/uploads\/2024\/01\/Glasgow-Declaration_GBTA-Foundation.pdf\" target=\"_blank\" rel=\"noreferrer noopener\">Clique aqui<\/a> para ler o Relat\u00f3rio de Progresso da Funda\u00e7\u00e3o completo.<\/p>","protected":false},"excerpt":{"rendered":"<p>Lan\u00e7ada oficialmente na Confer\u00eancia das Na\u00e7\u00f5es Unidas sobre Altera\u00e7\u00f5es Clim\u00e1ticas (COP26) em novembro de 2021, a Declara\u00e7\u00e3o de Glasgow sobre A\u00e7\u00e3o Clim\u00e1tica no Turismo une viagens e turismo num conjunto comum de caminhos para a a\u00e7\u00e3o clim\u00e1tica, alinhando o setor com compromissos globais e catalisando solu\u00e7\u00f5es colaborativas para os muitos desafios enfrentados pelas empresas e destinos em todo o mundo. Em outubro de 2022,\u2026<\/p>","protected":false},"author":14,"featured_media":0,"comment_status":"closed","ping_status":"closed","sticky":false,"template":"","format":"standard","meta":{"_acf_changed":false,"_seopress_robots_primary_cat":"none","_seopress_titles_title":"","_seopress_titles_desc":"","_seopress_robots_index":"","om_disable_all_campaigns":false,"_relevanssi_hide_post":"","_relevanssi_hide_content":"","_relevanssi_pin_for_all":"","_relevanssi_pin_keywords":"","_relevanssi_unpin_keywords":"","_relevanssi_related_keywords":"","_relevanssi_related_include_ids":"","_relevanssi_related_exclude_ids":"","_relevanssi_related_no_append":"","_relevanssi_related_not_related":"","_relevanssi_related_posts":"1,415,662,664,666,667","_relevanssi_noindex_reason":"","_kad_blocks_custom_css":"","_kad_blocks_head_custom_js":"","_kad_blocks_body_custom_js":"","_kad_blocks_footer_custom_js":"","_kad_post_transparent":"","_kad_post_title":"","_kad_post_layout":"","_kad_post_sidebar_id":"","_kad_post_content_style":"","_kad_post_vertical_padding":"","_kad_post_feature":"","_kad_post_feature_position":"","_kad_post_header":false,"_kad_post_footer":false,"footnotes":"","_links_to":"","_links_to_target":""},"categories":[1519],"tags":[],"class_list":["post-14801","post","type-post","status-publish","format-standard","hentry","category-sustainability-foundation"],"acf":[],"featured_image_src_large":false,"author_info":{"display_name":"","author_link":"https:\/\/gbta.org\/pt\/author\/"},"comment_info":"","category_info":[{"term_id":1519,"name":"Sustainability","slug":"sustainability-foundation","term_group":0,"term_taxonomy_id":1519,"taxonomy":"category","description":"","parent":1516,"count":29,"filter":"raw","cat_ID":1519,"category_count":29,"category_description":"","cat_name":"Sustainability","category_nicename":"sustainability-foundation","category_parent":1516}],"tag_info":false,"taxonomy_info":{"category":[{"value":1519,"label":"Sustainability"}]},"featured_image_src":null,"featured_image_src_square":null,"mfb_rest_fields":["featured_image_src_large","author_info","comment_info","category_info","tag_info","taxonomy_info","featured_image_src","featured_image_src_square"],"_links":{"self":[{"href":"https:\/\/gbta.org\/pt\/wp-json\/wp\/v2\/posts\/14801","targetHints":{"allow":["GET"]}}],"collection":[{"href":"https:\/\/gbta.org\/pt\/wp-json\/wp\/v2\/posts"}],"about":[{"href":"https:\/\/gbta.org\/pt\/wp-json\/wp\/v2\/types\/post"}],"author":[{"embeddable":true,"href":"https:\/\/gbta.org\/pt\/wp-json\/wp\/v2\/users\/14"}],"replies":[{"embeddable":true,"href":"https:\/\/gbta.org\/pt\/wp-json\/wp\/v2\/comments?post=14801"}],"version-history":[{"count":0,"href":"https:\/\/gbta.org\/pt\/wp-json\/wp\/v2\/posts\/14801\/revisions"}],"wp:attachment":[{"href":"https:\/\/gbta.org\/pt\/wp-json\/wp\/v2\/media?parent=14801"}],"wp:term":[{"taxonomy":"category","embeddable":true,"href":"https:\/\/gbta.org\/pt\/wp-json\/wp\/v2\/categories?post=14801"},{"taxonomy":"post_tag","embeddable":true,"href":"https:\/\/gbta.org\/pt\/wp-json\/wp\/v2\/tags?post=14801"}],"curies":[{"name":"wp","href":"https:\/\/api.w.org\/{rel}","templated":true}]}}