{"id":15402,"date":"2024-04-10T03:00:00","date_gmt":"2024-04-10T07:00:00","guid":{"rendered":"https:\/\/gbta.org\/?p=15402"},"modified":"2024-04-10T17:31:31","modified_gmt":"2024-04-10T21:31:31","slug":"gbta-honours-jan-christoph-oetjen-with-navigator-award-for-championing-business-travel-in-europe","status":"publish","type":"post","link":"https:\/\/gbta.org\/pt\/gbta-honours-jan-christoph-oetjen-with-navigator-award-for-championing-business-travel-in-europe\/","title":{"rendered":"GBTA homenageia Jan-Christoph Oetjen com Pr\u00eamio Navigator por defender viagens de neg\u00f3cios na Europa"},"content":{"rendered":"<p>GBTA anuncia eurodeputado e vice-presidente do Parlamento Europeu <strong>Jan-Christoph Oetjen<\/strong> (Renew Europe, Alemanha) como ganhadora do prestigiado \u201cGBTA Navigator Award\u201d. O Pr\u00eamio GBTA Navigator \u00e9 concedido a autoridades eleitas que provaram ser fortes defensores da ind\u00fastria de viagens de neg\u00f3cios. Introduzido pela primeira vez pela GBTA em 2016, esta \u00e9 a primeira vez que o pr\u00e9mio \u00e9 entregue a um funcion\u00e1rio europeu.<br><br>\u201cA GBTA tem o prazer de homenagear o MEP Oetjen com seu Pr\u00eamio Navigator\u201d, disse Suzanne Neufang, CEO da GBTA. &quot;Senhor. Oetjen demonstrou um excelente apoio \u00e0 comunidade de viagens de neg\u00f3cios na sua recupera\u00e7\u00e3o desde a pandemia. As suas contribui\u00e7\u00f5es para debates importantes ajudaram a moldar um quadro regulamentar que coloca os viajantes e o planeta em primeiro lugar.\u201d<br><br>A Sra. Neufang acrescentou: \u201cViajar \u00e9 uma for\u00e7a para o bem, uma oportunidade para aprender, comunicar, partilhar, experimentar e inovar. As viagens de neg\u00f3cios impulsionam melhorias em toda a ind\u00fastria global de viagens, \u00e0 medida que os compradores de viagens corporativas t\u00eam cada vez mais a tarefa de oferecer op\u00e7\u00f5es de viagens seguras, eficientes e sustent\u00e1veis. As viagens de neg\u00f3cios tamb\u00e9m aproximam pessoas e equipas e promovem o crescimento econ\u00f3mico. O Pr\u00eamio GBTA Navigator reconhece os funcion\u00e1rios eleitos que provaram ser fortes defensores da ind\u00fastria.\u201d<br><br>O eurodeputado Oetjen \u00e9 reconhecido pelo seu apoio \u00e0 ind\u00fastria das viagens de neg\u00f3cios, em particular pelo seu papel na lideran\u00e7a de debates importantes, incluindo:<br><br>&#8211; <strong>Promover viagens de neg\u00f3cios sustent\u00e1veis<\/strong> apoiando ainda mais a descarboniza\u00e7\u00e3o da avia\u00e7\u00e3o, capacitando os viajantes para identificarem as op\u00e7\u00f5es mais sustent\u00e1veis e proporcionando clareza e transpar\u00eancia na contabiliza\u00e7\u00e3o e comunica\u00e7\u00e3o de emiss\u00f5es.<br><br>&#8211; <strong>Modernizando o ecossistema de distribui\u00e7\u00e3o de viagens<\/strong> liberando o potencial das viagens de neg\u00f3cios multimodais.\u00a0<br><br>\u00c0 medida que o mandato do Parlamento Europeu chega ao fim e a Europa se prepara para a elei\u00e7\u00e3o de um novo Parlamento e Comiss\u00e3o, a GBTA continuar\u00e1 a sua coopera\u00e7\u00e3o com os decisores pol\u00edticos da UE. A GBTA lan\u00e7ou recentemente um relat\u00f3rio que descreve as principais prioridades do setor de viagens de neg\u00f3cios para o pr\u00f3ximo ciclo legislativo da UE 2024-2029: \u201c<a href=\"https:\/\/gbta.org\/wp-content\/uploads\/Europe-Advocacy-Report-Final-3-22-2.pdf\">Moldando o futuro da Europa atrav\u00e9s de viagens de neg\u00f3cios<\/a>\u201d. \u00c0 medida que a Europa se aproxima da sua pr\u00f3xima legislatura, a GBTA sublinha que estas prioridades garantir\u00e3o que o sector continue a ser uma for\u00e7a motriz para a competitividade e a transi\u00e7\u00e3o verde da regi\u00e3o.<\/p>\n\n\n\n<p><em>Foto: Fulvio Origo da GBTA It\u00e1lia (\u00e0 esquerda) entrega o Pr\u00eamio GBTA Navigator ao ganhador, MEP e Vice-Presidente do Parlamento Europeu, Jan-Christoph Oetjen (\u00e0 direita).<\/em><\/p>\n\n\n\n<figure class=\"wp-block-image size-full is-resized\"><img loading=\"lazy\" decoding=\"async\" width=\"766\" height=\"705\" src=\"https:\/\/gbta.org\/wp-content\/uploads\/rrad4lad-1.png\" alt=\"rrad4lad 1\" class=\"wp-image-15408\" style=\"width:426px;height:auto\" srcset=\"https:\/\/gbta.org\/wp-content\/uploads\/rrad4lad-1.png 766w, https:\/\/gbta.org\/wp-content\/uploads\/rrad4lad-1-300x276.png 300w, https:\/\/gbta.org\/wp-content\/uploads\/rrad4lad-1-13x12.png 13w\" sizes=\"auto, (max-width: 766px) 100vw, 766px\" \/><\/figure>","protected":false},"excerpt":{"rendered":"<p>A GBTA anuncia o eurodeputado e vice-presidente do Parlamento Europeu Jan-Christoph Oetjen (Renew Europe, Alemanha) como o destinat\u00e1rio do seu prestigiado \u201cGBTA Navigator Award\u201d. O Pr\u00eamio GBTA Navigator \u00e9 concedido a autoridades eleitas que provaram ser fortes defensores da ind\u00fastria de viagens de neg\u00f3cios. Introduzido pela primeira vez pelo GBTA em 2016, esta \u00e9 a primeira vez\u2026<\/p>","protected":false},"author":29,"featured_media":0,"comment_status":"closed","ping_status":"closed","sticky":false,"template":"","format":"standard","meta":{"_acf_changed":false,"_seopress_robots_primary_cat":"none","_seopress_titles_title":"","_seopress_titles_desc":"","_seopress_robots_index":"","om_disable_all_campaigns":false,"_relevanssi_hide_post":"","_relevanssi_hide_content":"","_relevanssi_pin_for_all":"","_relevanssi_pin_keywords":"","_relevanssi_unpin_keywords":"","_relevanssi_related_keywords":"","_relevanssi_related_include_ids":"","_relevanssi_related_exclude_ids":"","_relevanssi_related_no_append":"","_relevanssi_related_not_related":"","_relevanssi_related_posts":"1,415,662,664,666,667","_relevanssi_noindex_reason":"","_kad_blocks_custom_css":"","_kad_blocks_head_custom_js":"","_kad_blocks_body_custom_js":"","_kad_blocks_footer_custom_js":"","_kad_post_transparent":"","_kad_post_title":"","_kad_post_layout":"","_kad_post_sidebar_id":"","_kad_post_content_style":"","_kad_post_vertical_padding":"","_kad_post_feature":"","_kad_post_feature_position":"","_kad_post_header":false,"_kad_post_footer":false,"footnotes":"","_links_to":"","_links_to_target":""},"categories":[1546,105,1307,45],"tags":[48,49],"class_list":["post-15402","post","type-post","status-publish","format-standard","hentry","category-advocacy","category-europe-and-uk","category-government-relations","category-news-and-press-releases","tag-business-travel","tag-gbta"],"acf":[],"featured_image_src_large":false,"author_info":{"display_name":"","author_link":"https:\/\/gbta.org\/pt\/author\/"},"comment_info":"","category_info":[{"term_id":1546,"name":"Advocacy","slug":"advocacy","term_group":0,"term_taxonomy_id":1546,"taxonomy":"category","description":"","parent":0,"count":42,"filter":"raw","cat_ID":1546,"category_count":42,"category_description":"","cat_name":"Advocacy","category_nicename":"advocacy","category_parent":0},{"term_id":105,"name":"Europe and UK","slug":"europe-and-uk","term_group":0,"term_taxonomy_id":105,"taxonomy":"category","description":"","parent":0,"count":152,"filter":"raw","cat_ID":105,"category_count":152,"category_description":"","cat_name":"Europe and UK","category_nicename":"europe-and-uk","category_parent":0},{"term_id":1307,"name":"Government Relations","slug":"government-relations","term_group":0,"term_taxonomy_id":1307,"taxonomy":"category","description":"","parent":0,"count":61,"filter":"raw","cat_ID":1307,"category_count":61,"category_description":"","cat_name":"Government Relations","category_nicename":"government-relations","category_parent":0},{"term_id":45,"name":"News and Press Releases","slug":"news-and-press-releases","term_group":0,"term_taxonomy_id":45,"taxonomy":"category","description":"","parent":0,"count":540,"filter":"raw","cat_ID":45,"category_count":540,"category_description":"","cat_name":"News and Press Releases","category_nicename":"news-and-press-releases","category_parent":0}],"tag_info":[{"term_id":48,"name":"business travel","slug":"business-travel","term_group":0,"term_taxonomy_id":48,"taxonomy":"post_tag","description":"","parent":0,"count":416,"filter":"raw"},{"term_id":49,"name":"GBTA","slug":"gbta","term_group":0,"term_taxonomy_id":49,"taxonomy":"post_tag","description":"","parent":0,"count":260,"filter":"raw"}],"taxonomy_info":{"category":[{"value":1546,"label":"Advocacy"},{"value":105,"label":"Europe and UK"},{"value":1307,"label":"Government Relations"},{"value":45,"label":"News and Press Releases"}],"post_tag":[{"value":48,"label":"business travel"},{"value":49,"label":"GBTA"}]},"featured_image_src":null,"featured_image_src_square":null,"mfb_rest_fields":["featured_image_src_large","author_info","comment_info","category_info","tag_info","taxonomy_info","featured_image_src","featured_image_src_square"],"_links":{"self":[{"href":"https:\/\/gbta.org\/pt\/wp-json\/wp\/v2\/posts\/15402","targetHints":{"allow":["GET"]}}],"collection":[{"href":"https:\/\/gbta.org\/pt\/wp-json\/wp\/v2\/posts"}],"about":[{"href":"https:\/\/gbta.org\/pt\/wp-json\/wp\/v2\/types\/post"}],"author":[{"embeddable":true,"href":"https:\/\/gbta.org\/pt\/wp-json\/wp\/v2\/users\/29"}],"replies":[{"embeddable":true,"href":"https:\/\/gbta.org\/pt\/wp-json\/wp\/v2\/comments?post=15402"}],"version-history":[{"count":0,"href":"https:\/\/gbta.org\/pt\/wp-json\/wp\/v2\/posts\/15402\/revisions"}],"wp:attachment":[{"href":"https:\/\/gbta.org\/pt\/wp-json\/wp\/v2\/media?parent=15402"}],"wp:term":[{"taxonomy":"category","embeddable":true,"href":"https:\/\/gbta.org\/pt\/wp-json\/wp\/v2\/categories?post=15402"},{"taxonomy":"post_tag","embeddable":true,"href":"https:\/\/gbta.org\/pt\/wp-json\/wp\/v2\/tags?post=15402"}],"curies":[{"name":"wp","href":"https:\/\/api.w.org\/{rel}","templated":true}]}}