{"id":1594,"date":"2022-07-20T09:56:07","date_gmt":"2022-07-20T13:56:07","guid":{"rendered":"https:\/\/gbta.org\/newsletter-gbta-america-latina-april-2018\/"},"modified":"2022-08-11T11:34:07","modified_gmt":"2022-08-11T15:34:07","slug":"newsletter-gbta-america-latina-april-2018","status":"publish","type":"post","link":"https:\/\/gbta.org\/pt\/newsletter-gbta-america-latina-april-2018\/","title":{"rendered":"Boletim informativo: GBTA Am\u00e9rica Latina abril 2018"},"content":{"rendered":"<p><a id=\"story1\" name=\"story1\"><strong>Primer GBTA Business Travel Management Workshop acontecer\u00e1 em Santiago<\/strong><\/a><\/p>\n<p><img decoding=\"async\" alt=\"\" src=\"\/Portals\/0\/Images\/Blog\/2018\/April_LATAM_1_min.jpg\" style=\"width: 100%; height: auto;\" title=\"\" \/><\/br><\/p>\n<p>Chile se prepara para a realiza\u00e7\u00e3o do Primer GBTA Business Travel Management Workshop, que acontecer\u00e1 no pr\u00f3ximo dia 17 de abril no hotel InterContinental de Santiago organizado pela GBTA e pela C\u00e2mara Chilena Norteamericana do Comercio Amcham Chile.<\/p>\n<p>El mais alto reunir\u00e1 ag\u00eancias de viagens, <em>gerentes de viagens<\/em> e compradores em um dia pleno de atividades, eles abordar\u00e3o e responder\u00e3o a alguns dos principais desafios em \u00e1reas como finan\u00e7as e recursos humanos em torno da gest\u00e3o e compra de viagens.<\/p>\n<p>Os participantes poder\u00e3o se aprofundar tamb\u00e9m em conte\u00fados como o manejo da tecnologia aplicada, a implementa\u00e7\u00e3o de processos, a elabora\u00e7\u00e3o da pol\u00edtica de viagens e o desenvolvimento de acordos.<\/p>\n<p>Para maiores informa\u00e7\u00f5es sobre tarifas e inscri\u00e7\u00f5es, ingrese <a href=\"https:\/\/gbta.org\/pt\/calendar\/programs-by-location\/latin-america\/chile\/santiago\/?utm_source=newsletter&amp;utm_medium=email&amp;utm_campaign=Santiago2018#pricing\">aqui<\/a>.<\/p>\n<p>&nbsp;<\/p>\n<p><a id=\"story2\" name=\"story2\"><strong>Curitiba prepara sua segunda confer\u00eancia com o melhor da ind\u00fastria de viagens de neg\u00f3cios <\/strong><\/a><\/p>\n<p><img decoding=\"async\" alt=\"\" src=\"\/Portals\/0\/Images\/Blog\/2018\/April_LATAM_2_min.jpg\" style=\"width: 100%; height: auto;\" title=\"\" \/><\/p>\n<p>\nGra\u00e7as ao sucesso da confer\u00eancia 2017, Curitiba se prepara para receber cerca de 120 profissionais da ind\u00fastria de viagens corporativas na Segunda Confer\u00eancia GBTA 2018, os quais ser\u00e3o citados no pr\u00f3ximo 23 de abril nesta pujante cidade do sul do Brasil para Conhe\u00e7a os desafios que plantam um mundo cambiante.<\/p>\n<p>Entre os temas que tratar\u00e3o alguns dos mais importantes expoentes da ind\u00fastria s\u00e3o: desafios e oportunidades da hotelaria em um mundo vol\u00e1til, inest\u00e1vel, complexo e amb\u00edguo; tecnologia, tend\u00eancias e inova\u00e7\u00e3o; e o impacto da economia compartilhada na mobilidade corporativa, na tecnologia e na gest\u00e3o de viagens corporativas.<\/p>\n<p>Tamb\u00e9m ter\u00e1 grandes oportunidades de realizar <em>rede<\/em> entre gestores de viagens de neg\u00f3cios, compradores e fornecedores. Para maiores informa\u00e7\u00f5es sobre tarifas e inscri\u00e7\u00f5es, ingrese <a href=\"https:\/\/gbta.org\/pt\/calendar\/programs-by-location\/latin-america\/brazil\/curitiba\/?utm_source=newsletter&amp;utm_medium=email&amp;utm_campaign=Curitiba2018\">aqui<\/a>.<\/p>\n<p>&nbsp;<\/p>\n<p><a id=\"story3\" name=\"story3\"><strong>GBTA lan\u00e7a o Blue Ribbon Education Panel<\/strong><\/a><\/p>\n<p><img decoding=\"async\" alt=\"\" src=\"\/Portals\/0\/Images\/Blog\/2018\/April_LATAM_3.jpg\" style=\"float: left; width: 295px; height: 129px;\" title=\"\" \/>Com o objetivo de melhorar a oferta educativa, a GBTA lan\u00e7ou o Blue Ribbon Education Panel, integrado por importantes l\u00edderes da ind\u00fastria de viagens de neg\u00f3cios, com o objetivo de determinar a relev\u00e2ncia do conte\u00fado educativo, identificar as oportunidades nesta mat\u00e9ria e otimizar os canais com uma abordagem para melhorar a experi\u00eancia educativa para profissionais da ind\u00fastria.<\/p>\n<p>\u201cAssim como a mudan\u00e7a na ind\u00fastria continua acelerando, \u00e9 imperativo que a GBTA evolua constantemente seu programa educativo para cumprir as necessidades cambiantes de nossos amigos e se preparar para o futuro da gest\u00e3o de viagens\u201d, afirmou Christle Johnson, Presidente da GBTA.<\/p>\n<p>\u201cA meta deste painel \u00e9 garantir que o programa educativo do GBTA aborda as necessidades de todos os membros, independentemente de sua posi\u00e7\u00e3o ou tipo de membro, e realmente cria um caminho profissional projetado por e para os membros individuais\u201d, afirmou Jennifer Steinke, membro da Junta Directiva do GBTA e Presidente do Blue Ribbon Education Panel.<\/p>\n<p>O painel que voc\u00ea se reuniu pela primeira vez em 2017 para iniciar a avalia\u00e7\u00e3o da oferta atual e identificar \u00e1reas de novos conte\u00fados e m\u00e9todos educativos. O painel continuar\u00e1 trabalhando ao longo de 2018 para compreender as necessidades dos membros por meio de perguntas, discuss\u00f5es e mesas redondas, bem como avaliar logros e vagas e aprender das boas pr\u00e1ticas de especialistas no campo da educa\u00e7\u00e3o e no desenvolvimento profissional. Finalmente, o Painel far\u00e1 recomenda\u00e7\u00f5es \u00e0 Diretriz da Junta do GBTA sobre a futura estrat\u00e9gia de oferta educativa do GBTA.<\/p>\n<p>Para maiores informa\u00e7\u00f5es sobre os membros do Blue Ribbon Education Panel, ingrese <a href=\"https:\/\/gbta.org\/pt\/news-and-advocacy\/newsroom\/userid\/12\/gbta-launches-blue-ribbon-education-panel\/\">aqui<\/a>.<\/p>\n<p>&nbsp;<\/p>\n<p><a id=\"story4\" name=\"story4\"><strong>Mais de 500 profissionais de viagens corporativas participaram da Confer\u00eancia GBTA na Cidade do M\u00e9xico<\/strong><\/a><\/p>\n<p><img decoding=\"async\" alt=\"\" src=\"\/Portals\/0\/Images\/Blog\/2018\/April_LATAM_4_min.jpg\" style=\"width: 800px; height: 533px;\" title=\"\" \/><br \/>\nA Confer\u00eancia GBTA M\u00e9xico, Am\u00e9rica Central e Caribe, que ocorreu de 21 a 23 de mar\u00e7o, reafirmou seu posicionamento como um dos eventos mais s\u00f3lidos da regi\u00e3o com a participa\u00e7\u00e3o de mais de 500 profissionais de viagens corporativas.<\/p>\n<p>Como informou o Latinoam\u00e9rica Meetings M\u00e9xico, conferencistas de v\u00e1rios pa\u00edses, como Jennifer Steinke, membro da Junta Diretiva da GBTA; Leandro Bonfranceschi, Diretor Corporativo da Amadeus para Am\u00e9rica Latina e Caribe; Jay Galindo, vice-presidente de seguran\u00e7a da Marriot International e Jos\u00e9 Roberto Fonseca, gerente regional de viagens da Merk Sharp &amp; Done, entre outros, foram os encarregados de brindar seus conhecimentos sobre tend\u00eancias, seguran\u00e7a e futuro das viagens de neg\u00f3cios. Tamb\u00e9m se abordou o tema de como registrar o melhor retorno de invers\u00e3o em gastos de viagens como um dos t\u00f3picos dos t\u00f3picos&nbsp;<em>Sess\u00f5es Educativas,<\/em>&nbsp;las cuales contaron con una excelente asistencia.<\/p>\n<p>Os participantes intervieram, al\u00e9m disso, nas&nbsp;<em>Exposi\u00e7\u00f5es Comerciais<\/em>&nbsp;onde voc\u00ea encontra a oportunidade de conhecer, trocar ideias e conectar-se para estrat\u00e9gias futuras. Fortei tr\u00eas dias intensos em que se percebeu a camaradagem entre todos os presentes.<\/p>\n<p>\u201cQueremos, nestes tempos de mudan\u00e7a, tanto a n\u00edvel nacional como mundial, motivar-nos para obter maior produtividade e consci\u00eancia de custos. Nosso objetivo \u00e9 que neste encontro voc\u00ea obtenha o melhor de cada um, aprove as sess\u00f5es educativas, pergunte, se relacione e, com certeza, que o passo bem e se vayan com muitas id\u00e9ias e estrat\u00e9gias em pol\u00edticas de viagem para implementar as a\u00e7\u00f5es neste ano\u201d, durante a inaugura\u00e7\u00e3o do evento, que foi levado a cabo na Expo Santa Fe de CDMX.<\/p>\n<p>&nbsp;<\/p>\n<p><a id=\"story5\" name=\"story5\"><strong>Guia para Provedores de Viagens Corporativas<\/strong><\/a><br \/>\n<img decoding=\"async\" alt=\"\" src=\"\/Portals\/0\/Images\/Blog\/2018\/April_LATAM_5_min.jpg\" style=\"float: right; width: 551px; height: 403px;\" title=\"\" \/>Voc\u00ea \u00e9 provedor de servi\u00e7os de viagens corporativas? Voc\u00ea tem como objetivo aumentar suas vendas no segmento? Desenhamos um guia para melhorar sua estrat\u00e9gia. Inclui a invers\u00e3o estimada de viagens corporativas na Am\u00e9rica Latina e no Caribe e mais\u2026.<\/p>\n<p>&nbsp;<\/p>\n<p><a href=\"http:\/\/www3.gbta.org\/GuiaparaproveedoresLATAM\">Descargar guia gratis<\/a><strong> &gt;&gt;<\/strong><\/p>\n<p>&nbsp;<\/p>\n<p>&nbsp;<\/p>\n<p>&nbsp;<\/p>","protected":false},"excerpt":{"rendered":"<p>Boletim informativo da GBTA Am\u00e9rica Latina referente ao m\u00eas de abril de 2018.<\/p>","protected":false},"author":25,"featured_media":0,"comment_status":"open","ping_status":"open","sticky":false,"template":"","format":"standard","meta":{"_acf_changed":false,"_seopress_robots_primary_cat":"","_seopress_titles_title":"","_seopress_titles_desc":"","_seopress_robots_index":"","om_disable_all_campaigns":false,"_relevanssi_hide_post":"","_relevanssi_hide_content":"","_relevanssi_pin_for_all":"","_relevanssi_pin_keywords":"","_relevanssi_unpin_keywords":"","_relevanssi_related_keywords":"","_relevanssi_related_include_ids":"","_relevanssi_related_exclude_ids":"","_relevanssi_related_no_append":"","_relevanssi_related_not_related":"","_relevanssi_related_posts":"","_relevanssi_noindex_reason":"","_kad_blocks_custom_css":"","_kad_blocks_head_custom_js":"","_kad_blocks_body_custom_js":"","_kad_blocks_footer_custom_js":"","_kad_post_transparent":"","_kad_post_title":"","_kad_post_layout":"","_kad_post_sidebar_id":"","_kad_post_content_style":"","_kad_post_vertical_padding":"","_kad_post_feature":"","_kad_post_feature_position":"","_kad_post_header":false,"_kad_post_footer":false,"footnotes":"","_links_to":"","_links_to_target":""},"categories":[37],"tags":[1190],"class_list":["post-1594","post","type-post","status-publish","format-standard","hentry","category-research-and-travel-trends","tag-latamnewsletter"],"acf":[],"featured_image_src_large":false,"author_info":{"display_name":"jcampbell","author_link":"https:\/\/gbta.org\/pt\/author\/jcampbell\/"},"comment_info":"","category_info":[{"term_id":37,"name":"Research and Travel Trends","slug":"research-and-travel-trends","term_group":0,"term_taxonomy_id":37,"taxonomy":"category","description":"","parent":0,"count":966,"filter":"raw","cat_ID":37,"category_count":966,"category_description":"","cat_name":"Research and Travel Trends","category_nicename":"research-and-travel-trends","category_parent":0}],"tag_info":[{"term_id":1190,"name":"LATAMnewsletter","slug":"latamnewsletter","term_group":0,"term_taxonomy_id":1190,"taxonomy":"post_tag","description":"","parent":0,"count":30,"filter":"raw"}],"taxonomy_info":{"category":[{"value":37,"label":"Research and Travel Trends"}],"post_tag":[{"value":1190,"label":"LATAMnewsletter"}]},"featured_image_src":null,"featured_image_src_square":null,"mfb_rest_fields":["featured_image_src_large","author_info","comment_info","category_info","tag_info","taxonomy_info","featured_image_src","featured_image_src_square"],"_links":{"self":[{"href":"https:\/\/gbta.org\/pt\/wp-json\/wp\/v2\/posts\/1594","targetHints":{"allow":["GET"]}}],"collection":[{"href":"https:\/\/gbta.org\/pt\/wp-json\/wp\/v2\/posts"}],"about":[{"href":"https:\/\/gbta.org\/pt\/wp-json\/wp\/v2\/types\/post"}],"author":[{"embeddable":true,"href":"https:\/\/gbta.org\/pt\/wp-json\/wp\/v2\/users\/25"}],"replies":[{"embeddable":true,"href":"https:\/\/gbta.org\/pt\/wp-json\/wp\/v2\/comments?post=1594"}],"version-history":[{"count":0,"href":"https:\/\/gbta.org\/pt\/wp-json\/wp\/v2\/posts\/1594\/revisions"}],"wp:attachment":[{"href":"https:\/\/gbta.org\/pt\/wp-json\/wp\/v2\/media?parent=1594"}],"wp:term":[{"taxonomy":"category","embeddable":true,"href":"https:\/\/gbta.org\/pt\/wp-json\/wp\/v2\/categories?post=1594"},{"taxonomy":"post_tag","embeddable":true,"href":"https:\/\/gbta.org\/pt\/wp-json\/wp\/v2\/tags?post=1594"}],"curies":[{"name":"wp","href":"https:\/\/api.w.org\/{rel}","templated":true}]}}