{"id":1598,"date":"2022-07-20T09:56:16","date_gmt":"2022-07-20T13:56:16","guid":{"rendered":"https:\/\/gbta.org\/conexao-brasil-gbta-newsletter-abril\/"},"modified":"2022-08-11T11:34:07","modified_gmt":"2022-08-11T15:34:07","slug":"conexao-brasil-gbta-newsletter-abril","status":"publish","type":"post","link":"https:\/\/gbta.org\/pt\/conexao-brasil-gbta-newsletter-abril\/","title":{"rendered":"Conex\u00e3o Brasil \u2013 Boletim GBTA Abril"},"content":{"rendered":"<p><a id=\"story1\" name=\"story1\"><strong>O Primeiro Workshop GBTA Business Travel Management acontecer\u00e1 em Santiago<\/strong><\/a><\/p>\n<p><strong><img decoding=\"async\" alt=\"\" src=\"\/Portals\/0\/Images\/Blog\/2018\/April_LATAM_1_min.jpg\" style=\"width: 800px; height: 600px;\" title=\"\" \/><\/strong><\/p>\n<p>O Chile se prepara para a realiza\u00e7\u00e3o do Primeiro GBTA Business Travel Management Workshop, que acontecer\u00e1 no pr\u00f3ximo dia 17 de abril no hotel InterContinental de Santiago, organizado pela GBTA e pela C\u00e2mara de Com\u00e9rcio Norte-americana do Chile \u2013 Amcham Chile.<\/p>\n<p>O Workshop reunir\u00e1 ag\u00eancias de viagens, <em>gerentes de viagens<\/em> e compradores em um dia cheio de atividades, n\u00e3o qual se abordar\u00e3o e responder\u00e3o a alguns dos principais desafios em \u00e1reas como finan\u00e7as e recursos humanos em torno da gest\u00e3o e compras de viagens.<\/p>\n<p>Os participantes poder\u00e3o se aprofundar tamb\u00e9m em conte\u00fados tanto de gest\u00e3o da tecnologia aplicada, implementa\u00e7\u00e3o de processos, elabora\u00e7\u00e3o da pol\u00edtica de viagens al\u00e9m de desenvolvimento de acordos. &nbsp;<\/p>\n<p>Para informa\u00e7\u00f5es adicionais sobre tarifas e inscri\u00e7\u00f5es, clique aqui.<\/p>\n<p>&nbsp;<\/p>\n<p><a id=\"story2\" name=\"story2\"><strong>Curitiba Prepara sua Segunda Confer\u00eancia com o Melhor da Ind\u00fastria de Viagens de Neg\u00f3cios<\/strong><\/a><\/p>\n<p><img decoding=\"async\" alt=\"\" src=\"\/Portals\/0\/April_LATAM_2_min.jpg\" style=\"width: 800px; height: 533px;\" title=\"\" \/><br \/>\nGra\u00e7as ao sucesso da confer\u00eancia de 2017, Curitiba se prepara para receber mais de 120 profissionais da ind\u00fastria de viagens corporativas na Segunda Confer\u00eancia GBTA 2018. Os participantes se reunir\u00e3o no pr\u00f3ximo dia 23 de abril nesta pr\u00f3spera cidade do sul do Brasil, para conhecer os desafios que representam um mundo em constante mudan\u00e7a.<\/p>\n<p>Entre os temas a serem tratados, alguns dos mais destacados da ind\u00fastria s\u00e3o: desafios e oportunidades da hotelaria em um mundo vol\u00e1til, assustador, complexo e amb\u00edguo; tecnologia, tend\u00eancias e inova\u00e7\u00e3o; e impacto da economia compartilhada na mobilidade corporativa, e na tecnologia e na gest\u00e3o de viagens corporativas.<\/p>\n<p>Tamb\u00e9m h\u00e1 grandes oportunidades de <em>rede<\/em> entre gestores de viagens de neg\u00f3cio, compradores e fornecedores. Para informa\u00e7\u00f5es adicionais sobre tarifas e inscri\u00e7\u00f5es, clique aqui.<\/p>\n<p>&nbsp;<\/p>\n<p><a id=\"story3\" name=\"story3\"><strong>GBTA lan\u00e7a o Painel Educacional Blue Ribbon<\/strong><\/a><\/p>\n<p><strong><img decoding=\"async\" alt=\"\" src=\"\/Portals\/0\/April_LATAM_3.jpg\" style=\"float: left; width: 295px; height: 129px;\" title=\"\" \/><\/strong>Para melhorar a oferta educacional, a GBTA lan\u00e7ou o Blue Ribbon Education Panel. Integrado por importantes l\u00edderes da ind\u00fastria de viagens de neg\u00f3cios, o painel visa determinar a relev\u00e2ncia do conte\u00fado educacional disponibilizado pela Associa\u00e7\u00e3o, identificando oportunidades e otimizando os canais com um enfoque no aprimoramento da experi\u00eancia educacional para profissionais da ind\u00fastria.<\/p>\n<p>\u201cA mudan\u00e7a acelerada da ind\u00fastria torna imperativo que a GBTA avance constantemente o seu programa educacional para ajust\u00e1-lo cada vez mais \u00e0s necessidades de nossos membros e prepar\u00e1-los para o futuro da gest\u00e3o de viagens\u201d, afirmou Christle Johnson, Presidente da GBTA.<\/p>\n<p>\u201cA meta deste painel \u00e9 garantir que o programa educacional da GBTA leve em conta as necessidades de todos os membros, independentemente de sua posi\u00e7\u00e3o ou tipo de afilia\u00e7\u00e3o, e criar verdadeiramente uma rota profissional projetada por e para seus membros\u201d, afirmou Jennifer Steinke, membro da Junta Diretora do GBTA e Presidente do Blue Ribbon Education Panel.<\/p>\n<p>O painel teve sua primeira reuni\u00e3o em 2017 para iniciar a avalia\u00e7\u00e3o da oferta atual e identificar \u00e1reas de novo conte\u00fado e m\u00e9todos educacionais. O painel continuar\u00e1 trabalhando ao longo de 2018 para entender as necessidades dos membros de enquetes, discutir e mesas redondas, assim como avaliar as conquistas e lacunas, e aprender com as boas pr\u00e1ticas de especialistas no campo da educa\u00e7\u00e3o e desenvolvimento profissional. Finalmente, o Painel far\u00e1 recomenda\u00e7\u00f5es \u00e0 junta diretora da GBTA sobre a futura estrat\u00e9gia de oferta educacional da GBTA.<\/p>\n<p>Para informa\u00e7\u00f5es adicionais sobre os membros do Blue Ribbon Education Panel, clique <a href=\"https:\/\/gbta.org\/pt\/news-and-advocacy\/newsroom\/userid\/12\/gbta-launches-blue-ribbon-education-panel\/\">aqui<\/a>.<\/p>\n<p>&nbsp;<\/p>\n<p><a id=\"story4\" name=\"story4\"><strong>Mais de 500 Profissionais de Viagens Corporativas Participaram da Confer\u00eancia GBTA 2018 \u2013 Cidade do M\u00e9xico<\/strong><\/a><\/p>\n<p><img decoding=\"async\" alt=\"\" src=\"\/Portals\/0\/Images\/Blog\/2018\/April_LATAM_4_min.jpg\" style=\"width: 800px; height: 533px;\" title=\"\" \/><br \/>\nA Confer\u00eancia GBTA M\u00e9xico, Am\u00e9rica-Central e o Caribe, realizada nos dias 21 a 23 de mar\u00e7o, reafirmou sua posi\u00e7\u00e3o como um dos eventos mais s\u00f3lidos da regi\u00e3o com a participa\u00e7\u00e3o de mais de 500 profissionais de viagens corporativas.<\/p>\n<p>Conferencistas de v\u00e1rios pa\u00edses como Jennifer Steinke, Membro da Junta Diretora do GBTA; Leandro Bonfranceschi, Diretor Corporativo da Amadeus para Am\u00e9rica Latina e Caribe; Jay Galindo, VP Security Marriot International e Jos\u00e9 Roberto Fonseca, Regional Travel Manager Merk Sharp &amp; Done, entre outros, foram os encarregados de compartilhar seus conhecimentos sobre as tend\u00eancias em seguran\u00e7a e futuro das viagens de neg\u00f3cios. Tamb\u00e9m foi abordado como obter o melhor retorno do investimento em despesas de viagens como um dos t\u00f3picos das Sess\u00f5es Educacionais, que conta com excelente participa\u00e7\u00e3o. &nbsp;<\/p>\n<p>Os participantes interagiram, tamb\u00e9m, nas&nbsp;<em>Exposi\u00e7\u00f5es Comerciais<\/em>&nbsp;onde tive a oportunidade de conhec\u00ea-los, fazer interc\u00e2mbio de id\u00e9ias e se conectar para estrat\u00e9gias futuras. Foram tr\u00eas dias intensos onde voc\u00ea pode perceber a camaradagem entre todos os presentes.<\/p>\n<p>\u201cQueremos, nestes tempos de mudan\u00e7a, tanto no n\u00edvel nacional quanto no mundial, motiv\u00e1-los para obter maior produtividade e consci\u00eancia de custos. \u00c9 nosso objetivo que neste encontro obtenham o melhor de cada um, aproveitem as sess\u00f5es educacionais, envolvam-se, se relacionem e, claro, que desfrutem e retornem com muitas id\u00e9ias e estrat\u00e9gias em pol\u00edticas de viagem para implementar\u00e1-las este ano\u201d, foram as palavras de boas-vindas \u00e0 Confer\u00eancia GBTA M\u00e9xico 2018 expressadas por seu Presidente Enrique Ch\u00e1vez V. durante a apresenta\u00e7\u00e3o do evento, que aconteceu na Expo Santa Fe de CDMX.<\/p>\n<p><img decoding=\"async\" alt=\"\" src=\"\/Portals\/0\/Images\/Blog\/2018\/April_LATAM_5_min.jpg\" style=\"float: right; width: 551px; height: 403px;\" title=\"\" \/><\/p>\n<p><a id=\"story5\" name=\"story5\"><strong>Guia para fornecedores de Viagens Corporativas<\/strong><\/a><\/p>\n<p>Voc\u00ea \u00e9 fornecedor de servi\u00e7os de Viagens Corporativas? Tem como objetivo incrementar suas vendas no segmento? Elaboramos um guia para melhorar sua estrat\u00e9gia. Inclui estimativa de investimento de Viagens Corporativas na Am\u00e9rica Latina e Caribe e mais\u2026.<\/p>\n<p><a href=\"http:\/\/www3.gbta.org\/GuiaparaproveedoresLATAM\">Baixar guia gr\u00e1tis<\/a><strong> &gt;<\/strong><\/p>","protected":false},"excerpt":{"rendered":"<p>Newsletter de abril para GBTA Brasil.<\/p>","protected":false},"author":25,"featured_media":0,"comment_status":"open","ping_status":"open","sticky":false,"template":"","format":"standard","meta":{"_acf_changed":false,"_seopress_robots_primary_cat":"","_seopress_titles_title":"","_seopress_titles_desc":"","_seopress_robots_index":"","om_disable_all_campaigns":false,"_relevanssi_hide_post":"","_relevanssi_hide_content":"","_relevanssi_pin_for_all":"","_relevanssi_pin_keywords":"","_relevanssi_unpin_keywords":"","_relevanssi_related_keywords":"","_relevanssi_related_include_ids":"","_relevanssi_related_exclude_ids":"","_relevanssi_related_no_append":"","_relevanssi_related_not_related":"","_relevanssi_related_posts":"","_relevanssi_noindex_reason":"","_kad_blocks_custom_css":"","_kad_blocks_head_custom_js":"","_kad_blocks_body_custom_js":"","_kad_blocks_footer_custom_js":"","_kad_post_transparent":"","_kad_post_title":"","_kad_post_layout":"","_kad_post_sidebar_id":"","_kad_post_content_style":"","_kad_post_vertical_padding":"","_kad_post_feature":"","_kad_post_feature_position":"","_kad_post_header":false,"_kad_post_footer":false,"footnotes":"","_links_to":"","_links_to_target":""},"categories":[37],"tags":[1190],"class_list":["post-1598","post","type-post","status-publish","format-standard","hentry","category-research-and-travel-trends","tag-latamnewsletter"],"acf":[],"featured_image_src_large":false,"author_info":{"display_name":"jcampbell","author_link":"https:\/\/gbta.org\/pt\/author\/jcampbell\/"},"comment_info":"","category_info":[{"term_id":37,"name":"Research and Travel Trends","slug":"research-and-travel-trends","term_group":0,"term_taxonomy_id":37,"taxonomy":"category","description":"","parent":0,"count":967,"filter":"raw","cat_ID":37,"category_count":967,"category_description":"","cat_name":"Research and Travel Trends","category_nicename":"research-and-travel-trends","category_parent":0}],"tag_info":[{"term_id":1190,"name":"LATAMnewsletter","slug":"latamnewsletter","term_group":0,"term_taxonomy_id":1190,"taxonomy":"post_tag","description":"","parent":0,"count":30,"filter":"raw"}],"taxonomy_info":{"category":[{"value":37,"label":"Research and Travel Trends"}],"post_tag":[{"value":1190,"label":"LATAMnewsletter"}]},"featured_image_src":null,"featured_image_src_square":null,"mfb_rest_fields":["featured_image_src_large","author_info","comment_info","category_info","tag_info","taxonomy_info","featured_image_src","featured_image_src_square"],"_links":{"self":[{"href":"https:\/\/gbta.org\/pt\/wp-json\/wp\/v2\/posts\/1598","targetHints":{"allow":["GET"]}}],"collection":[{"href":"https:\/\/gbta.org\/pt\/wp-json\/wp\/v2\/posts"}],"about":[{"href":"https:\/\/gbta.org\/pt\/wp-json\/wp\/v2\/types\/post"}],"author":[{"embeddable":true,"href":"https:\/\/gbta.org\/pt\/wp-json\/wp\/v2\/users\/25"}],"replies":[{"embeddable":true,"href":"https:\/\/gbta.org\/pt\/wp-json\/wp\/v2\/comments?post=1598"}],"version-history":[{"count":0,"href":"https:\/\/gbta.org\/pt\/wp-json\/wp\/v2\/posts\/1598\/revisions"}],"wp:attachment":[{"href":"https:\/\/gbta.org\/pt\/wp-json\/wp\/v2\/media?parent=1598"}],"wp:term":[{"taxonomy":"category","embeddable":true,"href":"https:\/\/gbta.org\/pt\/wp-json\/wp\/v2\/categories?post=1598"},{"taxonomy":"post_tag","embeddable":true,"href":"https:\/\/gbta.org\/pt\/wp-json\/wp\/v2\/tags?post=1598"}],"curies":[{"name":"wp","href":"https:\/\/api.w.org\/{rel}","templated":true}]}}