{"id":1614,"date":"2018-05-08T09:56:00","date_gmt":"2018-05-08T13:56:00","guid":{"rendered":"https:\/\/gbta.org\/newsletter-gbta-america-latina-mayo-2018\/"},"modified":"2022-10-02T11:25:54","modified_gmt":"2022-10-02T15:25:54","slug":"newsletter-gbta-america-latina-mayo-2018","status":"publish","type":"post","link":"https:\/\/gbta.org\/pt\/newsletter-gbta-america-latina-mayo-2018\/","title":{"rendered":"Boletim Informativo: GBTA Am\u00e9rica Latina Maio 2018"},"content":{"rendered":"<p><a id=\"story1\" name=\"story1\"><strong>Primeira Confer\u00eancia GBTA na Costa Rica ocorrer\u00e1 em 16 de maio<\/strong><\/a><\/p>\n<p><img decoding=\"async\" alt=\"\" src=\"\/Portals\/0\/Images\/Blog\/2018\/LATAM_May_1.JPG\" style=\"width: 800px;height: 459px\" title=\"\"><\/p>\n<p>Al\u00e9m de tr\u00eas cursos para gestores de viagens de neg\u00f3cios, Costa Rica est\u00e1 listada para sua primeira confer\u00eancia, o que ter\u00e1 lugar em San Jos\u00e9 neste dia 16 de maio com o apoio tamb\u00e9m da C\u00e2mara Costarricense de Hot\u00e9is e do Bur\u00f3 de Conven\u00e7\u00f5es da Costa Rica.<\/p>\n<p>Junto com o Chile e o Panam\u00e1, o pa\u00eds \u00e9 um dos mercados emergentes na Am\u00e9rica Latina que experimenta um grande crescimento no segmento de viagens de neg\u00f3cios, incluindo as viagens de incentivo. Na verdade, os pa\u00edses que est\u00e3o no topo desta ind\u00fastria na regi\u00e3o s\u00e3o Brasil, M\u00e9xico e Col\u00f4mbia.<\/p>\n<p>A Confer\u00eancia GBTA 2018 \u2013 San Jos\u00e9, que ter\u00e1 como sede o hotel Radisson, ser\u00e1 uma jornada de um dia que contar\u00e1 com sess\u00f5es de interesse, como \u00e9 o caso de valiosas experi\u00eancias na gest\u00e3o de viagens de neg\u00f3cios, no futuro dos pagamentos corporativos , o gerenciamento da gest\u00e3o do risco e novos jogadores de tecnologia.<\/p>\n<p>Tamb\u00e9m ser\u00e1 abordada a tend\u00eancia para o <em>bleisure<\/em>, que combina a viagem de neg\u00f3cio com o tempo livre e representa uma tend\u00eancia principalmente entre os <em>millennials<\/em>, que em 10 anos dominar\u00e1 em um 60% o nicho de viagens corporativas e que tamb\u00e9m vender\u00e1 seus grandes interesses na tecnologia, afirmou Roberto Morales, diretor regional da GBTA para a Am\u00e9rica Latina.<\/p>\n<p>A confer\u00eancia, que espera contar com a assist\u00eancia de 120 pessoas, tamb\u00e9m ter\u00e1 uma extensa \u00e1rea de exposi\u00e7\u00e3o de provadores. Para maior informa\u00e7\u00e3o, clique em <a href=\"http:\/\/(https:\/\/gbta.org\/calendar\/programs-by-location\/latin-america\/costa-rica\/san-jose)\">aqui<\/a>.&nbsp;<\/p>\n<p>&nbsp;<\/p>\n<p><a id=\"story2\" name=\"story2\"><strong>Com grande assist\u00eancia e satisfa\u00e7\u00e3o dos participantes culminaram nos eventos da GBTA em Curitiba, Brasil e Santiago do Chile<\/strong><\/a><\/p>\n<p><img decoding=\"async\" alt=\"\" src=\"\/Portals\/0\/Images\/Blog\/2018\/LATAM_May_2.jpg\" style=\"width: 800px;height: 514px\" title=\"\"><\/p>\n<p>Na sua segunda edi\u00e7\u00e3o, a Confer\u00eancia GBTA 2018 \u2013 Curitiba reuniu no passado dia 23 de abril mais de 100 profissionais da ind\u00fastria de viagens de neg\u00f3cios e fornecedores da regi\u00e3o sudeste e sul do Brasil. O conte\u00fado acad\u00eamico, assim como a oferta de servi\u00e7os foi o agrado de todos os participantes e seu sucesso confirma a celebra\u00e7\u00e3o da terceira edi\u00e7\u00e3o desta confer\u00eancia novamente na pujante capital do Estado do Paran\u00e1 para o primeiro semestre de 2019.<\/p>\n<p>O passado 17 de abril tamb\u00e9m foi celebrado com grande sucesso o Primer GBTA Business Travel Management Workshop em Santiago do Chile, organizado pela GBTA e pela C\u00e2mara Chilena Norteamericana do Comercio Amcham Chile.<\/p>\n<p>Ricardo Margulis, presidente do comit\u00ea de turismo da AmCham, lembrou a import\u00e2ncia da figura do gestor de viagens de neg\u00f3cios: \u201c\u00e9 importante conhecer todos os prestat\u00e1rios de servi\u00e7os envolvidos na ind\u00fastria do turismo, especialmente quando se trata de viagens corporativas. No Chile, a figura do <em>gerente de viagens<\/em> avan\u00e7amos de maneira lenta, mas segura, e por isso precisamos definir uma estrat\u00e9gia que nos permita saber o que buscamos e quais s\u00e3o nossos objetivos nesta \u00e1rea para otimizar nossos recursos e maximizar benef\u00edcios\u201d.<\/p>\n<p>&nbsp;<\/p>\n<p><a id=\"story3\" name=\"story3\"><strong>S\u00e3o Paulo<\/strong><strong> celebrar\u00e1 sua Confer\u00eancia GBTA 2018 em junho<\/strong><\/a><\/p>\n<p><img decoding=\"async\" alt=\"\" src=\"\/Portals\/0\/Images\/Blog\/2018\/LATAM_May_3.JPG\" style=\"width: 800px;height: 483px\" title=\"\"><\/p>\n<p>A ind\u00fastria de viagens de neg\u00f3cios est\u00e1 evoluindo com uma rapidez sem precedentes no mundo e no Brasil \u00e9 um dos grandes mercados na Am\u00e9rica Latina e no Caribe. \u00c9 por isso que S\u00e3o Paulo se prepara para celebrar a sexta edi\u00e7\u00e3o da Confer\u00eancia GBTA , que acontecer\u00e1 no pr\u00f3ximo dia 11 de junho no <a href=\"https:\/\/www.oetkercollection.com\/pt\/destinations\/palacio-tangara\/\" target=\"_blank\" rel=\"noopener\">Pal\u00e1cio Tangar\u00e1 S\u00e3o Paulo<\/a><strong>. <\/strong><\/p>\n<p>Se espera mais de um centen\u00e1rio de participantes, que ter\u00e1 acesso a sess\u00f5es educativas e f\u00f3runs de vanguarda sobre temas de interesse para a ind\u00fastria de viagens corporativas e uma ampla exposi\u00e7\u00e3o de produtos e servi\u00e7os. Para maiores informa\u00e7\u00f5es e inscri\u00e7\u00f5es, insira <a href=\"https:\/\/gbta.org\/pt\/calendar\/all-programs\/eventid\/38\/e\/conferencia-gbta-2018-sao-paulo-11-jun-2018\/\">aqui<\/a>.&nbsp;<\/p>\n<p>&nbsp;<\/p>\n<p><a id=\"story4\" name=\"story4\"><strong>Ventajas de fazer <em>rede<\/em> nos eventos de <em>Associa\u00e7\u00e3o Global de Viagens de Neg\u00f3cios<\/em> <\/strong><\/a><\/p>\n<p><strong><em><img decoding=\"async\" alt=\"\" src=\"\/Portals\/0\/Images\/Blog\/2018\/GBTALATAM2.jpg\" style=\"width: 680px;height: 453px\" title=\"\"><\/em><\/strong><\/p>\n<p>Em um ambiente t\u00e3o segmentado e competitivo \u00e9 importante entender que manter rela\u00e7\u00f5es trabalhistas \u00e9 uma pe\u00e7a essencial para o crescimento de nossa carreira e nossa organiza\u00e7\u00e3o. <b><a href=\"https:\/\/gbta.org\/pt\/news-and-advocacy\/commentary\/postid\/4156\/ventajas-de-hacer-networking-en-los-eventos-de-global-business-travel-association\/\">Leia mais<\/a>.<\/b><\/p>","protected":false},"excerpt":{"rendered":"<p>Boletim GBTA para a regi\u00e3o da Am\u00e9rica Latina referente ao m\u00eas de maio.<\/p>","protected":false},"author":25,"featured_media":0,"comment_status":"open","ping_status":"open","sticky":false,"template":"","format":"standard","meta":{"_acf_changed":false,"_seopress_robots_primary_cat":"none","_seopress_titles_title":"","_seopress_titles_desc":"","_seopress_robots_index":"","om_disable_all_campaigns":false,"_relevanssi_hide_post":"","_relevanssi_hide_content":"","_relevanssi_pin_for_all":"","_relevanssi_pin_keywords":"","_relevanssi_unpin_keywords":"","_relevanssi_related_keywords":"","_relevanssi_related_include_ids":"","_relevanssi_related_exclude_ids":"","_relevanssi_related_no_append":"","_relevanssi_related_not_related":"","_relevanssi_related_posts":"1576,1957,6093,4069,1782,1970","_relevanssi_noindex_reason":"","_kad_blocks_custom_css":"","_kad_blocks_head_custom_js":"","_kad_blocks_body_custom_js":"","_kad_blocks_footer_custom_js":"","_kad_post_transparent":"","_kad_post_title":"","_kad_post_layout":"","_kad_post_sidebar_id":"","_kad_post_content_style":"","_kad_post_vertical_padding":"","_kad_post_feature":"","_kad_post_feature_position":"","_kad_post_header":false,"_kad_post_footer":false,"footnotes":"","_links_to":"","_links_to_target":""},"categories":[37],"tags":[1190],"class_list":["post-1614","post","type-post","status-publish","format-standard","hentry","category-research-and-travel-trends","tag-latamnewsletter"],"acf":[],"featured_image_src_large":false,"author_info":{"display_name":"jcampbell","author_link":"https:\/\/gbta.org\/pt\/author\/jcampbell\/"},"comment_info":"","category_info":[{"term_id":37,"name":"Research and Travel Trends","slug":"research-and-travel-trends","term_group":0,"term_taxonomy_id":37,"taxonomy":"category","description":"","parent":0,"count":966,"filter":"raw","cat_ID":37,"category_count":966,"category_description":"","cat_name":"Research and Travel Trends","category_nicename":"research-and-travel-trends","category_parent":0}],"tag_info":[{"term_id":1190,"name":"LATAMnewsletter","slug":"latamnewsletter","term_group":0,"term_taxonomy_id":1190,"taxonomy":"post_tag","description":"","parent":0,"count":30,"filter":"raw"}],"taxonomy_info":{"category":[{"value":37,"label":"Research and Travel Trends"}],"post_tag":[{"value":1190,"label":"LATAMnewsletter"}]},"featured_image_src":null,"featured_image_src_square":null,"mfb_rest_fields":["featured_image_src_large","author_info","comment_info","category_info","tag_info","taxonomy_info","featured_image_src","featured_image_src_square"],"_links":{"self":[{"href":"https:\/\/gbta.org\/pt\/wp-json\/wp\/v2\/posts\/1614","targetHints":{"allow":["GET"]}}],"collection":[{"href":"https:\/\/gbta.org\/pt\/wp-json\/wp\/v2\/posts"}],"about":[{"href":"https:\/\/gbta.org\/pt\/wp-json\/wp\/v2\/types\/post"}],"author":[{"embeddable":true,"href":"https:\/\/gbta.org\/pt\/wp-json\/wp\/v2\/users\/25"}],"replies":[{"embeddable":true,"href":"https:\/\/gbta.org\/pt\/wp-json\/wp\/v2\/comments?post=1614"}],"version-history":[{"count":0,"href":"https:\/\/gbta.org\/pt\/wp-json\/wp\/v2\/posts\/1614\/revisions"}],"wp:attachment":[{"href":"https:\/\/gbta.org\/pt\/wp-json\/wp\/v2\/media?parent=1614"}],"wp:term":[{"taxonomy":"category","embeddable":true,"href":"https:\/\/gbta.org\/pt\/wp-json\/wp\/v2\/categories?post=1614"},{"taxonomy":"post_tag","embeddable":true,"href":"https:\/\/gbta.org\/pt\/wp-json\/wp\/v2\/tags?post=1614"}],"curies":[{"name":"wp","href":"https:\/\/api.w.org\/{rel}","templated":true}]}}