{"id":1677,"date":"2018-08-03T09:57:00","date_gmt":"2018-08-03T13:57:00","guid":{"rendered":"https:\/\/gbta.org\/gbta-unveils-media-day-line-up-for-gbta-convention-2018\/"},"modified":"2022-10-02T11:05:14","modified_gmt":"2022-10-02T15:05:14","slug":"gbta-unveils-media-day-line-up-for-gbta-convention-2018","status":"publish","type":"post","link":"https:\/\/gbta.org\/pt\/gbta-unveils-media-day-line-up-for-gbta-convention-2018\/","title":{"rendered":"GBTA revela a programa\u00e7\u00e3o do Media Day para a Conven\u00e7\u00e3o GBTA 2018"},"content":{"rendered":"<p>O neg\u00f3cio das viagens colocou o mundo ao seu alcance, com as fronteiras a confundirem-se e as pessoas a cruzarem-se em todos os cantos do globo. O impulso nunca para, pois a ind\u00fastria das viagens de neg\u00f3cios evolui a um ritmo sem precedentes. Novas tecnologias surgiram, transformando a face do programa global de viagens. Surgiram novos riscos de seguran\u00e7a que provaram amea\u00e7ar a ind\u00fastria \u00e0 escala mundial. Diante de tudo isso, as empresas est\u00e3o constantemente inovando para atender \u00e0s novas necessidades da ind\u00fastria.<\/p>\n<p><strong>No domingo, 12 de agosto, a partir das 9h, o Media Day est\u00e1 de volta para seu quarto ano e retornar\u00e1 mais uma vez ao GBTA Broadcast Studio. Mais de duas dezenas de empresas divulgar\u00e3o suas \u00faltimas not\u00edcias como parte do evento no GBTA Broadcast Studio no Lobby D do San Diego Convention Center.<\/strong><\/p>\n<p>Uma \u00e1rea de visualiza\u00e7\u00e3o especial imediatamente em frente ao est\u00fadio estar\u00e1 dispon\u00edvel para a imprensa comparecer pessoalmente e o caf\u00e9 da manh\u00e3 ser\u00e1 servido. A especialista da ind\u00fastria de viagens e \u00e2ncora do GBTA Media Day, Monisa Cline, entrevistar\u00e1 executivos da empresa em entrevistas individuais ao vivo, diante das c\u00e2meras, sobre seus novos produtos e an\u00fancios.<\/p>\n<p>A imprensa ter\u00e1 a oportunidade de fazer perguntas a cada participante ap\u00f3s as entrevistas e no final de cada hora de programa\u00e7\u00e3o ou tamb\u00e9m pode organizar entrevistas individuais de acompanhamento ao longo da semana. Os rep\u00f3rteres que n\u00e3o puderem comparecer pessoalmente podem sintonizar via Convention.gbta.org ou nossa transmiss\u00e3o ao vivo no Facebook!<\/p>\n<p><strong>A programa\u00e7\u00e3o completa do Media Day deste ano \u00e9 a seguinte:<\/strong><\/p>\n<p><strong>9-10AM<\/strong><\/p>\n<ul>\n<li>Luggage Teleport \u2013 Benjamin Eu, cofundador e diretor de produtos<\/li>\n<li>Blacklane \u2013 Sascha Meskendahl, Chief Revenue Officer<\/li>\n<li>TravelBank- Katie Mentus, chefe de design e marketing<\/li>\n<li>Deem \u2013 John F. Rizzo, CEO, COO, Presidente, Deem<\/li>\n<li>Way.com \u2013 Bhumi Bhutani, cofundador<\/li>\n<li>Virgin Atlantic \u2013 Oli Byers, vice-presidente s\u00eanior de vendas e fidelidade do cliente, Virgin Atlantic<\/li>\n<li>Estrada Festiva \u2013 Caroline Strachan, S\u00f3cia Gerente; Thomas Tulloch, diretor administrativo, NA, Predict.X<\/li>\n<\/ul>\n<p>&nbsp;<\/p>\n<p><strong>10-11h<\/strong><\/p>\n<ul>\n<li>SAP Concur \u2013 Doug Anderson, vice-presidente s\u00eanior de produtos de viagens globais<\/li>\n<li>ReloQuest Inc. \u2013 Jeff Mahoney, Diretor de Opera\u00e7\u00f5es<\/li>\n<li>WorkTrip \u2013 Heather Haigler, cofundadora<\/li>\n<li>SpotHero for Business \u2013 Becca Rabinowitz, chefe do SpotHero for Business<\/li>\n<li>Vedius Business \u2013 Dr. Constantine George, Diretor M\u00e9dico da EPITOMEDICAL\/Fundador da Vedius e Vedius Business<\/li>\n<li>Yapta \u2013 James Filsinger, presidente e CEO<\/li>\n<\/ul>\n<p>&nbsp;<\/p>\n<p><strong>11h-12h<\/strong><\/p>\n<ul>\n<li>ARC \u2013 Chuck Thackston, diretor administrativo de ci\u00eancia de dados e pesquisa<\/li>\n<li>AppZen \u2013 John Narbaitz, chefe de vendas<\/li>\n<li>Tramada Systems \u2013 Mary Ellen George, Chefe da Am\u00e9rica do Norte<\/li>\n<li>Conferma \u2013 Kelly Cleeton, Diretora de Desenvolvimento de Neg\u00f3cios<\/li>\n<li>FairFly \u2013 Aviel Siman-Tov, CEO e cofundador<\/li>\n<li>Travel Leaders Corporate \u2013 Gabe Rizzi, presidente e Mike Boult, vice-presidente s\u00eanior de vendas<\/li>\n<li>\u2013 Steve Reynolds, fundador e CEO<\/li>\n<\/ul>\n<p>&nbsp;<\/p>\n<p><strong>12-13h<\/strong><\/p>\n<ul>\n<li>Oakwood \u2013 Rebecca Tann, vice-presidente s\u00eanior de vendas e marketing<\/li>\n<li>Predict.X \u2013 Keesup Choe, CEO<\/li>\n<li>TripActions \u2013 Ariel Cohen, CEO e cofundador<\/li>\n<li>Lumo \u2013 Bala Chandran, cofundador<\/li>\n<li>ITS \u2013 Preston Smith, vice-presidente de vendas<\/li>\n<li>Viagem Carlson Wagonlit \u2013 A ser definido<\/li>\n<li>Uber \u2013 Ronnie Gurion, chefe da Uber para Neg\u00f3cios<\/li>\n<\/ul>","protected":false},"excerpt":{"rendered":"<p>O neg\u00f3cio das viagens trouxe o mundo ao seu alcance, com fronteiras se esvaindo e pessoas se cruzando em todos os cantos do globo. O impulso nunca para, pois o setor de viagens de neg\u00f3cios est\u00e1 evoluindo a um ritmo sem precedentes. Novas tecnologias surgiram, transformando a face do programa global de viagens. Surgiram novos riscos de seguran\u00e7a, que\u2026<\/p>","protected":false},"author":25,"featured_media":0,"comment_status":"open","ping_status":"open","sticky":false,"template":"","format":"standard","meta":{"_acf_changed":false,"_seopress_robots_primary_cat":"none","_seopress_titles_title":"","_seopress_titles_desc":"","_seopress_robots_index":"","om_disable_all_campaigns":false,"_relevanssi_hide_post":"","_relevanssi_hide_content":"","_relevanssi_pin_for_all":"","_relevanssi_pin_keywords":"","_relevanssi_unpin_keywords":"","_relevanssi_related_keywords":"","_relevanssi_related_include_ids":"","_relevanssi_related_exclude_ids":"","_relevanssi_related_no_append":"","_relevanssi_related_not_related":"","_relevanssi_related_posts":"4069,6093,1957,1981,2091,2509","_relevanssi_noindex_reason":"","_kad_blocks_custom_css":"","_kad_blocks_head_custom_js":"","_kad_blocks_body_custom_js":"","_kad_blocks_footer_custom_js":"","_kad_post_transparent":"","_kad_post_title":"","_kad_post_layout":"","_kad_post_sidebar_id":"","_kad_post_content_style":"","_kad_post_vertical_padding":"","_kad_post_feature":"","_kad_post_feature_position":"","_kad_post_header":false,"_kad_post_footer":false,"footnotes":"","_links_to":"","_links_to_target":""},"categories":[37],"tags":[560,181,746,370,1323,233,1030,290],"class_list":["post-1677","post","type-post","status-publish","format-standard","hentry","category-research-and-travel-trends","tag-breaking-news","tag-convention","tag-exhibitors","tag-media-day","tag-mo","tag-news","tag-press","tag-trends"],"acf":[],"featured_image_src_large":false,"author_info":{"display_name":"jcampbell","author_link":"https:\/\/gbta.org\/pt\/author\/jcampbell\/"},"comment_info":"","category_info":[{"term_id":37,"name":"Research and Travel Trends","slug":"research-and-travel-trends","term_group":0,"term_taxonomy_id":37,"taxonomy":"category","description":"","parent":0,"count":966,"filter":"raw","cat_ID":37,"category_count":966,"category_description":"","cat_name":"Research and Travel Trends","category_nicename":"research-and-travel-trends","category_parent":0}],"tag_info":[{"term_id":560,"name":"breaking news","slug":"breaking-news","term_group":0,"term_taxonomy_id":560,"taxonomy":"post_tag","description":"","parent":0,"count":2,"filter":"raw"},{"term_id":181,"name":"Convention","slug":"convention","term_group":0,"term_taxonomy_id":181,"taxonomy":"post_tag","description":"","parent":0,"count":61,"filter":"raw"},{"term_id":746,"name":"exhibitors","slug":"exhibitors","term_group":0,"term_taxonomy_id":746,"taxonomy":"post_tag","description":"","parent":0,"count":5,"filter":"raw"},{"term_id":370,"name":"Media Day","slug":"media-day","term_group":0,"term_taxonomy_id":370,"taxonomy":"post_tag","description":"","parent":0,"count":7,"filter":"raw"},{"term_id":1323,"name":"mo","slug":"mo","term_group":0,"term_taxonomy_id":1323,"taxonomy":"post_tag","description":"","parent":0,"count":1,"filter":"raw"},{"term_id":233,"name":"news","slug":"news","term_group":0,"term_taxonomy_id":233,"taxonomy":"post_tag","description":"","parent":0,"count":307,"filter":"raw"},{"term_id":1030,"name":"press","slug":"press","term_group":0,"term_taxonomy_id":1030,"taxonomy":"post_tag","description":"","parent":0,"count":2,"filter":"raw"},{"term_id":290,"name":"trends","slug":"trends","term_group":0,"term_taxonomy_id":290,"taxonomy":"post_tag","description":"","parent":0,"count":6,"filter":"raw"}],"taxonomy_info":{"category":[{"value":37,"label":"Research and Travel Trends"}],"post_tag":[{"value":560,"label":"breaking news"},{"value":181,"label":"Convention"},{"value":746,"label":"exhibitors"},{"value":370,"label":"Media Day"},{"value":1323,"label":"mo"},{"value":233,"label":"news"},{"value":1030,"label":"press"},{"value":290,"label":"trends"}]},"featured_image_src":null,"featured_image_src_square":null,"mfb_rest_fields":["featured_image_src_large","author_info","comment_info","category_info","tag_info","taxonomy_info","featured_image_src","featured_image_src_square"],"_links":{"self":[{"href":"https:\/\/gbta.org\/pt\/wp-json\/wp\/v2\/posts\/1677","targetHints":{"allow":["GET"]}}],"collection":[{"href":"https:\/\/gbta.org\/pt\/wp-json\/wp\/v2\/posts"}],"about":[{"href":"https:\/\/gbta.org\/pt\/wp-json\/wp\/v2\/types\/post"}],"author":[{"embeddable":true,"href":"https:\/\/gbta.org\/pt\/wp-json\/wp\/v2\/users\/25"}],"replies":[{"embeddable":true,"href":"https:\/\/gbta.org\/pt\/wp-json\/wp\/v2\/comments?post=1677"}],"version-history":[{"count":0,"href":"https:\/\/gbta.org\/pt\/wp-json\/wp\/v2\/posts\/1677\/revisions"}],"wp:attachment":[{"href":"https:\/\/gbta.org\/pt\/wp-json\/wp\/v2\/media?parent=1677"}],"wp:term":[{"taxonomy":"category","embeddable":true,"href":"https:\/\/gbta.org\/pt\/wp-json\/wp\/v2\/categories?post=1677"},{"taxonomy":"post_tag","embeddable":true,"href":"https:\/\/gbta.org\/pt\/wp-json\/wp\/v2\/tags?post=1677"}],"curies":[{"name":"wp","href":"https:\/\/api.w.org\/{rel}","templated":true}]}}