{"id":1684,"date":"2022-07-20T09:57:20","date_gmt":"2022-07-20T13:57:20","guid":{"rendered":"https:\/\/gbta.org\/live-from-the-gbta-broadcast-studio\/"},"modified":"2022-08-11T11:34:18","modified_gmt":"2022-08-11T15:34:18","slug":"live-from-the-gbta-broadcast-studio","status":"publish","type":"post","link":"https:\/\/gbta.org\/pt\/live-from-the-gbta-broadcast-studio\/","title":{"rendered":"Ao vivo do est\u00fadio de transmiss\u00e3o GBTA"},"content":{"rendered":"<p>o <a href=\"https:\/\/convention.gbta.org\/Press\/GBTA-Broadcast-Studio\">Est\u00fadio de Transmiss\u00e3o GBTA<\/a> come\u00e7a hoje com <a href=\"https:\/\/gbta.org\/pt\/news-and-advocacy\/commentary\/postid\/5217\/gbta-unveils-media-day-line-up-for-gbta-convention-2018\/\">Dia da M\u00eddia<\/a>. N\u00f3s estaremos <a href=\"https:\/\/convention.gbta.org\/Press\/GBTA-Broadcast-Studio\">transmiss\u00e3o ao vivo<\/a> de domingo a quarta-feira e mais de 100 entrevistas com l\u00edderes da ind\u00fastria agendadas ao longo da semana. Sintonize para obter informa\u00e7\u00f5es exclusivas sobre as tend\u00eancias atuais e futuras de viagens de neg\u00f3cios.<\/p>\n<p>Segue a programa\u00e7\u00e3o de domingo:<\/p>\n<p><strong>Dia da m\u00eddia:<\/strong><\/p>\n<p><strong>9-10AM<\/strong><\/p>\n<ul>\n<li>Luggage Teleport \u2013 Benjamin Eu, cofundador e diretor de produtos<\/li>\n<li>Blacklane \u2013 Sascha Meskendahl, Chief Revenue Officer<\/li>\n<li>TravelBank- Katie Mentus, chefe de design e marketing<\/li>\n<li>Deem \u2013 John F. Rizzo, CEO, COO, Presidente, Deem<\/li>\n<li>Way.com \u2013 Bhumi Bhutani, cofundador<\/li>\n<li>Virgin Atlantic \u2013 Oli Byers, vice-presidente s\u00eanior de vendas e fidelidade do cliente, Virgin Atlantic&nbsp;<\/li>\n<li>Estrada Festiva \u2013 Caroline Strachan, S\u00f3cia Gerente; Thomas Tulloch, diretor administrativo, NA, Predict.X<\/li>\n<\/ul>\n<p>&nbsp;<strong>10-11h<\/strong><\/p>\n<ul>\n<li>SAP Concur \u2013 Doug Anderson, vice-presidente s\u00eanior de produtos globais de viagem<\/li>\n<li>ReloQuest Inc. \u2013 Jeff Mahoney, Diretor de Opera\u00e7\u00f5es<\/li>\n<li>WorkTrip \u2013 Heather Haigler, cofundadora<\/li>\n<li>SpotHero for Business \u2013 Becca Rabinowitz, chefe da SpotHero for Business<\/li>\n<li>Vedius Business \u2013 Dr. Constantine George, Diretor M\u00e9dico da EPITOMEDICAL\/Fundador da Vedius e Vedius Business<\/li>\n<li>Yapta \u2013 James Filsinger, presidente e CEO<\/li>\n<\/ul>\n<p>&nbsp;<strong>11h-12h<\/strong><\/p>\n<ul>\n<li>ARC \u2013 Chuck Thackston, diretor administrativo de ci\u00eancia de dados e pesquisa<\/li>\n<li>AppZen \u2013 John Narbaitz, chefe de vendas<\/li>\n<li>Sistemas Tramada \u2013 Mary Ellen George, Diretora da Am\u00e9rica do Norte<\/li>\n<li>Conferma \u2013 Kelly Cleeton, Diretora de Desenvolvimento de Neg\u00f3cios<\/li>\n<li>FairFly \u2013 Aviel Siman-Tov, CEO e cofundador<\/li>\n<li>Travel Leaders Corporate \u2013 Gabe Rizzi, presidente e Mike Boult, vice-presidente s\u00eanior de vendas<\/li>\n<li>TRIPBAM, Inc. \u2013 Steve Reynolds, fundador e CEO<\/li>\n<\/ul>\n<p>&nbsp;<strong>12-13h<\/strong><\/p>\n<ul>\n<li>Oakwood \u2013 Rebecca Tann, vice-presidente s\u00eanior de vendas e marketing<\/li>\n<li>Predict.X \u2013 Keesup Choe, CEO<\/li>\n<li>TripActions \u2013 Ariel Cohen, CEO e cofundador<\/li>\n<li>Lumo \u2013 Bala Chandran, cofundador<\/li>\n<li>ITS \u2013 Preston Smith, vice-presidente de vendas<\/li>\n<li>Carlson Wagonlit Travel \u2013 Simon Nowroz, diretor de marketing<\/li>\n<li>Uber \u2013 Ronnie Gurion, chefe da Uber para Neg\u00f3cios<\/li>\n<\/ul>\n<p>&nbsp;<\/p>\n<p><strong>Vozes da ind\u00fastria:<\/strong><\/p>\n<ul>\n<li><strong>14h<\/strong> \u2013 Suzanne Neufang, vice-presidente \u2013 Am\u00e9ricas, HRS<\/li>\n<li><strong>2:15 &#8211; <\/strong>Rajeev Goswami, CEO\/Cofundador, WWSTAY<\/li>\n<li><strong>2:30 \u2013 <\/strong>John Rizzo, CEO, COO, Presidente, Deem; David Grace, vice-presidente de vendas globais, Enterprise Holdings<\/li>\n<li><strong>2:45 \u2013 <\/strong>Steve Reynolds, fundador e CEO, TRIPBAM, Inc.,<\/li>\n<li><strong>3 &#8211; <\/strong>Liz Carisone, CEO, GroundLink<\/li>\n<li><strong>5:15 \u2013 <\/strong>Gary Bauer, fundador e CEO, iCars Powered by Limos.com<\/li>\n<li><strong>5:30 \u2013 <\/strong>Meredith Smith, Consultora Principal e Diretora das Am\u00e9ricas, FESTIVE ROAD<\/li>\n<li><strong>5:45 \u2013 <\/strong>Brad Langley, vice-presidente, mercados de terceiros, Aventri<\/li>\n<li><strong>6 - <\/strong>Rebecca Tann, vice-presidente s\u00eanior de vendas e marketing globais, Oakwood<\/li>\n<\/ul>","protected":false},"excerpt":{"rendered":"<p>O GBTA Broadcast Studio come\u00e7a hoje com o Media Day. Estaremos transmitindo ao vivo de domingo a quarta-feira e mais de 100 entrevistas com l\u00edderes do setor agendadas ao longo da semana. Sintonize para obter insights exclusivos sobre as tend\u00eancias atuais e futuras de viagens de neg\u00f3cios. Aqui est\u00e1 a programa\u00e7\u00e3o de domingo: Media Day: 9h \u00e0s 10h Teletransporte de bagagem - Benjamin Eu, cofundador\u2026<\/p>","protected":false},"author":25,"featured_media":0,"comment_status":"open","ping_status":"open","sticky":false,"template":"","format":"standard","meta":{"_acf_changed":false,"_seopress_robots_primary_cat":"","_seopress_titles_title":"","_seopress_titles_desc":"","_seopress_robots_index":"","om_disable_all_campaigns":false,"_relevanssi_hide_post":"","_relevanssi_hide_content":"","_relevanssi_pin_for_all":"","_relevanssi_pin_keywords":"","_relevanssi_unpin_keywords":"","_relevanssi_related_keywords":"","_relevanssi_related_include_ids":"","_relevanssi_related_exclude_ids":"","_relevanssi_related_no_append":"","_relevanssi_related_not_related":"","_relevanssi_related_posts":"","_relevanssi_noindex_reason":"","_kad_blocks_custom_css":"","_kad_blocks_head_custom_js":"","_kad_blocks_body_custom_js":"","_kad_blocks_footer_custom_js":"","_kad_post_transparent":"","_kad_post_title":"","_kad_post_layout":"","_kad_post_sidebar_id":"","_kad_post_content_style":"","_kad_post_vertical_padding":"","_kad_post_feature":"","_kad_post_feature_position":"","_kad_post_header":false,"_kad_post_footer":false,"footnotes":"","_links_to":"","_links_to_target":""},"categories":[37],"tags":[],"class_list":["post-1684","post","type-post","status-publish","format-standard","hentry","category-research-and-travel-trends"],"acf":[],"featured_image_src_large":false,"author_info":{"display_name":"jcampbell","author_link":"https:\/\/gbta.org\/pt\/author\/jcampbell\/"},"comment_info":"","category_info":[{"term_id":37,"name":"Research and Travel Trends","slug":"research-and-travel-trends","term_group":0,"term_taxonomy_id":37,"taxonomy":"category","description":"","parent":0,"count":966,"filter":"raw","cat_ID":37,"category_count":966,"category_description":"","cat_name":"Research and Travel Trends","category_nicename":"research-and-travel-trends","category_parent":0}],"tag_info":false,"taxonomy_info":{"category":[{"value":37,"label":"Research and Travel Trends"}]},"featured_image_src":null,"featured_image_src_square":null,"mfb_rest_fields":["featured_image_src_large","author_info","comment_info","category_info","tag_info","taxonomy_info","featured_image_src","featured_image_src_square"],"_links":{"self":[{"href":"https:\/\/gbta.org\/pt\/wp-json\/wp\/v2\/posts\/1684","targetHints":{"allow":["GET"]}}],"collection":[{"href":"https:\/\/gbta.org\/pt\/wp-json\/wp\/v2\/posts"}],"about":[{"href":"https:\/\/gbta.org\/pt\/wp-json\/wp\/v2\/types\/post"}],"author":[{"embeddable":true,"href":"https:\/\/gbta.org\/pt\/wp-json\/wp\/v2\/users\/25"}],"replies":[{"embeddable":true,"href":"https:\/\/gbta.org\/pt\/wp-json\/wp\/v2\/comments?post=1684"}],"version-history":[{"count":0,"href":"https:\/\/gbta.org\/pt\/wp-json\/wp\/v2\/posts\/1684\/revisions"}],"wp:attachment":[{"href":"https:\/\/gbta.org\/pt\/wp-json\/wp\/v2\/media?parent=1684"}],"wp:term":[{"taxonomy":"category","embeddable":true,"href":"https:\/\/gbta.org\/pt\/wp-json\/wp\/v2\/categories?post=1684"},{"taxonomy":"post_tag","embeddable":true,"href":"https:\/\/gbta.org\/pt\/wp-json\/wp\/v2\/tags?post=1684"}],"curies":[{"name":"wp","href":"https:\/\/api.w.org\/{rel}","templated":true}]}}