{"id":17958,"date":"2024-10-08T08:11:09","date_gmt":"2024-10-08T12:11:09","guid":{"rendered":"https:\/\/gbta.org\/?p=17958"},"modified":"2024-10-08T08:11:10","modified_gmt":"2024-10-08T12:11:10","slug":"future-of-business-travel-to-be-shaped-by-demographic-shifts-and-global-volatility-by-2040","status":"publish","type":"post","link":"https:\/\/gbta.org\/pt\/future-of-business-travel-to-be-shaped-by-demographic-shifts-and-global-volatility-by-2040\/","title":{"rendered":"O futuro das viagens de neg\u00f3cios ser\u00e1 moldado por mudan\u00e7as demogr\u00e1ficas e volatilidade global at\u00e9 2040"},"content":{"rendered":"<p><em>A CWT e a GBTA lan\u00e7am um relat\u00f3rio suplementar especial intitulado \u201c2040: Baseline, Boom, or Bust\u201d que oferece uma an\u00e1lise abrangente dos fatores que moldar\u00e3o as estrat\u00e9gias de viagens corporativas e o futuro das viagens de neg\u00f3cios<\/em><\/p>\n\n\n\n<p>O setor de viagens corporativas est\u00e1 \u00e0 beira de uma grande transforma\u00e7\u00e3o, impulsionada por uma converg\u00eancia de avan\u00e7os tecnol\u00f3gicos, requisitos de sustentabilidade em evolu\u00e7\u00e3o e tend\u00eancias demogr\u00e1ficas em mudan\u00e7a. Para comemorar o rec\u00e9m-lan\u00e7ado 10<sup>\u00ba<\/sup> edi\u00e7\u00e3o de seus <a href=\"https:\/\/www.mycwt.com\/news\/pr\/2025-global-business-travel-forecast\/\"><em>Previs\u00e3o Global de Viagens de Neg\u00f3cios<\/em><\/a> relat\u00f3rio, <a href=\"http:\/\/www.mycwt.com\/\">CWT<\/a> e a Associa\u00e7\u00e3o Global de Viagens de Neg\u00f3cios (<a href=\"https:\/\/gbta.org\/pt\/\">GBTA<\/a>) produziram um suplemento especial intitulado<em> 2040: Linha de base, expans\u00e3o ou crise <\/em>oferecendo uma an\u00e1lise abrangente de como esses fatores moldar\u00e3o as estrat\u00e9gias de viagens corporativas at\u00e9 2040.<br><br>O suplemento examina tr\u00eas cen\u00e1rios distintos que podem definir o futuro das viagens de neg\u00f3cios:<\/p>\n\n\n\n<ol start=\"1\" class=\"wp-block-list\">\n<li><strong>Caso base:<\/strong> Neste cen\u00e1rio, as viagens de neg\u00f3cios devem se estabilizar com uma taxa de crescimento moderada, atingindo pouco mais de 1 bilh\u00e3o de passageiros at\u00e9 2040. Este crescimento \u00e9 impulsionado por uma abordagem equilibrada \u00e0 sustentabilidade e tecnologia, com empresas adotando pr\u00e1ticas ecologicamente corretas e ferramentas avan\u00e7adas de gerenciamento de viagens. As empresas priorizar\u00e3o viagens essenciais, alavancando tecnologias de reuni\u00e3o virtual para aumentar a efici\u00eancia. A porcentagem da for\u00e7a de trabalho envolvida em viagens de neg\u00f3cios deve aumentar para quase 18%, refletindo um aumento constante, mas medido.<\/li><br>\n\n\n\n<li><strong>Estrondo:<\/strong> No cen\u00e1rio de expans\u00e3o, as viagens de neg\u00f3cios experimentam um crescimento robusto, com o n\u00famero de viajantes de neg\u00f3cios globais excedendo 1,2 bilh\u00e3o de passageiros at\u00e9 2040. Esse aumento \u00e9 alimentado pelo aumento de viagens para mercados emergentes, particularmente na \u00c1frica e na \u00c1sia, que s\u00e3o projetados para responder por uma parcela substancial do crescimento. A ampla ado\u00e7\u00e3o de combust\u00edvel de avia\u00e7\u00e3o sustent\u00e1vel (SAF) e os avan\u00e7os na tecnologia verde contribuem para esse cen\u00e1rio. Quase 22% da for\u00e7a de trabalho global est\u00e1 envolvida em viagens de neg\u00f3cios, impulsionada pela colabora\u00e7\u00e3o global intensificada e pela integra\u00e7\u00e3o de IA, VR e automa\u00e7\u00e3o em processos de viagem.<\/li><br>\n\n\n\n<li><strong>Busto:<\/strong> No cen\u00e1rio de crise, o crescimento das viagens de neg\u00f3cios desacelera significativamente, com o n\u00famero de viajantes de neg\u00f3cios atingindo cerca de 800 milh\u00f5es at\u00e9 2040. Essa desacelera\u00e7\u00e3o \u00e9 atribu\u00edda a regulamenta\u00e7\u00f5es rigorosas de sustentabilidade, ado\u00e7\u00e3o lenta de pr\u00e1ticas ecologicamente corretas e aumento de arranjos de trabalho remoto e flex\u00edvel. As empresas depender\u00e3o cada vez mais de intera\u00e7\u00f5es virtuais e eventos h\u00edbridos, concentrando-se apenas em viagens essenciais. A instabilidade geopol\u00edtica e a incerteza econ\u00f4mica contribuem ainda mais para a redu\u00e7\u00e3o nas viagens, com regulamenta\u00e7\u00f5es de visto mais rigorosas e impostos de carbono desempenhando um papel na demanda reduzida por viagens.<\/li>\n<\/ol>\n\n\n\n<p>\u201cO futuro das viagens corporativas est\u00e1 em um momento cr\u00edtico, impulsionado por avan\u00e7os tecnol\u00f3gicos, mandatos de sustentabilidade e din\u00e2mica global em evolu\u00e7\u00e3o\u201d, disse Nick Vournakis, EVP e Chief Customer Officer da CWT. \u201cNosso relat\u00f3rio enfatiza a necessidade de as empresas serem adapt\u00e1veis e proativas em suas estrat\u00e9gias de viagem. Seja navegando em um boom nas viagens globais ou se adaptando a uma desacelera\u00e7\u00e3o, as empresas que integram tecnologia proativamente, priorizam a sustentabilidade e permanecem \u00e1geis estar\u00e3o melhor posicionadas para prosperar neste cen\u00e1rio em mudan\u00e7a.\u201d<br><br>O suplemento tamb\u00e9m fornece recomenda\u00e7\u00f5es pr\u00e1ticas para empresas, incluindo investimentos em an\u00e1lise de dados, ado\u00e7\u00e3o de inova\u00e7\u00e3o tecnol\u00f3gica, constru\u00e7\u00e3o de parcerias estrat\u00e9gicas e foco no bem-estar dos funcion\u00e1rios para navegar com efici\u00eancia no futuro das viagens corporativas.<\/p>\n\n\n\n<p><strong><em>Para um mergulho mais profundo nas mudan\u00e7as projetadas nas viagens de neg\u00f3cios, incluindo os cen\u00e1rios potenciais de caso base, expans\u00e3o ou retra\u00e7\u00e3o, e insights detalhados sobre impactos e tend\u00eancias regionais, acesse o <a href=\"https:\/\/www.mycwt.com\/content\/dam\/vision\/pdf\/gbta-cwt-2040-baseline-boom-or-bust.pdf\">suplemento completo aqui<\/a>.<\/em><\/strong><br><\/p>\n\n\n\n<p><\/p>","protected":false},"excerpt":{"rendered":"<p>A CWT e a GBTA lan\u00e7am um relat\u00f3rio suplementar especial intitulado \u201c2040: Baseline, Boom, or Bust\u201d oferecendo uma an\u00e1lise abrangente de fatores que moldar\u00e3o as estrat\u00e9gias de viagens corporativas e o futuro das viagens de neg\u00f3cios. O setor de viagens de neg\u00f3cios est\u00e1 \u00e0 beira de uma grande transforma\u00e7\u00e3o, impulsionado por uma converg\u00eancia de avan\u00e7os tecnol\u00f3gicos, requisitos de sustentabilidade em evolu\u00e7\u00e3o e tend\u00eancias demogr\u00e1ficas em mudan\u00e7a. Para comemorar\u2026<\/p>","protected":false},"author":63,"featured_media":0,"comment_status":"open","ping_status":"open","sticky":false,"template":"","format":"standard","meta":{"_acf_changed":false,"_seopress_robots_primary_cat":"none","_seopress_titles_title":"","_seopress_titles_desc":"","_seopress_robots_index":"","om_disable_all_campaigns":false,"_relevanssi_hide_post":"","_relevanssi_hide_content":"","_relevanssi_pin_for_all":"","_relevanssi_pin_keywords":"","_relevanssi_unpin_keywords":"","_relevanssi_related_keywords":"","_relevanssi_related_include_ids":"","_relevanssi_related_exclude_ids":"","_relevanssi_related_no_append":"","_relevanssi_related_not_related":"","_relevanssi_related_posts":"1214,1347,12070,4933,1998,1039","_relevanssi_noindex_reason":"","_kad_blocks_custom_css":"","_kad_blocks_head_custom_js":"","_kad_blocks_body_custom_js":"","_kad_blocks_footer_custom_js":"","_kad_post_transparent":"","_kad_post_title":"","_kad_post_layout":"","_kad_post_sidebar_id":"","_kad_post_content_style":"","_kad_post_vertical_padding":"","_kad_post_feature":"","_kad_post_feature_position":"","_kad_post_header":false,"_kad_post_footer":false,"footnotes":"","_links_to":"","_links_to_target":""},"categories":[45,37],"tags":[],"class_list":["post-17958","post","type-post","status-publish","format-standard","hentry","category-news-and-press-releases","category-research-and-travel-trends"],"acf":[],"featured_image_src_large":false,"author_info":{"display_name":"Debbie Iannaci","author_link":"https:\/\/gbta.org\/pt\/author\/diannacigbta-org\/"},"comment_info":"","category_info":[{"term_id":45,"name":"News and Press Releases","slug":"news-and-press-releases","term_group":0,"term_taxonomy_id":45,"taxonomy":"category","description":"","parent":0,"count":540,"filter":"raw","cat_ID":45,"category_count":540,"category_description":"","cat_name":"News and Press Releases","category_nicename":"news-and-press-releases","category_parent":0},{"term_id":37,"name":"Research and Travel Trends","slug":"research-and-travel-trends","term_group":0,"term_taxonomy_id":37,"taxonomy":"category","description":"","parent":0,"count":966,"filter":"raw","cat_ID":37,"category_count":966,"category_description":"","cat_name":"Research and Travel Trends","category_nicename":"research-and-travel-trends","category_parent":0}],"tag_info":false,"taxonomy_info":{"category":[{"value":45,"label":"News and Press Releases"},{"value":37,"label":"Research and Travel Trends"}]},"featured_image_src":null,"featured_image_src_square":null,"mfb_rest_fields":["featured_image_src_large","author_info","comment_info","category_info","tag_info","taxonomy_info","featured_image_src","featured_image_src_square"],"_links":{"self":[{"href":"https:\/\/gbta.org\/pt\/wp-json\/wp\/v2\/posts\/17958","targetHints":{"allow":["GET"]}}],"collection":[{"href":"https:\/\/gbta.org\/pt\/wp-json\/wp\/v2\/posts"}],"about":[{"href":"https:\/\/gbta.org\/pt\/wp-json\/wp\/v2\/types\/post"}],"author":[{"embeddable":true,"href":"https:\/\/gbta.org\/pt\/wp-json\/wp\/v2\/users\/63"}],"replies":[{"embeddable":true,"href":"https:\/\/gbta.org\/pt\/wp-json\/wp\/v2\/comments?post=17958"}],"version-history":[{"count":9,"href":"https:\/\/gbta.org\/pt\/wp-json\/wp\/v2\/posts\/17958\/revisions"}],"predecessor-version":[{"id":17974,"href":"https:\/\/gbta.org\/pt\/wp-json\/wp\/v2\/posts\/17958\/revisions\/17974"}],"wp:attachment":[{"href":"https:\/\/gbta.org\/pt\/wp-json\/wp\/v2\/media?parent=17958"}],"wp:term":[{"taxonomy":"category","embeddable":true,"href":"https:\/\/gbta.org\/pt\/wp-json\/wp\/v2\/categories?post=17958"},{"taxonomy":"post_tag","embeddable":true,"href":"https:\/\/gbta.org\/pt\/wp-json\/wp\/v2\/tags?post=17958"}],"curies":[{"name":"wp","href":"https:\/\/api.w.org\/{rel}","templated":true}]}}