{"id":18093,"date":"2024-10-14T03:43:33","date_gmt":"2024-10-14T07:43:33","guid":{"rendered":"https:\/\/gbta.org\/?p=18093"},"modified":"2024-11-16T10:55:42","modified_gmt":"2024-11-16T15:55:42","slug":"gbta-latam-advisory-board-highlight-conoce-a-felipe-cardona-lidereando-del-avance-de-la-industria-de-viajes-corporativos-en-america-latina","status":"publish","type":"post","link":"https:\/\/gbta.org\/pt\/gbta-latam-advisory-board-highlight-conoce-a-felipe-cardona-lidereando-del-avance-de-la-industria-de-viajes-corporativos-en-america-latina\/","title":{"rendered":"Destaque do Conselho Consultivo da GBTA LATAM: Conoce a Felipe Cardona, liderando o avan\u00e7o da Ind\u00fastria de viagens corporativas na Am\u00e9rica Latina."},"content":{"rendered":"<p><a href=\"https:\/\/nam10.safelinks.protection.outlook.com\/?url=https%3A%2F%2Fwww3.gbta.org%2Fe%2F5572%2Fin-felipecardonaf-%2F6v21gj%2F6190447779%2Fh%2FgizLaOw9JkFNEuLn77VYeGr_tq4BLFQSAsgeJ36F92o&amp;data=05%7C02%7Crjuarez%40gbta.org%7C6ba23f16897b4d3ba84708dcd8e67b6f%7C82808dbdcd83410b9a2d335b549ec8bd%7C0%7C0%7C638623731671383385%7CUnknown%7CTWFpbGZsb3d8eyJWIjoiMC4wLjAwMDAiLCJQIjoiV2luMzIiLCJBTiI6Ik1haWwiLCJXVCI6Mn0%3D%7C0%7C%7C%7C&amp;sdata=63q%2FAKkw1%2Bkd5NBIJGtopuLQg6UDKyOpQMyIo53zE%2FI%3D&amp;reserved=0\"><strong>Felipe Cardona<\/strong><\/a><strong>,<\/strong>&nbsp;\u00e9 Administrador de Empresas com um MBA e uma ampla bandeja nas ind\u00fastrias de transporte, consumo massivo (CPG), seguros e gest\u00e3o de viagens. Ele desempenhou fun\u00e7\u00f5es de lideran\u00e7a geral e em \u00e1reas chaves como planejamento estrat\u00e9gico, comercial e desenvolvimento de neg\u00f3cios, com um profundo conhecimento dos mercados da Am\u00e9rica Latina e dos Estados Unidos. Sua experi\u00eancia inclui compet\u00eancias em planejamento estrat\u00e9gico, lideran\u00e7a de projetos, transforma\u00e7\u00e3o empresarial, an\u00e1lise, negocia\u00e7\u00e3o, inova\u00e7\u00e3o e trabalho em equipe.<\/p>\n\n\n\n<p>Apaixonado pela aprendizagem cont\u00ednua, atualmente faz parte da junta diretiva global da GBTA em representa\u00e7\u00e3o da LATAM. Al\u00e9m disso, ele atua como mentor para empreendedores em tecnologias limpas e \u00e9 jurado em compet\u00eancias de centros de empreendimento. Recentemente, voc\u00ea obteve a certifica\u00e7\u00e3o Scrum Master e uma especializa\u00e7\u00e3o em Blockchain. Pessoalmente, voc\u00ea \u00e9 casado, tem um cachorro Goldendoodle e correr\u00e1 a maratona de Nova York neste ano. Tamb\u00e9m \u00e9 um apaixonado pela astronomia, pela astrof\u00edsica e pelo golfe.<\/p>\n\n\n\n<figure class=\"wp-block-image size-large is-resized\"><img loading=\"lazy\" decoding=\"async\" width=\"768\" height=\"1024\" src=\"https:\/\/gbta.org\/wp-content\/uploads\/cardona-1-1-768x1024.png\" alt=\"cardona 1\" class=\"wp-image-18098\" style=\"width:369px;height:auto\" srcset=\"https:\/\/gbta.org\/wp-content\/uploads\/cardona-1-1-768x1024.png 768w, https:\/\/gbta.org\/wp-content\/uploads\/cardona-1-1-225x300.png 225w, https:\/\/gbta.org\/wp-content\/uploads\/cardona-1-1-9x12.png 9w, https:\/\/gbta.org\/wp-content\/uploads\/cardona-1-1.png 975w\" sizes=\"auto, (max-width: 768px) 100vw, 768px\" \/><\/figure>\n\n\n\n<p><strong>Sua motiva\u00e7\u00e3o como volunt\u00e1rio<\/strong><br><br>Quando voc\u00ea se pergunta por que decidiu dedicar-se temporariamente ao voluntariado, Felipe menciona que sempre houve uma de suas metas. \u201cSenti que o ciclo de recebimento de tantas oportunidades deveria ser retribu\u00eddo com voca\u00e7\u00e3o de servi\u00e7o. Ajudar outros que compartilham o desejo de avan\u00e7ar em suas carreiras \u00e9 uma satisfa\u00e7\u00e3o profunda\u201d. Para ele, o ensino e o servi\u00e7o desinteressado s\u00e3o pilares fundamentais para o crescimento pessoal e espiritual, e permite combinar sua habilidade para comunicar com sua paix\u00e3o por contribuir para o desenvolvimento dos demais.<\/p>\n\n\n\n<figure class=\"wp-block-image size-full is-resized\"><img loading=\"lazy\" decoding=\"async\" width=\"975\" height=\"731\" src=\"https:\/\/gbta.org\/wp-content\/uploads\/cardona2.png\" alt=\"cardona2\" class=\"wp-image-18097\" style=\"width:575px;height:auto\" srcset=\"https:\/\/gbta.org\/wp-content\/uploads\/cardona2.png 975w, https:\/\/gbta.org\/wp-content\/uploads\/cardona2-300x225.png 300w, https:\/\/gbta.org\/wp-content\/uploads\/cardona2-768x576.png 768w, https:\/\/gbta.org\/wp-content\/uploads\/cardona2-16x12.png 16w\" sizes=\"auto, (max-width: 975px) 100vw, 975px\" \/><\/figure>\n\n\n\n<p><strong>Mensaje para a Ind\u00fastria de Viagens de Neg\u00f3cios na Am\u00e9rica Latina<\/strong><br><br>Felipe compartilha uma mensagem inspirada para todos os profissionais da ind\u00fastria<strong>: \u201cSo\u00f1ar e reinventar. A vida \u00e9 uma jornada em constante movimento, e estar confort\u00e1vel com a mudan\u00e7a \u00e9 chave para aproveitar novas oportunidades. O c\u00e9rebro \u00e9 como um m\u00fasculo que deve ser exercido com novos retos e uma vis\u00e3o mais ampla do que o status quo. N\u00e3o vamos mudar, abrac\u00e9moslo con una sonrisa, porque \u00e9 isso que nos impulsiona a evoluir no \u00e2mbito pessoal e profissional\u201d.<br><\/strong><br>Este \u00e9 um chamado \u00e0 a\u00e7\u00e3o para manter-se conectado, atualizado e aberto \u00e0s transforma\u00e7\u00f5es que acontecem no mundo das viagens de neg\u00f3cios.<br><br><a href=\"http:\/\/https%3A%2F%2Fwww3.gbta.org%2Fe%2F5572%2Fin-felipecardonaf-%2F6v21gj%2F6190447779%2Fh%2FgizLaOw9JkFNEuLn77VYeGr_tq4BLFQSAsgeJ36F92o&amp;data=05%7C02%7Crjuarez%40gbta.org%7C6ba23f16897b4d3ba84708dcd8e67b6f%7C82808dbdcd83410b9a2d335b549ec8bd%7C0%7C0%7C638623731671397174%7CUnknown%7CTWFpbGZsb3d8eyJWIjoiMC4wLjAwMDAiLCJQIjoiV2luMzIiLCJBTiI6Ik1haWwiLCJXVCI6Mn0%3D%7C0%7C%7C%7C&amp;sdata=i3llsj%2BDVGBqkl2LsA3r3T4%2FCuyrhWlnsEqYUmaWyR0%3D&amp;reserved=0\" target=\"_blank\" rel=\"noreferrer noopener\"><em>Conecte-se com Felipe atrav\u00e9s do LinkedIn&nbsp;<\/em><\/a><\/p>","protected":false},"excerpt":{"rendered":"<p>Felipe Cardona, \u00e9 Administrador de Empresas com um MBA e uma ampla bandeja nas ind\u00fastrias de transporte, consumo massivo (CPG), seguros e gest\u00e3o de viagens. Ele desempenhou fun\u00e7\u00f5es de lideran\u00e7a geral e em \u00e1reas chaves como planejamento estrat\u00e9gico, comercial e desenvolvimento de neg\u00f3cios, com um profundo conhecimento dos mercados da Am\u00e9rica Latina e dos Estados Unidos. Su\u2026<\/p>","protected":false},"author":70,"featured_media":0,"comment_status":"open","ping_status":"open","sticky":false,"template":"","format":"standard","meta":{"_acf_changed":false,"_seopress_robots_primary_cat":"none","_seopress_titles_title":"","_seopress_titles_desc":"","_seopress_robots_index":"","om_disable_all_campaigns":false,"_relevanssi_hide_post":"","_relevanssi_hide_content":"","_relevanssi_pin_for_all":"","_relevanssi_pin_keywords":"","_relevanssi_unpin_keywords":"","_relevanssi_related_keywords":"","_relevanssi_related_include_ids":"","_relevanssi_related_exclude_ids":"","_relevanssi_related_no_append":"","_relevanssi_related_not_related":"","_relevanssi_related_posts":"725,2138,2341,2233,1029,1590","_relevanssi_noindex_reason":"","_kad_blocks_custom_css":"","_kad_blocks_head_custom_js":"","_kad_blocks_body_custom_js":"","_kad_blocks_footer_custom_js":"","_kad_post_transparent":"","_kad_post_title":"","_kad_post_layout":"","_kad_post_sidebar_id":"","_kad_post_content_style":"","_kad_post_vertical_padding":"","_kad_post_feature":"","_kad_post_feature_position":"","_kad_post_header":false,"_kad_post_footer":false,"footnotes":"","_links_to":"","_links_to_target":""},"categories":[106],"tags":[],"class_list":["post-18093","post","type-post","status-publish","format-standard","hentry","category-latin-america"],"acf":[],"featured_image_src_large":false,"author_info":{"display_name":"Ron Nucum","author_link":"https:\/\/gbta.org\/pt\/author\/rnucumgbta-org\/"},"comment_info":"","category_info":[{"term_id":106,"name":"Latin America","slug":"latin-america","term_group":0,"term_taxonomy_id":106,"taxonomy":"category","description":"","parent":0,"count":54,"filter":"raw","cat_ID":106,"category_count":54,"category_description":"","cat_name":"Latin America","category_nicename":"latin-america","category_parent":0}],"tag_info":false,"taxonomy_info":{"category":[{"value":106,"label":"Latin America"}]},"featured_image_src":null,"featured_image_src_square":null,"mfb_rest_fields":["featured_image_src_large","author_info","comment_info","category_info","tag_info","taxonomy_info","featured_image_src","featured_image_src_square"],"_links":{"self":[{"href":"https:\/\/gbta.org\/pt\/wp-json\/wp\/v2\/posts\/18093","targetHints":{"allow":["GET"]}}],"collection":[{"href":"https:\/\/gbta.org\/pt\/wp-json\/wp\/v2\/posts"}],"about":[{"href":"https:\/\/gbta.org\/pt\/wp-json\/wp\/v2\/types\/post"}],"author":[{"embeddable":true,"href":"https:\/\/gbta.org\/pt\/wp-json\/wp\/v2\/users\/70"}],"replies":[{"embeddable":true,"href":"https:\/\/gbta.org\/pt\/wp-json\/wp\/v2\/comments?post=18093"}],"version-history":[{"count":2,"href":"https:\/\/gbta.org\/pt\/wp-json\/wp\/v2\/posts\/18093\/revisions"}],"predecessor-version":[{"id":18960,"href":"https:\/\/gbta.org\/pt\/wp-json\/wp\/v2\/posts\/18093\/revisions\/18960"}],"wp:attachment":[{"href":"https:\/\/gbta.org\/pt\/wp-json\/wp\/v2\/media?parent=18093"}],"wp:term":[{"taxonomy":"category","embeddable":true,"href":"https:\/\/gbta.org\/pt\/wp-json\/wp\/v2\/categories?post=18093"},{"taxonomy":"post_tag","embeddable":true,"href":"https:\/\/gbta.org\/pt\/wp-json\/wp\/v2\/tags?post=18093"}],"curies":[{"name":"wp","href":"https:\/\/api.w.org\/{rel}","templated":true}]}}